{"id":58818,"date":"2022-11-21T12:01:02","date_gmt":"2022-11-21T11:01:02","guid":{"rendered":"https:\/\/www.blackfridaydeals.ch\/apple-ipad-9th-10-2-wifi-64gb-silver\/"},"modified":"2022-12-02T14:55:48","modified_gmt":"2022-12-02T13:55:48","slug":"apple-ipad-9th-10-2-wifi-64gb-silver","status":"publish","type":"post","link":"https:\/\/www.blackfridaydeals.ch\/it\/apple-ipad-9th-10-2-wifi-64gb-silver\/","title":{"rendered":"Apple iPad 9th 10.2 WiFi 64GB Space Grau"},"content":{"rendered":"<p>Durante la settimana del Black Friday da MediaMarkt \u00e8 possibile trovare l&#8217;Apple iPad 9th 10.2 WiFi con 64GB in Space Grey a un prezzo speciale. \u00c8 possibile acquistare l&#8217;iPad a 279 franchi anzich\u00e9 329.95 franchi.<\/p>\n","protected":false},"excerpt":{"rendered":"<p>Durante la settimana del Black Friday da MediaMarkt \u00e8 possibile trovare l&#8217;Apple iPad 9th 10.2 WiFi con 64GB in Space Grey a un prezzo speciale. \u00c8 possibile acquistare l&#8217;iPad a 279 franchi anzich\u00e9 329.95 franchi.<\/p>\n","protected":false},"author":40,"featured_media":57638,"comment_status":"open","ping_status":"closed","sticky":false,"template":"","format":"standard","meta":[],"categories":[15982],"tags":[9502],"dealstore":[491],"offerexpiration":[16317],"yoast_head":"<!-- This site is optimized with the Yoast SEO plugin v20.5 - https:\/\/yoast.com\/wordpress\/plugins\/seo\/ -->\n<title>Apple iPad 9th 10.2 WiFi 64GB Space Grau - blackfridaydeals.ch<\/title>\n<meta name=\"description\" content=\"Durante la settimana del Black Friday da MediaMarkt \u00e8 possibile trovare l&#039;Apple iPad 9th 10.2 WiFi con 64GB in Space Grey a un prezzo speciale. \u00c8\" \/>\n<meta name=\"robots\" content=\"noindex, nofollow\" \/>\n<meta property=\"og:locale\" content=\"it_IT\" \/>\n<meta property=\"og:type\" content=\"article\" \/>\n<meta property=\"og:title\" content=\"Apple iPad 9th 10.2 WiFi 64GB Space Grau - blackfridaydeals.ch\" \/>\n<meta property=\"og:description\" content=\"Durante la settimana del Black Friday da MediaMarkt \u00e8 possibile trovare l&#039;Apple iPad 9th 10.2 WiFi con 64GB in Space Grey a un prezzo speciale. \u00c8\" \/>\n<meta property=\"og:url\" content=\"https:\/\/www.blackfridaydeals.ch\/it\/apple-ipad-9th-10-2-wifi-64gb-silver\/\" \/>\n<meta property=\"og:site_name\" content=\"blackfridaydeals.ch\" \/>\n<meta property=\"article:publisher\" content=\"https:\/\/www.facebook.com\/blackfridaydealsch\/\" \/>\n<meta property=\"article:author\" content=\"https:\/\/www.facebook.com\/jueluz\/\" \/>\n<meta property=\"article:published_time\" content=\"2022-11-21T11:01:02+00:00\" \/>\n<meta property=\"article:modified_time\" content=\"2022-12-02T13:55:48+00:00\" \/>\n<meta property=\"og:image\" content=\"https:\/\/www.blackfridaydeals.ch\/wp-content\/uploads\/2022\/11\/Screenshot_82.png\" \/>\n\t<meta property=\"og:image:width\" content=\"600\" \/>\n\t<meta property=\"og:image:height\" content=\"400\" \/>\n\t<meta property=\"og:image:type\" content=\"image\/png\" \/>\n<meta name=\"author\" content=\"Julian Zrotz\" \/>\n<meta name=\"twitter:card\" content=\"summary_large_image\" \/>\n<meta name=\"twitter:creator\" content=\"@blackfridaych\" \/>\n<meta name=\"twitter:site\" content=\"@blackfridaych\" \/>\n<meta name=\"twitter:label1\" content=\"Written by\" \/>\n\t<meta name=\"twitter:data1\" content=\"Julian Zrotz\" \/>\n<script type=\"application\/ld+json\" class=\"yoast-schema-graph\">{\"@context\":\"https:\/\/schema.org\",\"@graph\":[{\"@type\":\"Article\",\"@id\":\"https:\/\/www.blackfridaydeals.ch\/it\/apple-ipad-9th-10-2-wifi-64gb-silver\/#article\",\"isPartOf\":{\"@id\":\"https:\/\/www.blackfridaydeals.ch\/it\/apple-ipad-9th-10-2-wifi-64gb-silver\/\"},\"author\":{\"name\":\"Julian Zrotz\",\"@id\":\"https:\/\/www.blackfridaydeals.ch\/it\/#\/schema\/person\/9100d4e4886da9d8414fa37987571c62\"},\"headline\":\"Apple iPad 9th 10.2 WiFi 64GB Space Grau\",\"datePublished\":\"2022-11-21T11:01:02+00:00\",\"dateModified\":\"2022-12-02T13:55:48+00:00\",\"mainEntityOfPage\":{\"@id\":\"https:\/\/www.blackfridaydeals.ch\/it\/apple-ipad-9th-10-2-wifi-64gb-silver\/\"},\"wordCount\":37,\"commentCount\":0,\"publisher\":{\"@id\":\"https:\/\/www.blackfridaydeals.ch\/it\/#organization\"},\"keywords\":[\"topelektro-it\"],\"articleSection\":[\"Top-Deals\"],\"inLanguage\":\"it-CH\",\"potentialAction\":[{\"@type\":\"CommentAction\",\"name\":\"Comment\",\"target\":[\"https:\/\/www.blackfridaydeals.ch\/it\/apple-ipad-9th-10-2-wifi-64gb-silver\/#respond\"]}]},{\"@type\":\"WebPage\",\"@id\":\"https:\/\/www.blackfridaydeals.ch\/it\/apple-ipad-9th-10-2-wifi-64gb-silver\/\",\"url\":\"https:\/\/www.blackfridaydeals.ch\/it\/apple-ipad-9th-10-2-wifi-64gb-silver\/\",\"name\":\"Apple iPad 9th 10.2 WiFi 64GB Space Grau - blackfridaydeals.ch\",\"isPartOf\":{\"@id\":\"https:\/\/www.blackfridaydeals.ch\/it\/#website\"},\"datePublished\":\"2022-11-21T11:01:02+00:00\",\"dateModified\":\"2022-12-02T13:55:48+00:00\",\"description\":\"Durante la settimana del Black Friday da MediaMarkt \u00e8 possibile trovare l'Apple iPad 9th 10.2 WiFi con 64GB in Space Grey a un prezzo speciale. \u00c8\",\"breadcrumb\":{\"@id\":\"https:\/\/www.blackfridaydeals.ch\/it\/apple-ipad-9th-10-2-wifi-64gb-silver\/#breadcrumb\"},\"inLanguage\":\"it-CH\",\"potentialAction\":[{\"@type\":\"ReadAction\",\"target\":[\"https:\/\/www.blackfridaydeals.ch\/it\/apple-ipad-9th-10-2-wifi-64gb-silver\/\"]}]},{\"@type\":\"BreadcrumbList\",\"@id\":\"https:\/\/www.blackfridaydeals.ch\/it\/apple-ipad-9th-10-2-wifi-64gb-silver\/#breadcrumb\",\"itemListElement\":[{\"@type\":\"ListItem\",\"position\":1,\"name\":\"Startseite\",\"item\":\"https:\/\/www.blackfridaydeals.ch\/it\/\"},{\"@type\":\"ListItem\",\"position\":2,\"name\":\"Apple iPad 9th 10.2 WiFi 64GB Space Grau\"}]},{\"@type\":\"WebSite\",\"@id\":\"https:\/\/www.blackfridaydeals.ch\/it\/#website\",\"url\":\"https:\/\/www.blackfridaydeals.ch\/it\/\",\"name\":\"blackfridaydeals.ch\",\"description\":\"Tutte le offerte del Black Friday 2025 in Svizzera\",\"publisher\":{\"@id\":\"https:\/\/www.blackfridaydeals.ch\/it\/#organization\"},\"alternateName\":\"Black Friday Deals\",\"potentialAction\":[{\"@type\":\"SearchAction\",\"target\":{\"@type\":\"EntryPoint\",\"urlTemplate\":\"https:\/\/www.blackfridaydeals.ch\/it\/?s={search_term_string}\"},\"query-input\":\"required name=search_term_string\"}],\"inLanguage\":\"it-CH\"},{\"@type\":\"Organization\",\"@id\":\"https:\/\/www.blackfridaydeals.ch\/it\/#organization\",\"name\":\"blackfridaydeals.ch\",\"alternateName\":\"Black Friday Deals\",\"url\":\"https:\/\/www.blackfridaydeals.ch\/it\/\",\"logo\":{\"@type\":\"ImageObject\",\"inLanguage\":\"it-CH\",\"@id\":\"https:\/\/www.blackfridaydeals.ch\/it\/#\/schema\/logo\/image\/\",\"url\":\"https:\/\/www.blackfridaydeals.ch\/wp-content\/uploads\/2023\/03\/app-icon-white-bg-jpg.jpg\",\"contentUrl\":\"https:\/\/www.blackfridaydeals.ch\/wp-content\/uploads\/2023\/03\/app-icon-white-bg-jpg.jpg\",\"width\":512,\"height\":512,\"caption\":\"blackfridaydeals.ch\"},\"image\":{\"@id\":\"https:\/\/www.blackfridaydeals.ch\/it\/#\/schema\/logo\/image\/\"},\"sameAs\":[\"https:\/\/www.facebook.com\/blackfridaydealsch\/\",\"https:\/\/twitter.com\/blackfridaych\",\"https:\/\/www.youtube.com\/channel\/UCNKXHacMw8AS34mBgzVx3FQ\",\"https:\/\/www.instagram.com\/blackfridaydeals.ch\/\"]},{\"@type\":\"Person\",\"@id\":\"https:\/\/www.blackfridaydeals.ch\/it\/#\/schema\/person\/9100d4e4886da9d8414fa37987571c62\",\"name\":\"Julian Zrotz\",\"image\":{\"@type\":\"ImageObject\",\"inLanguage\":\"it-CH\",\"@id\":\"https:\/\/www.blackfridaydeals.ch\/it\/#\/schema\/person\/image\/\",\"url\":\"https:\/\/secure.gravatar.com\/avatar\/da49c5ffe2b85d94c98cb0e0c28802e6?s=96&d=blank&r=g\",\"contentUrl\":\"https:\/\/secure.gravatar.com\/avatar\/da49c5ffe2b85d94c98cb0e0c28802e6?s=96&d=blank&r=g\",\"caption\":\"Julian Zrotz\"},\"description\":\"Bereits Jahre bevor der Black Friday in der Schweiz ankam, informierte sich Julian Zrotz \u00fcber das Shopping-Event in verschiedenen englischsprachigen Medien. Im 2015, als Manor als erster grosser Schweizer H\u00e4ndler das Event in die Schweiz brachte, besuchte Zrotz mehrere Filialen des Warenhauskonzerns, um aus erster Hand den Impact zu erleben, den das Shopping-Event in der Schweiz hat. Er beschloss blackfridaydeals.ch zu gr\u00fcnden. Seither informiert Julian Zrotz die Schweiz \u00fcber den Black Friday. Einerseits mit allgemeinen Informationen, Tipps &amp; Tricks und Prognosen zu allen grossen Schweizer Shops auf der Website blackfridaydeals.ch. Andererseits ist er ein gefragter Gespr\u00e4chspartner f\u00fcr Schweizer Medien. Mit seinen zahlreichen Medienauftritten hat er sich als der Black Friday Experte in der Schweiz etabliert.\",\"sameAs\":[\"https:\/\/www.facebook.com\/jueluz\/\",\"https:\/\/ch.linkedin.com\/in\/julian-zrotz-a4158119\"],\"url\":\"https:\/\/www.blackfridaydeals.ch\/it\/author\/juelu\/\"}]}<\/script>\n<!-- \/ Yoast SEO plugin. -->","yoast_head_json":{"title":"Apple iPad 9th 10.2 WiFi 64GB Space Grau - blackfridaydeals.ch","description":"Durante la settimana del Black Friday da MediaMarkt \u00e8 possibile trovare l'Apple iPad 9th 10.2 WiFi con 64GB in Space Grey a un prezzo speciale. \u00c8","robots":{"index":"noindex","follow":"nofollow"},"og_locale":"it_IT","og_type":"article","og_title":"Apple iPad 9th 10.2 WiFi 64GB Space Grau - blackfridaydeals.ch","og_description":"Durante la settimana del Black Friday da MediaMarkt \u00e8 possibile trovare l'Apple iPad 9th 10.2 WiFi con 64GB in Space Grey a un prezzo speciale. \u00c8","og_url":"https:\/\/www.blackfridaydeals.ch\/it\/apple-ipad-9th-10-2-wifi-64gb-silver\/","og_site_name":"blackfridaydeals.ch","article_publisher":"https:\/\/www.facebook.com\/blackfridaydealsch\/","article_author":"https:\/\/www.facebook.com\/jueluz\/","article_published_time":"2022-11-21T11:01:02+00:00","article_modified_time":"2022-12-02T13:55:48+00:00","og_image":[{"width":600,"height":400,"url":"https:\/\/www.blackfridaydeals.ch\/wp-content\/uploads\/2022\/11\/Screenshot_82.png","type":"image\/png"}],"author":"Julian Zrotz","twitter_card":"summary_large_image","twitter_creator":"@blackfridaych","twitter_site":"@blackfridaych","twitter_misc":{"Written by":"Julian Zrotz"},"schema":{"@context":"https:\/\/schema.org","@graph":[{"@type":"Article","@id":"https:\/\/www.blackfridaydeals.ch\/it\/apple-ipad-9th-10-2-wifi-64gb-silver\/#article","isPartOf":{"@id":"https:\/\/www.blackfridaydeals.ch\/it\/apple-ipad-9th-10-2-wifi-64gb-silver\/"},"author":{"name":"Julian Zrotz","@id":"https:\/\/www.blackfridaydeals.ch\/it\/#\/schema\/person\/9100d4e4886da9d8414fa37987571c62"},"headline":"Apple iPad 9th 10.2 WiFi 64GB Space Grau","datePublished":"2022-11-21T11:01:02+00:00","dateModified":"2022-12-02T13:55:48+00:00","mainEntityOfPage":{"@id":"https:\/\/www.blackfridaydeals.ch\/it\/apple-ipad-9th-10-2-wifi-64gb-silver\/"},"wordCount":37,"commentCount":0,"publisher":{"@id":"https:\/\/www.blackfridaydeals.ch\/it\/#organization"},"keywords":["topelektro-it"],"articleSection":["Top-Deals"],"inLanguage":"it-CH","potentialAction":[{"@type":"CommentAction","name":"Comment","target":["https:\/\/www.blackfridaydeals.ch\/it\/apple-ipad-9th-10-2-wifi-64gb-silver\/#respond"]}]},{"@type":"WebPage","@id":"https:\/\/www.blackfridaydeals.ch\/it\/apple-ipad-9th-10-2-wifi-64gb-silver\/","url":"https:\/\/www.blackfridaydeals.ch\/it\/apple-ipad-9th-10-2-wifi-64gb-silver\/","name":"Apple iPad 9th 10.2 WiFi 64GB Space Grau - blackfridaydeals.ch","isPartOf":{"@id":"https:\/\/www.blackfridaydeals.ch\/it\/#website"},"datePublished":"2022-11-21T11:01:02+00:00","dateModified":"2022-12-02T13:55:48+00:00","description":"Durante la settimana del Black Friday da MediaMarkt \u00e8 possibile trovare l'Apple iPad 9th 10.2 WiFi con 64GB in Space Grey a un prezzo speciale. \u00c8","breadcrumb":{"@id":"https:\/\/www.blackfridaydeals.ch\/it\/apple-ipad-9th-10-2-wifi-64gb-silver\/#breadcrumb"},"inLanguage":"it-CH","potentialAction":[{"@type":"ReadAction","target":["https:\/\/www.blackfridaydeals.ch\/it\/apple-ipad-9th-10-2-wifi-64gb-silver\/"]}]},{"@type":"BreadcrumbList","@id":"https:\/\/www.blackfridaydeals.ch\/it\/apple-ipad-9th-10-2-wifi-64gb-silver\/#breadcrumb","itemListElement":[{"@type":"ListItem","position":1,"name":"Startseite","item":"https:\/\/www.blackfridaydeals.ch\/it\/"},{"@type":"ListItem","position":2,"name":"Apple iPad 9th 10.2 WiFi 64GB Space Grau"}]},{"@type":"WebSite","@id":"https:\/\/www.blackfridaydeals.ch\/it\/#website","url":"https:\/\/www.blackfridaydeals.ch\/it\/","name":"blackfridaydeals.ch","description":"Tutte le offerte del Black Friday 2025 in Svizzera","publisher":{"@id":"https:\/\/www.blackfridaydeals.ch\/it\/#organization"},"alternateName":"Black Friday Deals","potentialAction":[{"@type":"SearchAction","target":{"@type":"EntryPoint","urlTemplate":"https:\/\/www.blackfridaydeals.ch\/it\/?s={search_term_string}"},"query-input":"required name=search_term_string"}],"inLanguage":"it-CH"},{"@type":"Organization","@id":"https:\/\/www.blackfridaydeals.ch\/it\/#organization","name":"blackfridaydeals.ch","alternateName":"Black Friday Deals","url":"https:\/\/www.blackfridaydeals.ch\/it\/","logo":{"@type":"ImageObject","inLanguage":"it-CH","@id":"https:\/\/www.blackfridaydeals.ch\/it\/#\/schema\/logo\/image\/","url":"https:\/\/www.blackfridaydeals.ch\/wp-content\/uploads\/2023\/03\/app-icon-white-bg-jpg.jpg","contentUrl":"https:\/\/www.blackfridaydeals.ch\/wp-content\/uploads\/2023\/03\/app-icon-white-bg-jpg.jpg","width":512,"height":512,"caption":"blackfridaydeals.ch"},"image":{"@id":"https:\/\/www.blackfridaydeals.ch\/it\/#\/schema\/logo\/image\/"},"sameAs":["https:\/\/www.facebook.com\/blackfridaydealsch\/","https:\/\/twitter.com\/blackfridaych","https:\/\/www.youtube.com\/channel\/UCNKXHacMw8AS34mBgzVx3FQ","https:\/\/www.instagram.com\/blackfridaydeals.ch\/"]},{"@type":"Person","@id":"https:\/\/www.blackfridaydeals.ch\/it\/#\/schema\/person\/9100d4e4886da9d8414fa37987571c62","name":"Julian Zrotz","image":{"@type":"ImageObject","inLanguage":"it-CH","@id":"https:\/\/www.blackfridaydeals.ch\/it\/#\/schema\/person\/image\/","url":"https:\/\/secure.gravatar.com\/avatar\/da49c5ffe2b85d94c98cb0e0c28802e6?s=96&d=blank&r=g","contentUrl":"https:\/\/secure.gravatar.com\/avatar\/da49c5ffe2b85d94c98cb0e0c28802e6?s=96&d=blank&r=g","caption":"Julian Zrotz"},"description":"Bereits Jahre bevor der Black Friday in der Schweiz ankam, informierte sich Julian Zrotz \u00fcber das Shopping-Event in verschiedenen englischsprachigen Medien. Im 2015, als Manor als erster grosser Schweizer H\u00e4ndler das Event in die Schweiz brachte, besuchte Zrotz mehrere Filialen des Warenhauskonzerns, um aus erster Hand den Impact zu erleben, den das Shopping-Event in der Schweiz hat. Er beschloss blackfridaydeals.ch zu gr\u00fcnden. Seither informiert Julian Zrotz die Schweiz \u00fcber den Black Friday. Einerseits mit allgemeinen Informationen, Tipps &amp; Tricks und Prognosen zu allen grossen Schweizer Shops auf der Website blackfridaydeals.ch. Andererseits ist er ein gefragter Gespr\u00e4chspartner f\u00fcr Schweizer Medien. Mit seinen zahlreichen Medienauftritten hat er sich als der Black Friday Experte in der Schweiz etabliert.","sameAs":["https:\/\/www.facebook.com\/jueluz\/","https:\/\/ch.linkedin.com\/in\/julian-zrotz-a4158119"],"url":"https:\/\/www.blackfridaydeals.ch\/it\/author\/juelu\/"}]}},"amp_enabled":true,"_links":{"self":[{"href":"https:\/\/www.blackfridaydeals.ch\/it\/wp-json\/wp\/v2\/posts\/58818"}],"collection":[{"href":"https:\/\/www.blackfridaydeals.ch\/it\/wp-json\/wp\/v2\/posts"}],"about":[{"href":"https:\/\/www.blackfridaydeals.ch\/it\/wp-json\/wp\/v2\/types\/post"}],"author":[{"embeddable":true,"href":"https:\/\/www.blackfridaydeals.ch\/it\/wp-json\/wp\/v2\/users\/40"}],"replies":[{"embeddable":true,"href":"https:\/\/www.blackfridaydeals.ch\/it\/wp-json\/wp\/v2\/comments?post=58818"}],"version-history":[{"count":2,"href":"https:\/\/www.blackfridaydeals.ch\/it\/wp-json\/wp\/v2\/posts\/58818\/revisions"}],"predecessor-version":[{"id":58998,"href":"https:\/\/www.blackfridaydeals.ch\/it\/wp-json\/wp\/v2\/posts\/58818\/revisions\/58998"}],"wp:featuredmedia":[{"embeddable":true,"href":"https:\/\/www.blackfridaydeals.ch\/it\/wp-json\/wp\/v2\/media\/57638"}],"wp:attachment":[{"href":"https:\/\/www.blackfridaydeals.ch\/it\/wp-json\/wp\/v2\/media?parent=58818"}],"wp:term":[{"taxonomy":"category","embeddable":true,"href":"https:\/\/www.blackfridaydeals.ch\/it\/wp-json\/wp\/v2\/categories?post=58818"},{"taxonomy":"post_tag","embeddable":true,"href":"https:\/\/www.blackfridaydeals.ch\/it\/wp-json\/wp\/v2\/tags?post=58818"},{"taxonomy":"dealstore","embeddable":true,"href":"https:\/\/www.blackfridaydeals.ch\/it\/wp-json\/wp\/v2\/dealstore?post=58818"},{"taxonomy":"offerexpiration","embeddable":true,"href":"https:\/\/www.blackfridaydeals.ch\/it\/wp-json\/wp\/v2\/offerexpiration?post=58818"}],"curies":[{"name":"wp","href":"https:\/\/api.w.org\/{rel}","templated":true}]}}