{"id":56864,"date":"2022-11-21T00:00:17","date_gmt":"2022-11-20T23:00:17","guid":{"rendered":"https:\/\/www.blackfridaydeals.ch\/?p=56864"},"modified":"2022-12-02T15:53:58","modified_gmt":"2022-12-02T14:53:58","slug":"talktalk-black-week","status":"publish","type":"post","link":"https:\/\/www.blackfridaydeals.ch\/it\/talktalk-black-week\/","title":{"rendered":"62% su TalkTalk Swiss Flat + Roaming S"},"content":{"rendered":"<p>La tua campagna di abbonamento alla telefonia mobile: Con TalkTalk Swiss Flat + Roaming S puoi navigare ed effettuare chiamate illimitate in Svizzera e all&#8217;estero con 1GB e 100 minuti di conversazione.<\/p>\n<p><img decoding=\"async\" class=\"aligncenter size-large wp-image-56861\" src=\"https:\/\/www.blackfridaydeals.ch\/wp-content\/uploads\/2022\/11\/Bilder_Plattformen_BlackFridayMobilezone_TalkTalk_IT-1024x577.jpg\" alt=\"\" width=\"840\" height=\"473\" srcset=\"https:\/\/www.blackfridaydeals.ch\/wp-content\/uploads\/2022\/11\/Bilder_Plattformen_BlackFridayMobilezone_TalkTalk_IT-1024x577.jpg 1024w, https:\/\/www.blackfridaydeals.ch\/wp-content\/uploads\/2022\/11\/Bilder_Plattformen_BlackFridayMobilezone_TalkTalk_IT-300x169.jpg 300w, https:\/\/www.blackfridaydeals.ch\/wp-content\/uploads\/2022\/11\/Bilder_Plattformen_BlackFridayMobilezone_TalkTalk_IT-767x432.jpg 767w, https:\/\/www.blackfridaydeals.ch\/wp-content\/uploads\/2022\/11\/Bilder_Plattformen_BlackFridayMobilezone_TalkTalk_IT-1536x865.jpg 1536w, https:\/\/www.blackfridaydeals.ch\/wp-content\/uploads\/2022\/11\/Bilder_Plattformen_BlackFridayMobilezone_TalkTalk_IT-2048x1153.jpg 2048w, https:\/\/www.blackfridaydeals.ch\/wp-content\/uploads\/2022\/11\/Bilder_Plattformen_BlackFridayMobilezone_TalkTalk_IT-788x443.jpg 788w, https:\/\/www.blackfridaydeals.ch\/wp-content\/uploads\/2022\/11\/Bilder_Plattformen_BlackFridayMobilezone_TalkTalk_IT.jpg 1680w\" sizes=\"(max-width: 840px) 100vw, 840px\" \/><\/p>\n","protected":false},"excerpt":{"rendered":"<p>La tua campagna di abbonamento alla telefonia mobile: Con TalkTalk Swiss Flat + Roaming S puoi navigare ed effettuare chiamate illimitate in Svizzera e all&#8217;estero con 1GB e 100 minuti di conversazione.<\/p>\n","protected":false},"author":309,"featured_media":56852,"comment_status":"open","ping_status":"closed","sticky":false,"template":"","format":"standard","meta":[],"categories":[15757],"tags":[9500],"dealstore":[],"offerexpiration":[16317],"yoast_head":"<!-- This site is optimized with the Yoast SEO plugin v20.5 - https:\/\/yoast.com\/wordpress\/plugins\/seo\/ -->\n<title>62% su TalkTalk Swiss Flat + Roaming S - Black Friday 2026<\/title>\n<meta name=\"description\" content=\"La tua campagna di abbonamento alla telefonia mobile: Con TalkTalk Swiss Flat + Roaming S puoi navigare ed effettuare chiamate illimitate in\" \/>\n<meta name=\"robots\" content=\"noindex, nofollow\" \/>\n<meta property=\"og:locale\" content=\"it_IT\" \/>\n<meta property=\"og:type\" content=\"article\" \/>\n<meta property=\"og:title\" content=\"62% su TalkTalk Swiss Flat + Roaming S - Black Friday 2026\" \/>\n<meta property=\"og:description\" content=\"La tua campagna di abbonamento alla telefonia mobile: Con TalkTalk Swiss Flat + Roaming S puoi navigare ed effettuare chiamate illimitate in\" \/>\n<meta property=\"og:url\" content=\"https:\/\/www.blackfridaydeals.ch\/it\/talktalk-black-week\/\" \/>\n<meta property=\"og:site_name\" content=\"blackfridaydeals.ch\" \/>\n<meta property=\"article:publisher\" content=\"https:\/\/www.facebook.com\/blackfridaydealsch\/\" \/>\n<meta property=\"article:published_time\" content=\"2022-11-20T23:00:17+00:00\" \/>\n<meta property=\"article:modified_time\" content=\"2022-12-02T14:53:58+00:00\" \/>\n<meta property=\"og:image\" content=\"https:\/\/www.blackfridaydeals.ch\/wp-content\/uploads\/2022\/11\/Bilder_Plattformen_BlackFridayMobilezone_TalkTalk-Logo.jpg\" \/>\n\t<meta property=\"og:image:width\" content=\"600\" \/>\n\t<meta property=\"og:image:height\" content=\"300\" \/>\n\t<meta property=\"og:image:type\" content=\"image\/jpeg\" \/>\n<meta name=\"author\" content=\"Rafael Imhof\" \/>\n<meta name=\"twitter:card\" content=\"summary_large_image\" \/>\n<meta name=\"twitter:creator\" content=\"@blackfridaych\" \/>\n<meta name=\"twitter:site\" content=\"@blackfridaych\" \/>\n<meta name=\"twitter:label1\" content=\"Written by\" \/>\n\t<meta name=\"twitter:data1\" content=\"Rafael Imhof\" \/>\n<script type=\"application\/ld+json\" class=\"yoast-schema-graph\">{\"@context\":\"https:\/\/schema.org\",\"@graph\":[{\"@type\":\"Article\",\"@id\":\"https:\/\/www.blackfridaydeals.ch\/it\/talktalk-black-week\/#article\",\"isPartOf\":{\"@id\":\"https:\/\/www.blackfridaydeals.ch\/it\/talktalk-black-week\/\"},\"author\":{\"name\":\"Rafael Imhof\",\"@id\":\"https:\/\/www.blackfridaydeals.ch\/it\/#\/schema\/person\/cb7a12b7ba2e6d4b46b9986bd692e30a\"},\"headline\":\"62% su TalkTalk Swiss Flat + Roaming S\",\"datePublished\":\"2022-11-20T23:00:17+00:00\",\"dateModified\":\"2022-12-02T14:53:58+00:00\",\"mainEntityOfPage\":{\"@id\":\"https:\/\/www.blackfridaydeals.ch\/it\/talktalk-black-week\/\"},\"wordCount\":36,\"commentCount\":0,\"publisher\":{\"@id\":\"https:\/\/www.blackfridaydeals.ch\/it\/#organization\"},\"keywords\":[\"platin-it\"],\"articleSection\":[\"Cellulari &amp; Abbonamenti\"],\"inLanguage\":\"it-CH\",\"potentialAction\":[{\"@type\":\"CommentAction\",\"name\":\"Comment\",\"target\":[\"https:\/\/www.blackfridaydeals.ch\/it\/talktalk-black-week\/#respond\"]}]},{\"@type\":\"WebPage\",\"@id\":\"https:\/\/www.blackfridaydeals.ch\/it\/talktalk-black-week\/\",\"url\":\"https:\/\/www.blackfridaydeals.ch\/it\/talktalk-black-week\/\",\"name\":\"62% su TalkTalk Swiss Flat + Roaming S - Black Friday 2026\",\"isPartOf\":{\"@id\":\"https:\/\/www.blackfridaydeals.ch\/it\/#website\"},\"datePublished\":\"2022-11-20T23:00:17+00:00\",\"dateModified\":\"2022-12-02T14:53:58+00:00\",\"description\":\"La tua campagna di abbonamento alla telefonia mobile: Con TalkTalk Swiss Flat + Roaming S puoi navigare ed effettuare chiamate illimitate in\",\"breadcrumb\":{\"@id\":\"https:\/\/www.blackfridaydeals.ch\/it\/talktalk-black-week\/#breadcrumb\"},\"inLanguage\":\"it-CH\",\"potentialAction\":[{\"@type\":\"ReadAction\",\"target\":[\"https:\/\/www.blackfridaydeals.ch\/it\/talktalk-black-week\/\"]}]},{\"@type\":\"BreadcrumbList\",\"@id\":\"https:\/\/www.blackfridaydeals.ch\/it\/talktalk-black-week\/#breadcrumb\",\"itemListElement\":[{\"@type\":\"ListItem\",\"position\":1,\"name\":\"Startseite\",\"item\":\"https:\/\/www.blackfridaydeals.ch\/it\/\"},{\"@type\":\"ListItem\",\"position\":2,\"name\":\"62% su TalkTalk Swiss Flat + Roaming S\"}]},{\"@type\":\"WebSite\",\"@id\":\"https:\/\/www.blackfridaydeals.ch\/it\/#website\",\"url\":\"https:\/\/www.blackfridaydeals.ch\/it\/\",\"name\":\"blackfridaydeals.ch\",\"description\":\"Tutte le offerte del Black Friday 2025 in Svizzera\",\"publisher\":{\"@id\":\"https:\/\/www.blackfridaydeals.ch\/it\/#organization\"},\"alternateName\":\"Black Friday Deals\",\"potentialAction\":[{\"@type\":\"SearchAction\",\"target\":{\"@type\":\"EntryPoint\",\"urlTemplate\":\"https:\/\/www.blackfridaydeals.ch\/it\/?s={search_term_string}\"},\"query-input\":\"required name=search_term_string\"}],\"inLanguage\":\"it-CH\"},{\"@type\":\"Organization\",\"@id\":\"https:\/\/www.blackfridaydeals.ch\/it\/#organization\",\"name\":\"blackfridaydeals.ch\",\"alternateName\":\"Black Friday Deals\",\"url\":\"https:\/\/www.blackfridaydeals.ch\/it\/\",\"logo\":{\"@type\":\"ImageObject\",\"inLanguage\":\"it-CH\",\"@id\":\"https:\/\/www.blackfridaydeals.ch\/it\/#\/schema\/logo\/image\/\",\"url\":\"https:\/\/www.blackfridaydeals.ch\/wp-content\/uploads\/2023\/03\/app-icon-white-bg-jpg.jpg\",\"contentUrl\":\"https:\/\/www.blackfridaydeals.ch\/wp-content\/uploads\/2023\/03\/app-icon-white-bg-jpg.jpg\",\"width\":512,\"height\":512,\"caption\":\"blackfridaydeals.ch\"},\"image\":{\"@id\":\"https:\/\/www.blackfridaydeals.ch\/it\/#\/schema\/logo\/image\/\"},\"sameAs\":[\"https:\/\/www.facebook.com\/blackfridaydealsch\/\",\"https:\/\/twitter.com\/blackfridaych\",\"https:\/\/www.youtube.com\/channel\/UCNKXHacMw8AS34mBgzVx3FQ\",\"https:\/\/www.instagram.com\/blackfridaydeals.ch\/\"]},{\"@type\":\"Person\",\"@id\":\"https:\/\/www.blackfridaydeals.ch\/it\/#\/schema\/person\/cb7a12b7ba2e6d4b46b9986bd692e30a\",\"name\":\"Rafael Imhof\",\"image\":{\"@type\":\"ImageObject\",\"inLanguage\":\"it-CH\",\"@id\":\"https:\/\/www.blackfridaydeals.ch\/it\/#\/schema\/person\/image\/\",\"url\":\"https:\/\/secure.gravatar.com\/avatar\/91717ab873a13691c2cc966cbf57499c?s=96&d=blank&r=g\",\"contentUrl\":\"https:\/\/secure.gravatar.com\/avatar\/91717ab873a13691c2cc966cbf57499c?s=96&d=blank&r=g\",\"caption\":\"Rafael Imhof\"},\"description\":\"Rafael ist bekannt f\u00fcr seine Begeisterung f\u00fcr Technologie und Elektronik, sowie f\u00fcr seine Liebe zum Reisen. Er ist stets auf der Suche nach neuen Wegen, um Geld zu sparen und dabei das bestm\u00f6gliche Angebot f\u00fcr sich und andere zu finden.\",\"sameAs\":[\"https:\/\/ch.linkedin.com\/in\/rafael-imhof-793284224\"],\"url\":\"https:\/\/www.blackfridaydeals.ch\/it\/author\/cranklegend\/\"}]}<\/script>\n<!-- \/ Yoast SEO plugin. -->","yoast_head_json":{"title":"62% su TalkTalk Swiss Flat + Roaming S - Black Friday 2026","description":"La tua campagna di abbonamento alla telefonia mobile: Con TalkTalk Swiss Flat + Roaming S puoi navigare ed effettuare chiamate illimitate in","robots":{"index":"noindex","follow":"nofollow"},"og_locale":"it_IT","og_type":"article","og_title":"62% su TalkTalk Swiss Flat + Roaming S - Black Friday 2026","og_description":"La tua campagna di abbonamento alla telefonia mobile: Con TalkTalk Swiss Flat + Roaming S puoi navigare ed effettuare chiamate illimitate in","og_url":"https:\/\/www.blackfridaydeals.ch\/it\/talktalk-black-week\/","og_site_name":"blackfridaydeals.ch","article_publisher":"https:\/\/www.facebook.com\/blackfridaydealsch\/","article_published_time":"2022-11-20T23:00:17+00:00","article_modified_time":"2022-12-02T14:53:58+00:00","og_image":[{"width":600,"height":300,"url":"https:\/\/www.blackfridaydeals.ch\/wp-content\/uploads\/2022\/11\/Bilder_Plattformen_BlackFridayMobilezone_TalkTalk-Logo.jpg","type":"image\/jpeg"}],"author":"Rafael Imhof","twitter_card":"summary_large_image","twitter_creator":"@blackfridaych","twitter_site":"@blackfridaych","twitter_misc":{"Written by":"Rafael Imhof"},"schema":{"@context":"https:\/\/schema.org","@graph":[{"@type":"Article","@id":"https:\/\/www.blackfridaydeals.ch\/it\/talktalk-black-week\/#article","isPartOf":{"@id":"https:\/\/www.blackfridaydeals.ch\/it\/talktalk-black-week\/"},"author":{"name":"Rafael Imhof","@id":"https:\/\/www.blackfridaydeals.ch\/it\/#\/schema\/person\/cb7a12b7ba2e6d4b46b9986bd692e30a"},"headline":"62% su TalkTalk Swiss Flat + Roaming S","datePublished":"2022-11-20T23:00:17+00:00","dateModified":"2022-12-02T14:53:58+00:00","mainEntityOfPage":{"@id":"https:\/\/www.blackfridaydeals.ch\/it\/talktalk-black-week\/"},"wordCount":36,"commentCount":0,"publisher":{"@id":"https:\/\/www.blackfridaydeals.ch\/it\/#organization"},"keywords":["platin-it"],"articleSection":["Cellulari &amp; Abbonamenti"],"inLanguage":"it-CH","potentialAction":[{"@type":"CommentAction","name":"Comment","target":["https:\/\/www.blackfridaydeals.ch\/it\/talktalk-black-week\/#respond"]}]},{"@type":"WebPage","@id":"https:\/\/www.blackfridaydeals.ch\/it\/talktalk-black-week\/","url":"https:\/\/www.blackfridaydeals.ch\/it\/talktalk-black-week\/","name":"62% su TalkTalk Swiss Flat + Roaming S - Black Friday 2026","isPartOf":{"@id":"https:\/\/www.blackfridaydeals.ch\/it\/#website"},"datePublished":"2022-11-20T23:00:17+00:00","dateModified":"2022-12-02T14:53:58+00:00","description":"La tua campagna di abbonamento alla telefonia mobile: Con TalkTalk Swiss Flat + Roaming S puoi navigare ed effettuare chiamate illimitate in","breadcrumb":{"@id":"https:\/\/www.blackfridaydeals.ch\/it\/talktalk-black-week\/#breadcrumb"},"inLanguage":"it-CH","potentialAction":[{"@type":"ReadAction","target":["https:\/\/www.blackfridaydeals.ch\/it\/talktalk-black-week\/"]}]},{"@type":"BreadcrumbList","@id":"https:\/\/www.blackfridaydeals.ch\/it\/talktalk-black-week\/#breadcrumb","itemListElement":[{"@type":"ListItem","position":1,"name":"Startseite","item":"https:\/\/www.blackfridaydeals.ch\/it\/"},{"@type":"ListItem","position":2,"name":"62% su TalkTalk Swiss Flat + Roaming S"}]},{"@type":"WebSite","@id":"https:\/\/www.blackfridaydeals.ch\/it\/#website","url":"https:\/\/www.blackfridaydeals.ch\/it\/","name":"blackfridaydeals.ch","description":"Tutte le offerte del Black Friday 2025 in Svizzera","publisher":{"@id":"https:\/\/www.blackfridaydeals.ch\/it\/#organization"},"alternateName":"Black Friday Deals","potentialAction":[{"@type":"SearchAction","target":{"@type":"EntryPoint","urlTemplate":"https:\/\/www.blackfridaydeals.ch\/it\/?s={search_term_string}"},"query-input":"required name=search_term_string"}],"inLanguage":"it-CH"},{"@type":"Organization","@id":"https:\/\/www.blackfridaydeals.ch\/it\/#organization","name":"blackfridaydeals.ch","alternateName":"Black Friday Deals","url":"https:\/\/www.blackfridaydeals.ch\/it\/","logo":{"@type":"ImageObject","inLanguage":"it-CH","@id":"https:\/\/www.blackfridaydeals.ch\/it\/#\/schema\/logo\/image\/","url":"https:\/\/www.blackfridaydeals.ch\/wp-content\/uploads\/2023\/03\/app-icon-white-bg-jpg.jpg","contentUrl":"https:\/\/www.blackfridaydeals.ch\/wp-content\/uploads\/2023\/03\/app-icon-white-bg-jpg.jpg","width":512,"height":512,"caption":"blackfridaydeals.ch"},"image":{"@id":"https:\/\/www.blackfridaydeals.ch\/it\/#\/schema\/logo\/image\/"},"sameAs":["https:\/\/www.facebook.com\/blackfridaydealsch\/","https:\/\/twitter.com\/blackfridaych","https:\/\/www.youtube.com\/channel\/UCNKXHacMw8AS34mBgzVx3FQ","https:\/\/www.instagram.com\/blackfridaydeals.ch\/"]},{"@type":"Person","@id":"https:\/\/www.blackfridaydeals.ch\/it\/#\/schema\/person\/cb7a12b7ba2e6d4b46b9986bd692e30a","name":"Rafael Imhof","image":{"@type":"ImageObject","inLanguage":"it-CH","@id":"https:\/\/www.blackfridaydeals.ch\/it\/#\/schema\/person\/image\/","url":"https:\/\/secure.gravatar.com\/avatar\/91717ab873a13691c2cc966cbf57499c?s=96&d=blank&r=g","contentUrl":"https:\/\/secure.gravatar.com\/avatar\/91717ab873a13691c2cc966cbf57499c?s=96&d=blank&r=g","caption":"Rafael Imhof"},"description":"Rafael ist bekannt f\u00fcr seine Begeisterung f\u00fcr Technologie und Elektronik, sowie f\u00fcr seine Liebe zum Reisen. Er ist stets auf der Suche nach neuen Wegen, um Geld zu sparen und dabei das bestm\u00f6gliche Angebot f\u00fcr sich und andere zu finden.","sameAs":["https:\/\/ch.linkedin.com\/in\/rafael-imhof-793284224"],"url":"https:\/\/www.blackfridaydeals.ch\/it\/author\/cranklegend\/"}]}},"amp_enabled":true,"_links":{"self":[{"href":"https:\/\/www.blackfridaydeals.ch\/it\/wp-json\/wp\/v2\/posts\/56864"}],"collection":[{"href":"https:\/\/www.blackfridaydeals.ch\/it\/wp-json\/wp\/v2\/posts"}],"about":[{"href":"https:\/\/www.blackfridaydeals.ch\/it\/wp-json\/wp\/v2\/types\/post"}],"author":[{"embeddable":true,"href":"https:\/\/www.blackfridaydeals.ch\/it\/wp-json\/wp\/v2\/users\/309"}],"replies":[{"embeddable":true,"href":"https:\/\/www.blackfridaydeals.ch\/it\/wp-json\/wp\/v2\/comments?post=56864"}],"version-history":[{"count":3,"href":"https:\/\/www.blackfridaydeals.ch\/it\/wp-json\/wp\/v2\/posts\/56864\/revisions"}],"predecessor-version":[{"id":56886,"href":"https:\/\/www.blackfridaydeals.ch\/it\/wp-json\/wp\/v2\/posts\/56864\/revisions\/56886"}],"wp:featuredmedia":[{"embeddable":true,"href":"https:\/\/www.blackfridaydeals.ch\/it\/wp-json\/wp\/v2\/media\/56852"}],"wp:attachment":[{"href":"https:\/\/www.blackfridaydeals.ch\/it\/wp-json\/wp\/v2\/media?parent=56864"}],"wp:term":[{"taxonomy":"category","embeddable":true,"href":"https:\/\/www.blackfridaydeals.ch\/it\/wp-json\/wp\/v2\/categories?post=56864"},{"taxonomy":"post_tag","embeddable":true,"href":"https:\/\/www.blackfridaydeals.ch\/it\/wp-json\/wp\/v2\/tags?post=56864"},{"taxonomy":"dealstore","embeddable":true,"href":"https:\/\/www.blackfridaydeals.ch\/it\/wp-json\/wp\/v2\/dealstore?post=56864"},{"taxonomy":"offerexpiration","embeddable":true,"href":"https:\/\/www.blackfridaydeals.ch\/it\/wp-json\/wp\/v2\/offerexpiration?post=56864"}],"curies":[{"name":"wp","href":"https:\/\/api.w.org\/{rel}","templated":true}]}}