{"id":75345,"date":"2024-06-11T00:01:56","date_gmt":"2024-06-10T22:01:56","guid":{"rendered":"https:\/\/www.blackfridaydeals.ch\/?p=75345"},"modified":"2025-02-04T15:57:36","modified_gmt":"2025-02-04T14:57:36","slug":"yallo-black-pour-chf-24-90","status":"publish","type":"post","link":"https:\/\/www.blackfridaydeals.ch\/fr\/yallo-black-pour-chf-24-90\/","title":{"rendered":"yallo BLACK pour CHF 24.90"},"content":{"rendered":"<p>Le Summer Black Friday a commenc\u00e9 chez yallo !<\/p>\n<p>Le point fort devrait \u00eatre actuellement l&#8217;abonnement yallo BLACK. Pour seulement 24.90 francs par mois, tu b\u00e9n\u00e9ficies des prestations suivantes :<\/p>\n<ul>\n<li>Appels illimit\u00e9s en Suisse<\/li>\n<li>SMS\/MMS illimit\u00e9s en Suisse<\/li>\n<li>Volume de donn\u00e9es illimit\u00e9 en Suisse avec 5G<\/li>\n<li>Roaming dans l&#8217;UE\/USA\/Canada : volume de donn\u00e9es illimit\u00e9 (40 GB en Highspeed).<\/li>\n<\/ul>\n<p>Un tel rapport qualit\u00e9\/prix n&#8217;existe nulle part ailleurs.<\/p>\n<p>Le deal n&#8217;est valable que jusqu&#8217;au 26.06. Ensuite, il y aura de nouvelles offres !<\/p>\n","protected":false},"excerpt":{"rendered":"<p>Le Summer Black Friday a commenc\u00e9 chez yallo ! Le point fort devrait \u00eatre actuellement l&#8217;abonnement yallo BLACK. Pour seulement 24.90 francs par mois, tu b\u00e9n\u00e9ficies des prestations suivantes : Appels illimit\u00e9s en Suisse SMS\/MMS illimit\u00e9s en Suisse Volume de donn\u00e9es illimit\u00e9 en Suisse avec 5G Roaming dans l&#8217;UE\/USA\/Canada : volume de donn\u00e9es illimit\u00e9 (40 [&hellip;]<\/p>\n","protected":false},"author":316,"featured_media":74266,"comment_status":"open","ping_status":"closed","sticky":false,"template":"","format":"standard","meta":[],"categories":[14212],"tags":[16558],"dealstore":[4384],"offerexpiration":[16317],"yoast_head":"<!-- This site is optimized with the Yoast SEO plugin v20.5 - https:\/\/yoast.com\/wordpress\/plugins\/seo\/ -->\n<title>yallo BLACK pour CHF 24.90 - blackfridaydeals.ch<\/title>\n<meta name=\"description\" content=\"Le Summer Black Friday a commenc\u00e9 chez yallo ! Le point fort devrait \u00eatre actuellement l&#039;abonnement yallo BLACK. Pour seulement 24.90 francs par mois, tu\" \/>\n<meta name=\"robots\" content=\"noindex, nofollow\" \/>\n<meta property=\"og:locale\" content=\"fr_FR\" \/>\n<meta property=\"og:type\" content=\"article\" \/>\n<meta property=\"og:title\" content=\"yallo BLACK pour CHF 24.90 - blackfridaydeals.ch\" \/>\n<meta property=\"og:description\" content=\"Le Summer Black Friday a commenc\u00e9 chez yallo ! Le point fort devrait \u00eatre actuellement l&#039;abonnement yallo BLACK. Pour seulement 24.90 francs par mois, tu\" \/>\n<meta property=\"og:url\" content=\"https:\/\/www.blackfridaydeals.ch\/fr\/yallo-black-pour-chf-24-90\/\" \/>\n<meta property=\"og:site_name\" content=\"blackfridaydeals.ch\" \/>\n<meta property=\"article:publisher\" content=\"https:\/\/www.facebook.com\/blackfridaydealsch\/\" \/>\n<meta property=\"article:published_time\" content=\"2024-06-10T22:01:56+00:00\" \/>\n<meta property=\"article:modified_time\" content=\"2025-02-04T14:57:36+00:00\" \/>\n<meta property=\"og:image\" content=\"https:\/\/www.blackfridaydeals.ch\/wp-content\/uploads\/2023\/11\/yallo_Logo_Petrol-3.png\" \/>\n\t<meta property=\"og:image:width\" content=\"600\" \/>\n\t<meta property=\"og:image:height\" content=\"300\" \/>\n\t<meta property=\"og:image:type\" content=\"image\/png\" \/>\n<meta name=\"author\" content=\"Matteo Palermo\" \/>\n<meta name=\"twitter:card\" content=\"summary_large_image\" \/>\n<meta name=\"twitter:creator\" content=\"@blackfridaych\" \/>\n<meta name=\"twitter:site\" content=\"@blackfridaych\" \/>\n<meta name=\"twitter:label1\" content=\"Written by\" \/>\n\t<meta name=\"twitter:data1\" content=\"Matteo Palermo\" \/>\n\t<meta name=\"twitter:label2\" content=\"Est. reading time\" \/>\n\t<meta name=\"twitter:data2\" content=\"1 minute\" \/>\n<script type=\"application\/ld+json\" class=\"yoast-schema-graph\">{\"@context\":\"https:\/\/schema.org\",\"@graph\":[{\"@type\":\"Article\",\"@id\":\"https:\/\/www.blackfridaydeals.ch\/fr\/yallo-black-pour-chf-24-90\/#article\",\"isPartOf\":{\"@id\":\"https:\/\/www.blackfridaydeals.ch\/fr\/yallo-black-pour-chf-24-90\/\"},\"author\":{\"name\":\"Matteo Palermo\",\"@id\":\"https:\/\/www.blackfridaydeals.ch\/fr\/#\/schema\/person\/be86aee6197a3c7ba9e2e33d7abca74b\"},\"headline\":\"yallo BLACK pour CHF 24.90\",\"datePublished\":\"2024-06-10T22:01:56+00:00\",\"dateModified\":\"2025-02-04T14:57:36+00:00\",\"mainEntityOfPage\":{\"@id\":\"https:\/\/www.blackfridaydeals.ch\/fr\/yallo-black-pour-chf-24-90\/\"},\"wordCount\":88,\"commentCount\":0,\"publisher\":{\"@id\":\"https:\/\/www.blackfridaydeals.ch\/fr\/#organization\"},\"keywords\":[\"vorevent\"],\"articleSection\":[\"Top-Deals\"],\"inLanguage\":\"fr-CH\",\"potentialAction\":[{\"@type\":\"CommentAction\",\"name\":\"Comment\",\"target\":[\"https:\/\/www.blackfridaydeals.ch\/fr\/yallo-black-pour-chf-24-90\/#respond\"]}]},{\"@type\":\"WebPage\",\"@id\":\"https:\/\/www.blackfridaydeals.ch\/fr\/yallo-black-pour-chf-24-90\/\",\"url\":\"https:\/\/www.blackfridaydeals.ch\/fr\/yallo-black-pour-chf-24-90\/\",\"name\":\"yallo BLACK pour CHF 24.90 - blackfridaydeals.ch\",\"isPartOf\":{\"@id\":\"https:\/\/www.blackfridaydeals.ch\/fr\/#website\"},\"datePublished\":\"2024-06-10T22:01:56+00:00\",\"dateModified\":\"2025-02-04T14:57:36+00:00\",\"description\":\"Le Summer Black Friday a commenc\u00e9 chez yallo ! Le point fort devrait \u00eatre actuellement l'abonnement yallo BLACK. Pour seulement 24.90 francs par mois, tu\",\"breadcrumb\":{\"@id\":\"https:\/\/www.blackfridaydeals.ch\/fr\/yallo-black-pour-chf-24-90\/#breadcrumb\"},\"inLanguage\":\"fr-CH\",\"potentialAction\":[{\"@type\":\"ReadAction\",\"target\":[\"https:\/\/www.blackfridaydeals.ch\/fr\/yallo-black-pour-chf-24-90\/\"]}]},{\"@type\":\"BreadcrumbList\",\"@id\":\"https:\/\/www.blackfridaydeals.ch\/fr\/yallo-black-pour-chf-24-90\/#breadcrumb\",\"itemListElement\":[{\"@type\":\"ListItem\",\"position\":1,\"name\":\"Startseite\",\"item\":\"https:\/\/www.blackfridaydeals.ch\/fr\/\"},{\"@type\":\"ListItem\",\"position\":2,\"name\":\"yallo BLACK pour CHF 24.90\"}]},{\"@type\":\"WebSite\",\"@id\":\"https:\/\/www.blackfridaydeals.ch\/fr\/#website\",\"url\":\"https:\/\/www.blackfridaydeals.ch\/fr\/\",\"name\":\"blackfridaydeals.ch\",\"description\":\"Toutes les offres du Black Friday 2025 en Suisse\",\"publisher\":{\"@id\":\"https:\/\/www.blackfridaydeals.ch\/fr\/#organization\"},\"alternateName\":\"Black Friday Deals\",\"potentialAction\":[{\"@type\":\"SearchAction\",\"target\":{\"@type\":\"EntryPoint\",\"urlTemplate\":\"https:\/\/www.blackfridaydeals.ch\/fr\/?s={search_term_string}\"},\"query-input\":\"required name=search_term_string\"}],\"inLanguage\":\"fr-CH\"},{\"@type\":\"Organization\",\"@id\":\"https:\/\/www.blackfridaydeals.ch\/fr\/#organization\",\"name\":\"blackfridaydeals.ch\",\"alternateName\":\"Black Friday Deals\",\"url\":\"https:\/\/www.blackfridaydeals.ch\/fr\/\",\"logo\":{\"@type\":\"ImageObject\",\"inLanguage\":\"fr-CH\",\"@id\":\"https:\/\/www.blackfridaydeals.ch\/fr\/#\/schema\/logo\/image\/\",\"url\":\"https:\/\/www.blackfridaydeals.ch\/wp-content\/uploads\/2023\/03\/app-icon-white-bg-jpg.jpg\",\"contentUrl\":\"https:\/\/www.blackfridaydeals.ch\/wp-content\/uploads\/2023\/03\/app-icon-white-bg-jpg.jpg\",\"width\":512,\"height\":512,\"caption\":\"blackfridaydeals.ch\"},\"image\":{\"@id\":\"https:\/\/www.blackfridaydeals.ch\/fr\/#\/schema\/logo\/image\/\"},\"sameAs\":[\"https:\/\/www.facebook.com\/blackfridaydealsch\/\",\"https:\/\/twitter.com\/blackfridaych\",\"https:\/\/www.youtube.com\/channel\/UCNKXHacMw8AS34mBgzVx3FQ\",\"https:\/\/www.instagram.com\/blackfridaydeals.ch\/\"]},{\"@type\":\"Person\",\"@id\":\"https:\/\/www.blackfridaydeals.ch\/fr\/#\/schema\/person\/be86aee6197a3c7ba9e2e33d7abca74b\",\"name\":\"Matteo Palermo\",\"image\":{\"@type\":\"ImageObject\",\"inLanguage\":\"fr-CH\",\"@id\":\"https:\/\/www.blackfridaydeals.ch\/fr\/#\/schema\/person\/image\/\",\"url\":\"https:\/\/secure.gravatar.com\/avatar\/7f0b27dde998c3217c70a3ecbec8f309?s=96&d=blank&r=g\",\"contentUrl\":\"https:\/\/secure.gravatar.com\/avatar\/7f0b27dde998c3217c70a3ecbec8f309?s=96&d=blank&r=g\",\"caption\":\"Matteo Palermo\"},\"description\":\"Matteo ist ein Schn\u00e4ppchenj\u00e4ger durch und durch. W\u00e4hrend einer langen Zeit hat er sich um alle Partner-Angebote auf der Deal-Website Preispirat und auf blackfridaydeals.ch gek\u00fcmmert. Heute arbeitet er im Crypto-Bereich.\",\"sameAs\":[\"https:\/\/www.linkedin.com\/in\/matteo-palermo-25542b1b9\/\"],\"url\":\"https:\/\/www.blackfridaydeals.ch\/fr\/author\/pvlermo\/\"}]}<\/script>\n<!-- \/ Yoast SEO plugin. -->","yoast_head_json":{"title":"yallo BLACK pour CHF 24.90 - blackfridaydeals.ch","description":"Le Summer Black Friday a commenc\u00e9 chez yallo ! Le point fort devrait \u00eatre actuellement l'abonnement yallo BLACK. Pour seulement 24.90 francs par mois, tu","robots":{"index":"noindex","follow":"nofollow"},"og_locale":"fr_FR","og_type":"article","og_title":"yallo BLACK pour CHF 24.90 - blackfridaydeals.ch","og_description":"Le Summer Black Friday a commenc\u00e9 chez yallo ! Le point fort devrait \u00eatre actuellement l'abonnement yallo BLACK. Pour seulement 24.90 francs par mois, tu","og_url":"https:\/\/www.blackfridaydeals.ch\/fr\/yallo-black-pour-chf-24-90\/","og_site_name":"blackfridaydeals.ch","article_publisher":"https:\/\/www.facebook.com\/blackfridaydealsch\/","article_published_time":"2024-06-10T22:01:56+00:00","article_modified_time":"2025-02-04T14:57:36+00:00","og_image":[{"width":600,"height":300,"url":"https:\/\/www.blackfridaydeals.ch\/wp-content\/uploads\/2023\/11\/yallo_Logo_Petrol-3.png","type":"image\/png"}],"author":"Matteo Palermo","twitter_card":"summary_large_image","twitter_creator":"@blackfridaych","twitter_site":"@blackfridaych","twitter_misc":{"Written by":"Matteo Palermo","Est. reading time":"1 minute"},"schema":{"@context":"https:\/\/schema.org","@graph":[{"@type":"Article","@id":"https:\/\/www.blackfridaydeals.ch\/fr\/yallo-black-pour-chf-24-90\/#article","isPartOf":{"@id":"https:\/\/www.blackfridaydeals.ch\/fr\/yallo-black-pour-chf-24-90\/"},"author":{"name":"Matteo Palermo","@id":"https:\/\/www.blackfridaydeals.ch\/fr\/#\/schema\/person\/be86aee6197a3c7ba9e2e33d7abca74b"},"headline":"yallo BLACK pour CHF 24.90","datePublished":"2024-06-10T22:01:56+00:00","dateModified":"2025-02-04T14:57:36+00:00","mainEntityOfPage":{"@id":"https:\/\/www.blackfridaydeals.ch\/fr\/yallo-black-pour-chf-24-90\/"},"wordCount":88,"commentCount":0,"publisher":{"@id":"https:\/\/www.blackfridaydeals.ch\/fr\/#organization"},"keywords":["vorevent"],"articleSection":["Top-Deals"],"inLanguage":"fr-CH","potentialAction":[{"@type":"CommentAction","name":"Comment","target":["https:\/\/www.blackfridaydeals.ch\/fr\/yallo-black-pour-chf-24-90\/#respond"]}]},{"@type":"WebPage","@id":"https:\/\/www.blackfridaydeals.ch\/fr\/yallo-black-pour-chf-24-90\/","url":"https:\/\/www.blackfridaydeals.ch\/fr\/yallo-black-pour-chf-24-90\/","name":"yallo BLACK pour CHF 24.90 - blackfridaydeals.ch","isPartOf":{"@id":"https:\/\/www.blackfridaydeals.ch\/fr\/#website"},"datePublished":"2024-06-10T22:01:56+00:00","dateModified":"2025-02-04T14:57:36+00:00","description":"Le Summer Black Friday a commenc\u00e9 chez yallo ! Le point fort devrait \u00eatre actuellement l'abonnement yallo BLACK. Pour seulement 24.90 francs par mois, tu","breadcrumb":{"@id":"https:\/\/www.blackfridaydeals.ch\/fr\/yallo-black-pour-chf-24-90\/#breadcrumb"},"inLanguage":"fr-CH","potentialAction":[{"@type":"ReadAction","target":["https:\/\/www.blackfridaydeals.ch\/fr\/yallo-black-pour-chf-24-90\/"]}]},{"@type":"BreadcrumbList","@id":"https:\/\/www.blackfridaydeals.ch\/fr\/yallo-black-pour-chf-24-90\/#breadcrumb","itemListElement":[{"@type":"ListItem","position":1,"name":"Startseite","item":"https:\/\/www.blackfridaydeals.ch\/fr\/"},{"@type":"ListItem","position":2,"name":"yallo BLACK pour CHF 24.90"}]},{"@type":"WebSite","@id":"https:\/\/www.blackfridaydeals.ch\/fr\/#website","url":"https:\/\/www.blackfridaydeals.ch\/fr\/","name":"blackfridaydeals.ch","description":"Toutes les offres du Black Friday 2025 en Suisse","publisher":{"@id":"https:\/\/www.blackfridaydeals.ch\/fr\/#organization"},"alternateName":"Black Friday Deals","potentialAction":[{"@type":"SearchAction","target":{"@type":"EntryPoint","urlTemplate":"https:\/\/www.blackfridaydeals.ch\/fr\/?s={search_term_string}"},"query-input":"required name=search_term_string"}],"inLanguage":"fr-CH"},{"@type":"Organization","@id":"https:\/\/www.blackfridaydeals.ch\/fr\/#organization","name":"blackfridaydeals.ch","alternateName":"Black Friday Deals","url":"https:\/\/www.blackfridaydeals.ch\/fr\/","logo":{"@type":"ImageObject","inLanguage":"fr-CH","@id":"https:\/\/www.blackfridaydeals.ch\/fr\/#\/schema\/logo\/image\/","url":"https:\/\/www.blackfridaydeals.ch\/wp-content\/uploads\/2023\/03\/app-icon-white-bg-jpg.jpg","contentUrl":"https:\/\/www.blackfridaydeals.ch\/wp-content\/uploads\/2023\/03\/app-icon-white-bg-jpg.jpg","width":512,"height":512,"caption":"blackfridaydeals.ch"},"image":{"@id":"https:\/\/www.blackfridaydeals.ch\/fr\/#\/schema\/logo\/image\/"},"sameAs":["https:\/\/www.facebook.com\/blackfridaydealsch\/","https:\/\/twitter.com\/blackfridaych","https:\/\/www.youtube.com\/channel\/UCNKXHacMw8AS34mBgzVx3FQ","https:\/\/www.instagram.com\/blackfridaydeals.ch\/"]},{"@type":"Person","@id":"https:\/\/www.blackfridaydeals.ch\/fr\/#\/schema\/person\/be86aee6197a3c7ba9e2e33d7abca74b","name":"Matteo Palermo","image":{"@type":"ImageObject","inLanguage":"fr-CH","@id":"https:\/\/www.blackfridaydeals.ch\/fr\/#\/schema\/person\/image\/","url":"https:\/\/secure.gravatar.com\/avatar\/7f0b27dde998c3217c70a3ecbec8f309?s=96&d=blank&r=g","contentUrl":"https:\/\/secure.gravatar.com\/avatar\/7f0b27dde998c3217c70a3ecbec8f309?s=96&d=blank&r=g","caption":"Matteo Palermo"},"description":"Matteo ist ein Schn\u00e4ppchenj\u00e4ger durch und durch. W\u00e4hrend einer langen Zeit hat er sich um alle Partner-Angebote auf der Deal-Website Preispirat und auf blackfridaydeals.ch gek\u00fcmmert. Heute arbeitet er im Crypto-Bereich.","sameAs":["https:\/\/www.linkedin.com\/in\/matteo-palermo-25542b1b9\/"],"url":"https:\/\/www.blackfridaydeals.ch\/fr\/author\/pvlermo\/"}]}},"amp_enabled":true,"_links":{"self":[{"href":"https:\/\/www.blackfridaydeals.ch\/fr\/wp-json\/wp\/v2\/posts\/75345"}],"collection":[{"href":"https:\/\/www.blackfridaydeals.ch\/fr\/wp-json\/wp\/v2\/posts"}],"about":[{"href":"https:\/\/www.blackfridaydeals.ch\/fr\/wp-json\/wp\/v2\/types\/post"}],"author":[{"embeddable":true,"href":"https:\/\/www.blackfridaydeals.ch\/fr\/wp-json\/wp\/v2\/users\/316"}],"replies":[{"embeddable":true,"href":"https:\/\/www.blackfridaydeals.ch\/fr\/wp-json\/wp\/v2\/comments?post=75345"}],"version-history":[{"count":1,"href":"https:\/\/www.blackfridaydeals.ch\/fr\/wp-json\/wp\/v2\/posts\/75345\/revisions"}],"predecessor-version":[{"id":75347,"href":"https:\/\/www.blackfridaydeals.ch\/fr\/wp-json\/wp\/v2\/posts\/75345\/revisions\/75347"}],"wp:featuredmedia":[{"embeddable":true,"href":"https:\/\/www.blackfridaydeals.ch\/fr\/wp-json\/wp\/v2\/media\/74266"}],"wp:attachment":[{"href":"https:\/\/www.blackfridaydeals.ch\/fr\/wp-json\/wp\/v2\/media?parent=75345"}],"wp:term":[{"taxonomy":"category","embeddable":true,"href":"https:\/\/www.blackfridaydeals.ch\/fr\/wp-json\/wp\/v2\/categories?post=75345"},{"taxonomy":"post_tag","embeddable":true,"href":"https:\/\/www.blackfridaydeals.ch\/fr\/wp-json\/wp\/v2\/tags?post=75345"},{"taxonomy":"dealstore","embeddable":true,"href":"https:\/\/www.blackfridaydeals.ch\/fr\/wp-json\/wp\/v2\/dealstore?post=75345"},{"taxonomy":"offerexpiration","embeddable":true,"href":"https:\/\/www.blackfridaydeals.ch\/fr\/wp-json\/wp\/v2\/offerexpiration?post=75345"}],"curies":[{"name":"wp","href":"https:\/\/api.w.org\/{rel}","templated":true}]}}