{"id":69003,"date":"2023-11-24T08:00:07","date_gmt":"2023-11-24T07:00:07","guid":{"rendered":"https:\/\/www.blackfridaydeals.ch\/yallo-yallo-black\/"},"modified":"2023-12-04T08:47:40","modified_gmt":"2023-12-04T07:47:40","slug":"yallo-black-donees-illimite","status":"publish","type":"post","link":"https:\/\/www.blackfridaydeals.ch\/fr\/yallo-black-donees-illimite\/","title":{"rendered":"yallo BLACK: CH all incl., donn\u00e9es illimit\u00e9es europe, \u00c9tats-Unis, Canada"},"content":{"rendered":"<p>Profitez chez yallo de l&#8217;abonnement mobile &#8220;yallo Black&#8221; \u00e0 un prix promotionnel. Cet abonnement offre des appels illimit\u00e9s en Suisse, des donn\u00e9es illimit\u00e9es en Suisse, en Europe, au Canada et aux \u00c9tats-Unis. Le rabais est valable pour toujours! \u00c0 ne pas manquer!<\/p>\n","protected":false},"excerpt":{"rendered":"<p>Profitez chez yallo de l&#8217;abonnement mobile &#8220;yallo Black&#8221; \u00e0 un prix promotionnel. Cet abonnement offre des appels illimit\u00e9s en Suisse, des donn\u00e9es illimit\u00e9es en Suisse, en Europe, au Canada et aux \u00c9tats-Unis. Le rabais est valable pour toujours! \u00c0 ne pas manquer!<\/p>\n","protected":false},"author":342,"featured_media":73095,"comment_status":"open","ping_status":"closed","sticky":false,"template":"","format":"standard","meta":[],"categories":[14212],"tags":[16270,16064,16054],"dealstore":[4384],"offerexpiration":[16317],"yoast_head":"<!-- This site is optimized with the Yoast SEO plugin v20.5 - https:\/\/yoast.com\/wordpress\/plugins\/seo\/ -->\n<title>yallo BLACK: CH all incl., donn\u00e9es illimit\u00e9es europe, \u00c9tats-Unis, Canada | Black Friday 2026<\/title>\n<meta name=\"description\" content=\"Profitez chez yallo de l&#039;abonnement mobile &quot;yallo Black&quot; \u00e0 un prix promotionnel. Cet abonnement offre des appels illimit\u00e9s en Suisse, des donn\u00e9es\" \/>\n<meta name=\"robots\" content=\"noindex, nofollow\" \/>\n<meta property=\"og:locale\" content=\"fr_FR\" \/>\n<meta property=\"og:type\" content=\"article\" \/>\n<meta property=\"og:title\" content=\"yallo BLACK: CH all incl., donn\u00e9es illimit\u00e9es europe, \u00c9tats-Unis, Canada | Black Friday 2026\" \/>\n<meta property=\"og:description\" content=\"Profitez chez yallo de l&#039;abonnement mobile &quot;yallo Black&quot; \u00e0 un prix promotionnel. Cet abonnement offre des appels illimit\u00e9s en Suisse, des donn\u00e9es\" \/>\n<meta property=\"og:url\" content=\"https:\/\/www.blackfridaydeals.ch\/fr\/yallo-black-donees-illimite\/\" \/>\n<meta property=\"og:site_name\" content=\"blackfridaydeals.ch\" \/>\n<meta property=\"article:publisher\" content=\"https:\/\/www.facebook.com\/blackfridaydealsch\/\" \/>\n<meta property=\"article:published_time\" content=\"2023-11-24T07:00:07+00:00\" \/>\n<meta property=\"article:modified_time\" content=\"2023-12-04T07:47:40+00:00\" \/>\n<meta property=\"og:image\" content=\"https:\/\/www.blackfridaydeals.ch\/wp-content\/uploads\/2023\/11\/Yallo-Black-gratis-Aktivierung.jpg\" \/>\n\t<meta property=\"og:image:width\" content=\"900\" \/>\n\t<meta property=\"og:image:height\" content=\"600\" \/>\n\t<meta property=\"og:image:type\" content=\"image\/jpeg\" \/>\n<meta name=\"author\" content=\"Lars Ruhstaller\" \/>\n<meta name=\"twitter:card\" content=\"summary_large_image\" \/>\n<meta name=\"twitter:creator\" content=\"@blackfridaych\" \/>\n<meta name=\"twitter:site\" content=\"@blackfridaych\" \/>\n<meta name=\"twitter:label1\" content=\"Written by\" \/>\n\t<meta name=\"twitter:data1\" content=\"Lars Ruhstaller\" \/>\n\t<meta name=\"twitter:label2\" content=\"Est. reading time\" \/>\n\t<meta name=\"twitter:data2\" content=\"1 minute\" \/>\n<script type=\"application\/ld+json\" class=\"yoast-schema-graph\">{\"@context\":\"https:\/\/schema.org\",\"@graph\":[{\"@type\":\"Article\",\"@id\":\"https:\/\/www.blackfridaydeals.ch\/fr\/yallo-black-donees-illimite\/#article\",\"isPartOf\":{\"@id\":\"https:\/\/www.blackfridaydeals.ch\/fr\/yallo-black-donees-illimite\/\"},\"author\":{\"name\":\"Lars Ruhstaller\",\"@id\":\"https:\/\/www.blackfridaydeals.ch\/fr\/#\/schema\/person\/1c110c609c224aacc96404e86a6bacdd\"},\"headline\":\"yallo BLACK: CH all incl., donn\u00e9es illimit\u00e9es europe, \u00c9tats-Unis, Canada\",\"datePublished\":\"2023-11-24T07:00:07+00:00\",\"dateModified\":\"2023-12-04T07:47:40+00:00\",\"mainEntityOfPage\":{\"@id\":\"https:\/\/www.blackfridaydeals.ch\/fr\/yallo-black-donees-illimite\/\"},\"wordCount\":55,\"commentCount\":0,\"publisher\":{\"@id\":\"https:\/\/www.blackfridaydeals.ch\/fr\/#organization\"},\"keywords\":[\"iPhone-fr\",\"top-abo-fr\",\"top-top-deals-fr\"],\"articleSection\":[\"Top-Deals\"],\"inLanguage\":\"fr-CH\",\"potentialAction\":[{\"@type\":\"CommentAction\",\"name\":\"Comment\",\"target\":[\"https:\/\/www.blackfridaydeals.ch\/fr\/yallo-black-donees-illimite\/#respond\"]}]},{\"@type\":\"WebPage\",\"@id\":\"https:\/\/www.blackfridaydeals.ch\/fr\/yallo-black-donees-illimite\/\",\"url\":\"https:\/\/www.blackfridaydeals.ch\/fr\/yallo-black-donees-illimite\/\",\"name\":\"yallo BLACK: CH all incl., donn\u00e9es illimit\u00e9es europe, \u00c9tats-Unis, Canada | Black Friday 2026\",\"isPartOf\":{\"@id\":\"https:\/\/www.blackfridaydeals.ch\/fr\/#website\"},\"datePublished\":\"2023-11-24T07:00:07+00:00\",\"dateModified\":\"2023-12-04T07:47:40+00:00\",\"description\":\"Profitez chez yallo de l'abonnement mobile \\\"yallo Black\\\" \u00e0 un prix promotionnel. Cet abonnement offre des appels illimit\u00e9s en Suisse, des donn\u00e9es\",\"breadcrumb\":{\"@id\":\"https:\/\/www.blackfridaydeals.ch\/fr\/yallo-black-donees-illimite\/#breadcrumb\"},\"inLanguage\":\"fr-CH\",\"potentialAction\":[{\"@type\":\"ReadAction\",\"target\":[\"https:\/\/www.blackfridaydeals.ch\/fr\/yallo-black-donees-illimite\/\"]}]},{\"@type\":\"BreadcrumbList\",\"@id\":\"https:\/\/www.blackfridaydeals.ch\/fr\/yallo-black-donees-illimite\/#breadcrumb\",\"itemListElement\":[{\"@type\":\"ListItem\",\"position\":1,\"name\":\"Startseite\",\"item\":\"https:\/\/www.blackfridaydeals.ch\/fr\/\"},{\"@type\":\"ListItem\",\"position\":2,\"name\":\"yallo BLACK: CH all incl., donn\u00e9es illimit\u00e9es europe, \u00c9tats-Unis, Canada\"}]},{\"@type\":\"WebSite\",\"@id\":\"https:\/\/www.blackfridaydeals.ch\/fr\/#website\",\"url\":\"https:\/\/www.blackfridaydeals.ch\/fr\/\",\"name\":\"blackfridaydeals.ch\",\"description\":\"Toutes les offres du Black Friday 2025 en Suisse\",\"publisher\":{\"@id\":\"https:\/\/www.blackfridaydeals.ch\/fr\/#organization\"},\"alternateName\":\"Black Friday Deals\",\"potentialAction\":[{\"@type\":\"SearchAction\",\"target\":{\"@type\":\"EntryPoint\",\"urlTemplate\":\"https:\/\/www.blackfridaydeals.ch\/fr\/?s={search_term_string}\"},\"query-input\":\"required name=search_term_string\"}],\"inLanguage\":\"fr-CH\"},{\"@type\":\"Organization\",\"@id\":\"https:\/\/www.blackfridaydeals.ch\/fr\/#organization\",\"name\":\"blackfridaydeals.ch\",\"alternateName\":\"Black Friday Deals\",\"url\":\"https:\/\/www.blackfridaydeals.ch\/fr\/\",\"logo\":{\"@type\":\"ImageObject\",\"inLanguage\":\"fr-CH\",\"@id\":\"https:\/\/www.blackfridaydeals.ch\/fr\/#\/schema\/logo\/image\/\",\"url\":\"https:\/\/www.blackfridaydeals.ch\/wp-content\/uploads\/2023\/03\/app-icon-white-bg-jpg.jpg\",\"contentUrl\":\"https:\/\/www.blackfridaydeals.ch\/wp-content\/uploads\/2023\/03\/app-icon-white-bg-jpg.jpg\",\"width\":512,\"height\":512,\"caption\":\"blackfridaydeals.ch\"},\"image\":{\"@id\":\"https:\/\/www.blackfridaydeals.ch\/fr\/#\/schema\/logo\/image\/\"},\"sameAs\":[\"https:\/\/www.facebook.com\/blackfridaydealsch\/\",\"https:\/\/twitter.com\/blackfridaych\",\"https:\/\/www.youtube.com\/channel\/UCNKXHacMw8AS34mBgzVx3FQ\",\"https:\/\/www.instagram.com\/blackfridaydeals.ch\/\"]},{\"@type\":\"Person\",\"@id\":\"https:\/\/www.blackfridaydeals.ch\/fr\/#\/schema\/person\/1c110c609c224aacc96404e86a6bacdd\",\"name\":\"Lars Ruhstaller\",\"image\":{\"@type\":\"ImageObject\",\"inLanguage\":\"fr-CH\",\"@id\":\"https:\/\/www.blackfridaydeals.ch\/fr\/#\/schema\/person\/image\/\",\"url\":\"https:\/\/secure.gravatar.com\/avatar\/b400ba44921fd43f1a8031e2d8f0acd1?s=96&d=blank&r=g\",\"contentUrl\":\"https:\/\/secure.gravatar.com\/avatar\/b400ba44921fd43f1a8031e2d8f0acd1?s=96&d=blank&r=g\",\"caption\":\"Lars Ruhstaller\"},\"description\":\"Lars Ruhstaller hat ein ausgepr\u00e4gtes Interesse und eine breite Expertise in den Themen Technik, Film, Outdoor und Sport. Zudem ist er verantwortlich f\u00fcr das Grundrauschen an Produkt-Angeboten auf blackfridaydeals.ch\",\"sameAs\":[\"https:\/\/www.linkedin.com\/in\/lars-ruhstaller-ab4639225\/\"],\"url\":\"https:\/\/www.blackfridaydeals.ch\/fr\/author\/lars\/\"}]}<\/script>\n<!-- \/ Yoast SEO plugin. -->","yoast_head_json":{"title":"yallo BLACK: CH all incl., donn\u00e9es illimit\u00e9es europe, \u00c9tats-Unis, Canada | Black Friday 2026","description":"Profitez chez yallo de l'abonnement mobile \"yallo Black\" \u00e0 un prix promotionnel. Cet abonnement offre des appels illimit\u00e9s en Suisse, des donn\u00e9es","robots":{"index":"noindex","follow":"nofollow"},"og_locale":"fr_FR","og_type":"article","og_title":"yallo BLACK: CH all incl., donn\u00e9es illimit\u00e9es europe, \u00c9tats-Unis, Canada | Black Friday 2026","og_description":"Profitez chez yallo de l'abonnement mobile \"yallo Black\" \u00e0 un prix promotionnel. Cet abonnement offre des appels illimit\u00e9s en Suisse, des donn\u00e9es","og_url":"https:\/\/www.blackfridaydeals.ch\/fr\/yallo-black-donees-illimite\/","og_site_name":"blackfridaydeals.ch","article_publisher":"https:\/\/www.facebook.com\/blackfridaydealsch\/","article_published_time":"2023-11-24T07:00:07+00:00","article_modified_time":"2023-12-04T07:47:40+00:00","og_image":[{"width":900,"height":600,"url":"https:\/\/www.blackfridaydeals.ch\/wp-content\/uploads\/2023\/11\/Yallo-Black-gratis-Aktivierung.jpg","type":"image\/jpeg"}],"author":"Lars Ruhstaller","twitter_card":"summary_large_image","twitter_creator":"@blackfridaych","twitter_site":"@blackfridaych","twitter_misc":{"Written by":"Lars Ruhstaller","Est. reading time":"1 minute"},"schema":{"@context":"https:\/\/schema.org","@graph":[{"@type":"Article","@id":"https:\/\/www.blackfridaydeals.ch\/fr\/yallo-black-donees-illimite\/#article","isPartOf":{"@id":"https:\/\/www.blackfridaydeals.ch\/fr\/yallo-black-donees-illimite\/"},"author":{"name":"Lars Ruhstaller","@id":"https:\/\/www.blackfridaydeals.ch\/fr\/#\/schema\/person\/1c110c609c224aacc96404e86a6bacdd"},"headline":"yallo BLACK: CH all incl., donn\u00e9es illimit\u00e9es europe, \u00c9tats-Unis, Canada","datePublished":"2023-11-24T07:00:07+00:00","dateModified":"2023-12-04T07:47:40+00:00","mainEntityOfPage":{"@id":"https:\/\/www.blackfridaydeals.ch\/fr\/yallo-black-donees-illimite\/"},"wordCount":55,"commentCount":0,"publisher":{"@id":"https:\/\/www.blackfridaydeals.ch\/fr\/#organization"},"keywords":["iPhone-fr","top-abo-fr","top-top-deals-fr"],"articleSection":["Top-Deals"],"inLanguage":"fr-CH","potentialAction":[{"@type":"CommentAction","name":"Comment","target":["https:\/\/www.blackfridaydeals.ch\/fr\/yallo-black-donees-illimite\/#respond"]}]},{"@type":"WebPage","@id":"https:\/\/www.blackfridaydeals.ch\/fr\/yallo-black-donees-illimite\/","url":"https:\/\/www.blackfridaydeals.ch\/fr\/yallo-black-donees-illimite\/","name":"yallo BLACK: CH all incl., donn\u00e9es illimit\u00e9es europe, \u00c9tats-Unis, Canada | Black Friday 2026","isPartOf":{"@id":"https:\/\/www.blackfridaydeals.ch\/fr\/#website"},"datePublished":"2023-11-24T07:00:07+00:00","dateModified":"2023-12-04T07:47:40+00:00","description":"Profitez chez yallo de l'abonnement mobile \"yallo Black\" \u00e0 un prix promotionnel. Cet abonnement offre des appels illimit\u00e9s en Suisse, des donn\u00e9es","breadcrumb":{"@id":"https:\/\/www.blackfridaydeals.ch\/fr\/yallo-black-donees-illimite\/#breadcrumb"},"inLanguage":"fr-CH","potentialAction":[{"@type":"ReadAction","target":["https:\/\/www.blackfridaydeals.ch\/fr\/yallo-black-donees-illimite\/"]}]},{"@type":"BreadcrumbList","@id":"https:\/\/www.blackfridaydeals.ch\/fr\/yallo-black-donees-illimite\/#breadcrumb","itemListElement":[{"@type":"ListItem","position":1,"name":"Startseite","item":"https:\/\/www.blackfridaydeals.ch\/fr\/"},{"@type":"ListItem","position":2,"name":"yallo BLACK: CH all incl., donn\u00e9es illimit\u00e9es europe, \u00c9tats-Unis, Canada"}]},{"@type":"WebSite","@id":"https:\/\/www.blackfridaydeals.ch\/fr\/#website","url":"https:\/\/www.blackfridaydeals.ch\/fr\/","name":"blackfridaydeals.ch","description":"Toutes les offres du Black Friday 2025 en Suisse","publisher":{"@id":"https:\/\/www.blackfridaydeals.ch\/fr\/#organization"},"alternateName":"Black Friday Deals","potentialAction":[{"@type":"SearchAction","target":{"@type":"EntryPoint","urlTemplate":"https:\/\/www.blackfridaydeals.ch\/fr\/?s={search_term_string}"},"query-input":"required name=search_term_string"}],"inLanguage":"fr-CH"},{"@type":"Organization","@id":"https:\/\/www.blackfridaydeals.ch\/fr\/#organization","name":"blackfridaydeals.ch","alternateName":"Black Friday Deals","url":"https:\/\/www.blackfridaydeals.ch\/fr\/","logo":{"@type":"ImageObject","inLanguage":"fr-CH","@id":"https:\/\/www.blackfridaydeals.ch\/fr\/#\/schema\/logo\/image\/","url":"https:\/\/www.blackfridaydeals.ch\/wp-content\/uploads\/2023\/03\/app-icon-white-bg-jpg.jpg","contentUrl":"https:\/\/www.blackfridaydeals.ch\/wp-content\/uploads\/2023\/03\/app-icon-white-bg-jpg.jpg","width":512,"height":512,"caption":"blackfridaydeals.ch"},"image":{"@id":"https:\/\/www.blackfridaydeals.ch\/fr\/#\/schema\/logo\/image\/"},"sameAs":["https:\/\/www.facebook.com\/blackfridaydealsch\/","https:\/\/twitter.com\/blackfridaych","https:\/\/www.youtube.com\/channel\/UCNKXHacMw8AS34mBgzVx3FQ","https:\/\/www.instagram.com\/blackfridaydeals.ch\/"]},{"@type":"Person","@id":"https:\/\/www.blackfridaydeals.ch\/fr\/#\/schema\/person\/1c110c609c224aacc96404e86a6bacdd","name":"Lars Ruhstaller","image":{"@type":"ImageObject","inLanguage":"fr-CH","@id":"https:\/\/www.blackfridaydeals.ch\/fr\/#\/schema\/person\/image\/","url":"https:\/\/secure.gravatar.com\/avatar\/b400ba44921fd43f1a8031e2d8f0acd1?s=96&d=blank&r=g","contentUrl":"https:\/\/secure.gravatar.com\/avatar\/b400ba44921fd43f1a8031e2d8f0acd1?s=96&d=blank&r=g","caption":"Lars Ruhstaller"},"description":"Lars Ruhstaller hat ein ausgepr\u00e4gtes Interesse und eine breite Expertise in den Themen Technik, Film, Outdoor und Sport. Zudem ist er verantwortlich f\u00fcr das Grundrauschen an Produkt-Angeboten auf blackfridaydeals.ch","sameAs":["https:\/\/www.linkedin.com\/in\/lars-ruhstaller-ab4639225\/"],"url":"https:\/\/www.blackfridaydeals.ch\/fr\/author\/lars\/"}]}},"amp_enabled":true,"_links":{"self":[{"href":"https:\/\/www.blackfridaydeals.ch\/fr\/wp-json\/wp\/v2\/posts\/69003"}],"collection":[{"href":"https:\/\/www.blackfridaydeals.ch\/fr\/wp-json\/wp\/v2\/posts"}],"about":[{"href":"https:\/\/www.blackfridaydeals.ch\/fr\/wp-json\/wp\/v2\/types\/post"}],"author":[{"embeddable":true,"href":"https:\/\/www.blackfridaydeals.ch\/fr\/wp-json\/wp\/v2\/users\/342"}],"replies":[{"embeddable":true,"href":"https:\/\/www.blackfridaydeals.ch\/fr\/wp-json\/wp\/v2\/comments?post=69003"}],"version-history":[{"count":5,"href":"https:\/\/www.blackfridaydeals.ch\/fr\/wp-json\/wp\/v2\/posts\/69003\/revisions"}],"predecessor-version":[{"id":69350,"href":"https:\/\/www.blackfridaydeals.ch\/fr\/wp-json\/wp\/v2\/posts\/69003\/revisions\/69350"}],"wp:featuredmedia":[{"embeddable":true,"href":"https:\/\/www.blackfridaydeals.ch\/fr\/wp-json\/wp\/v2\/media\/73095"}],"wp:attachment":[{"href":"https:\/\/www.blackfridaydeals.ch\/fr\/wp-json\/wp\/v2\/media?parent=69003"}],"wp:term":[{"taxonomy":"category","embeddable":true,"href":"https:\/\/www.blackfridaydeals.ch\/fr\/wp-json\/wp\/v2\/categories?post=69003"},{"taxonomy":"post_tag","embeddable":true,"href":"https:\/\/www.blackfridaydeals.ch\/fr\/wp-json\/wp\/v2\/tags?post=69003"},{"taxonomy":"dealstore","embeddable":true,"href":"https:\/\/www.blackfridaydeals.ch\/fr\/wp-json\/wp\/v2\/dealstore?post=69003"},{"taxonomy":"offerexpiration","embeddable":true,"href":"https:\/\/www.blackfridaydeals.ch\/fr\/wp-json\/wp\/v2\/offerexpiration?post=69003"}],"curies":[{"name":"wp","href":"https:\/\/api.w.org\/{rel}","templated":true}]}}