{"id":55731,"date":"2022-11-21T00:00:00","date_gmt":"2022-11-20T23:00:00","guid":{"rendered":"https:\/\/www.blackfridaydeals.ch\/?p=55731"},"modified":"2022-12-02T15:59:15","modified_gmt":"2022-12-02T14:59:15","slug":"digitec-connect-black-friday","status":"publish","type":"post","link":"https:\/\/www.blackfridaydeals.ch\/fr\/digitec-connect-black-friday\/","title":{"rendered":"Notre abo mobile pour 18 CHF\/mois."},"content":{"rendered":"<p>Surfer et t\u00e9l\u00e9phoner en Suisse de mani\u00e8re illimit\u00e9e pendant deux ans + 1 Go de donn\u00e9es UE\/\u00c9tats-Unis pour 18 CHF au lieu de 49 CHF par mois.<\/p>\n<p><img decoding=\"async\" class=\"aligncenter size-large wp-image-55732\" src=\"https:\/\/www.blackfridaydeals.ch\/wp-content\/uploads\/2022\/11\/blackfridaydeals.ch-Angebot_FR-1024x577.png\" alt=\"\" width=\"840\" height=\"473\" srcset=\"https:\/\/www.blackfridaydeals.ch\/wp-content\/uploads\/2022\/11\/blackfridaydeals.ch-Angebot_FR-1024x577.png 1024w, https:\/\/www.blackfridaydeals.ch\/wp-content\/uploads\/2022\/11\/blackfridaydeals.ch-Angebot_FR-300x169.png 300w, https:\/\/www.blackfridaydeals.ch\/wp-content\/uploads\/2022\/11\/blackfridaydeals.ch-Angebot_FR-767x432.png 767w, https:\/\/www.blackfridaydeals.ch\/wp-content\/uploads\/2022\/11\/blackfridaydeals.ch-Angebot_FR-1536x865.png 1536w, https:\/\/www.blackfridaydeals.ch\/wp-content\/uploads\/2022\/11\/blackfridaydeals.ch-Angebot_FR-2048x1153.png 2048w, https:\/\/www.blackfridaydeals.ch\/wp-content\/uploads\/2022\/11\/blackfridaydeals.ch-Angebot_FR-788x443.png 788w, https:\/\/www.blackfridaydeals.ch\/wp-content\/uploads\/2022\/11\/blackfridaydeals.ch-Angebot_FR.png 1680w\" sizes=\"(max-width: 840px) 100vw, 840px\" \/><\/p>\n","protected":false},"excerpt":{"rendered":"<p>Surfer et t\u00e9l\u00e9phoner en Suisse de mani\u00e8re illimit\u00e9e pendant deux ans + 1 Go de donn\u00e9es UE\/\u00c9tats-Unis pour 18 CHF au lieu de 49 CHF par mois.<\/p>\n","protected":false},"author":40,"featured_media":55728,"comment_status":"open","ping_status":"closed","sticky":false,"template":"","format":"standard","meta":[],"categories":[15741],"tags":[16187,16188,16308,16186,9496],"dealstore":[344],"offerexpiration":[16317],"yoast_head":"<!-- This site is optimized with the Yoast SEO plugin v20.5 - https:\/\/yoast.com\/wordpress\/plugins\/seo\/ -->\n<title>Notre abo mobile pour 18 CHF chez Digitec Connect - Black Friday 2026<\/title>\n<meta name=\"description\" content=\"Surfer et t\u00e9l\u00e9phoner en Suisse de mani\u00e8re illimit\u00e9e pendant deux ans + 1 Go de donn\u00e9es UE\/\u00c9tats-Unis pour 18 CHF au lieu de 49 CHF par mois.\" \/>\n<meta name=\"robots\" content=\"noindex, nofollow\" \/>\n<meta property=\"og:locale\" content=\"fr_FR\" \/>\n<meta property=\"og:type\" content=\"article\" \/>\n<meta property=\"og:title\" content=\"Notre abo mobile pour 18 CHF chez Digitec Connect - Black Friday 2026\" \/>\n<meta property=\"og:description\" content=\"Surfer et t\u00e9l\u00e9phoner en Suisse de mani\u00e8re illimit\u00e9e pendant deux ans + 1 Go de donn\u00e9es UE\/\u00c9tats-Unis pour 18 CHF au lieu de 49 CHF par mois.\" \/>\n<meta property=\"og:url\" content=\"https:\/\/www.blackfridaydeals.ch\/fr\/digitec-connect-black-friday\/\" \/>\n<meta property=\"og:site_name\" content=\"blackfridaydeals.ch\" \/>\n<meta property=\"article:publisher\" content=\"https:\/\/www.facebook.com\/blackfridaydealsch\/\" \/>\n<meta property=\"article:author\" content=\"https:\/\/www.facebook.com\/jueluz\/\" \/>\n<meta property=\"article:published_time\" content=\"2022-11-20T23:00:00+00:00\" \/>\n<meta property=\"article:modified_time\" content=\"2022-12-02T14:59:15+00:00\" \/>\n<meta property=\"og:image\" content=\"https:\/\/www.blackfridaydeals.ch\/wp-content\/uploads\/2022\/11\/Logo-digitec-connect-4.png\" \/>\n\t<meta property=\"og:image:width\" content=\"600\" \/>\n\t<meta property=\"og:image:height\" content=\"300\" \/>\n\t<meta property=\"og:image:type\" content=\"image\/png\" \/>\n<meta name=\"author\" content=\"Julian Zrotz\" \/>\n<meta name=\"twitter:card\" content=\"summary_large_image\" \/>\n<meta name=\"twitter:creator\" content=\"@blackfridaych\" \/>\n<meta name=\"twitter:site\" content=\"@blackfridaych\" \/>\n<meta name=\"twitter:label1\" content=\"Written by\" \/>\n\t<meta name=\"twitter:data1\" content=\"Julian Zrotz\" \/>\n<script type=\"application\/ld+json\" class=\"yoast-schema-graph\">{\"@context\":\"https:\/\/schema.org\",\"@graph\":[{\"@type\":\"Article\",\"@id\":\"https:\/\/www.blackfridaydeals.ch\/fr\/digitec-connect-black-friday\/#article\",\"isPartOf\":{\"@id\":\"https:\/\/www.blackfridaydeals.ch\/fr\/digitec-connect-black-friday\/\"},\"author\":{\"name\":\"Julian Zrotz\",\"@id\":\"https:\/\/www.blackfridaydeals.ch\/fr\/#\/schema\/person\/9100d4e4886da9d8414fa37987571c62\"},\"headline\":\"Notre abo mobile pour 18 CHF\/mois.\",\"datePublished\":\"2022-11-20T23:00:00+00:00\",\"dateModified\":\"2022-12-02T14:59:15+00:00\",\"mainEntityOfPage\":{\"@id\":\"https:\/\/www.blackfridaydeals.ch\/fr\/digitec-connect-black-friday\/\"},\"wordCount\":35,\"commentCount\":0,\"publisher\":{\"@id\":\"https:\/\/www.blackfridaydeals.ch\/fr\/#organization\"},\"keywords\":[\"Blackfriday2022-fr\",\"Cybermonday2022-fr\",\"cyberweek-non-fr\",\"Cyberweek2022-fr\",\"platin-fr\"],\"articleSection\":[\"T\u00e9l\u00e9phones mobiles &amp; abonnements\"],\"inLanguage\":\"fr-CH\",\"potentialAction\":[{\"@type\":\"CommentAction\",\"name\":\"Comment\",\"target\":[\"https:\/\/www.blackfridaydeals.ch\/fr\/digitec-connect-black-friday\/#respond\"]}]},{\"@type\":\"WebPage\",\"@id\":\"https:\/\/www.blackfridaydeals.ch\/fr\/digitec-connect-black-friday\/\",\"url\":\"https:\/\/www.blackfridaydeals.ch\/fr\/digitec-connect-black-friday\/\",\"name\":\"Notre abo mobile pour 18 CHF chez Digitec Connect - Black Friday 2026\",\"isPartOf\":{\"@id\":\"https:\/\/www.blackfridaydeals.ch\/fr\/#website\"},\"datePublished\":\"2022-11-20T23:00:00+00:00\",\"dateModified\":\"2022-12-02T14:59:15+00:00\",\"description\":\"Surfer et t\u00e9l\u00e9phoner en Suisse de mani\u00e8re illimit\u00e9e pendant deux ans + 1 Go de donn\u00e9es UE\/\u00c9tats-Unis pour 18 CHF au lieu de 49 CHF par mois.\",\"breadcrumb\":{\"@id\":\"https:\/\/www.blackfridaydeals.ch\/fr\/digitec-connect-black-friday\/#breadcrumb\"},\"inLanguage\":\"fr-CH\",\"potentialAction\":[{\"@type\":\"ReadAction\",\"target\":[\"https:\/\/www.blackfridaydeals.ch\/fr\/digitec-connect-black-friday\/\"]}]},{\"@type\":\"BreadcrumbList\",\"@id\":\"https:\/\/www.blackfridaydeals.ch\/fr\/digitec-connect-black-friday\/#breadcrumb\",\"itemListElement\":[{\"@type\":\"ListItem\",\"position\":1,\"name\":\"Startseite\",\"item\":\"https:\/\/www.blackfridaydeals.ch\/fr\/\"},{\"@type\":\"ListItem\",\"position\":2,\"name\":\"Notre abo mobile pour 18 CHF\/mois.\"}]},{\"@type\":\"WebSite\",\"@id\":\"https:\/\/www.blackfridaydeals.ch\/fr\/#website\",\"url\":\"https:\/\/www.blackfridaydeals.ch\/fr\/\",\"name\":\"blackfridaydeals.ch\",\"description\":\"Toutes les offres du Black Friday 2025 en Suisse\",\"publisher\":{\"@id\":\"https:\/\/www.blackfridaydeals.ch\/fr\/#organization\"},\"alternateName\":\"Black Friday Deals\",\"potentialAction\":[{\"@type\":\"SearchAction\",\"target\":{\"@type\":\"EntryPoint\",\"urlTemplate\":\"https:\/\/www.blackfridaydeals.ch\/fr\/?s={search_term_string}\"},\"query-input\":\"required name=search_term_string\"}],\"inLanguage\":\"fr-CH\"},{\"@type\":\"Organization\",\"@id\":\"https:\/\/www.blackfridaydeals.ch\/fr\/#organization\",\"name\":\"blackfridaydeals.ch\",\"alternateName\":\"Black Friday Deals\",\"url\":\"https:\/\/www.blackfridaydeals.ch\/fr\/\",\"logo\":{\"@type\":\"ImageObject\",\"inLanguage\":\"fr-CH\",\"@id\":\"https:\/\/www.blackfridaydeals.ch\/fr\/#\/schema\/logo\/image\/\",\"url\":\"https:\/\/www.blackfridaydeals.ch\/wp-content\/uploads\/2023\/03\/app-icon-white-bg-jpg.jpg\",\"contentUrl\":\"https:\/\/www.blackfridaydeals.ch\/wp-content\/uploads\/2023\/03\/app-icon-white-bg-jpg.jpg\",\"width\":512,\"height\":512,\"caption\":\"blackfridaydeals.ch\"},\"image\":{\"@id\":\"https:\/\/www.blackfridaydeals.ch\/fr\/#\/schema\/logo\/image\/\"},\"sameAs\":[\"https:\/\/www.facebook.com\/blackfridaydealsch\/\",\"https:\/\/twitter.com\/blackfridaych\",\"https:\/\/www.youtube.com\/channel\/UCNKXHacMw8AS34mBgzVx3FQ\",\"https:\/\/www.instagram.com\/blackfridaydeals.ch\/\"]},{\"@type\":\"Person\",\"@id\":\"https:\/\/www.blackfridaydeals.ch\/fr\/#\/schema\/person\/9100d4e4886da9d8414fa37987571c62\",\"name\":\"Julian Zrotz\",\"image\":{\"@type\":\"ImageObject\",\"inLanguage\":\"fr-CH\",\"@id\":\"https:\/\/www.blackfridaydeals.ch\/fr\/#\/schema\/person\/image\/\",\"url\":\"https:\/\/secure.gravatar.com\/avatar\/da49c5ffe2b85d94c98cb0e0c28802e6?s=96&d=blank&r=g\",\"contentUrl\":\"https:\/\/secure.gravatar.com\/avatar\/da49c5ffe2b85d94c98cb0e0c28802e6?s=96&d=blank&r=g\",\"caption\":\"Julian Zrotz\"},\"description\":\"Bereits Jahre bevor der Black Friday in der Schweiz ankam, informierte sich Julian Zrotz \u00fcber das Shopping-Event in verschiedenen englischsprachigen Medien. Im 2015, als Manor als erster grosser Schweizer H\u00e4ndler das Event in die Schweiz brachte, besuchte Zrotz mehrere Filialen des Warenhauskonzerns, um aus erster Hand den Impact zu erleben, den das Shopping-Event in der Schweiz hat. Er beschloss blackfridaydeals.ch zu gr\u00fcnden. Seither informiert Julian Zrotz die Schweiz \u00fcber den Black Friday. Einerseits mit allgemeinen Informationen, Tipps &amp; Tricks und Prognosen zu allen grossen Schweizer Shops auf der Website blackfridaydeals.ch. Andererseits ist er ein gefragter Gespr\u00e4chspartner f\u00fcr Schweizer Medien. Mit seinen zahlreichen Medienauftritten hat er sich als der Black Friday Experte in der Schweiz etabliert.\",\"sameAs\":[\"https:\/\/www.facebook.com\/jueluz\/\",\"https:\/\/ch.linkedin.com\/in\/julian-zrotz-a4158119\"],\"url\":\"https:\/\/www.blackfridaydeals.ch\/fr\/author\/juelu\/\"}]}<\/script>\n<!-- \/ Yoast SEO plugin. -->","yoast_head_json":{"title":"Notre abo mobile pour 18 CHF chez Digitec Connect - Black Friday 2026","description":"Surfer et t\u00e9l\u00e9phoner en Suisse de mani\u00e8re illimit\u00e9e pendant deux ans + 1 Go de donn\u00e9es UE\/\u00c9tats-Unis pour 18 CHF au lieu de 49 CHF par mois.","robots":{"index":"noindex","follow":"nofollow"},"og_locale":"fr_FR","og_type":"article","og_title":"Notre abo mobile pour 18 CHF chez Digitec Connect - Black Friday 2026","og_description":"Surfer et t\u00e9l\u00e9phoner en Suisse de mani\u00e8re illimit\u00e9e pendant deux ans + 1 Go de donn\u00e9es UE\/\u00c9tats-Unis pour 18 CHF au lieu de 49 CHF par mois.","og_url":"https:\/\/www.blackfridaydeals.ch\/fr\/digitec-connect-black-friday\/","og_site_name":"blackfridaydeals.ch","article_publisher":"https:\/\/www.facebook.com\/blackfridaydealsch\/","article_author":"https:\/\/www.facebook.com\/jueluz\/","article_published_time":"2022-11-20T23:00:00+00:00","article_modified_time":"2022-12-02T14:59:15+00:00","og_image":[{"width":600,"height":300,"url":"https:\/\/www.blackfridaydeals.ch\/wp-content\/uploads\/2022\/11\/Logo-digitec-connect-4.png","type":"image\/png"}],"author":"Julian Zrotz","twitter_card":"summary_large_image","twitter_creator":"@blackfridaych","twitter_site":"@blackfridaych","twitter_misc":{"Written by":"Julian Zrotz"},"schema":{"@context":"https:\/\/schema.org","@graph":[{"@type":"Article","@id":"https:\/\/www.blackfridaydeals.ch\/fr\/digitec-connect-black-friday\/#article","isPartOf":{"@id":"https:\/\/www.blackfridaydeals.ch\/fr\/digitec-connect-black-friday\/"},"author":{"name":"Julian Zrotz","@id":"https:\/\/www.blackfridaydeals.ch\/fr\/#\/schema\/person\/9100d4e4886da9d8414fa37987571c62"},"headline":"Notre abo mobile pour 18 CHF\/mois.","datePublished":"2022-11-20T23:00:00+00:00","dateModified":"2022-12-02T14:59:15+00:00","mainEntityOfPage":{"@id":"https:\/\/www.blackfridaydeals.ch\/fr\/digitec-connect-black-friday\/"},"wordCount":35,"commentCount":0,"publisher":{"@id":"https:\/\/www.blackfridaydeals.ch\/fr\/#organization"},"keywords":["Blackfriday2022-fr","Cybermonday2022-fr","cyberweek-non-fr","Cyberweek2022-fr","platin-fr"],"articleSection":["T\u00e9l\u00e9phones mobiles &amp; abonnements"],"inLanguage":"fr-CH","potentialAction":[{"@type":"CommentAction","name":"Comment","target":["https:\/\/www.blackfridaydeals.ch\/fr\/digitec-connect-black-friday\/#respond"]}]},{"@type":"WebPage","@id":"https:\/\/www.blackfridaydeals.ch\/fr\/digitec-connect-black-friday\/","url":"https:\/\/www.blackfridaydeals.ch\/fr\/digitec-connect-black-friday\/","name":"Notre abo mobile pour 18 CHF chez Digitec Connect - Black Friday 2026","isPartOf":{"@id":"https:\/\/www.blackfridaydeals.ch\/fr\/#website"},"datePublished":"2022-11-20T23:00:00+00:00","dateModified":"2022-12-02T14:59:15+00:00","description":"Surfer et t\u00e9l\u00e9phoner en Suisse de mani\u00e8re illimit\u00e9e pendant deux ans + 1 Go de donn\u00e9es UE\/\u00c9tats-Unis pour 18 CHF au lieu de 49 CHF par mois.","breadcrumb":{"@id":"https:\/\/www.blackfridaydeals.ch\/fr\/digitec-connect-black-friday\/#breadcrumb"},"inLanguage":"fr-CH","potentialAction":[{"@type":"ReadAction","target":["https:\/\/www.blackfridaydeals.ch\/fr\/digitec-connect-black-friday\/"]}]},{"@type":"BreadcrumbList","@id":"https:\/\/www.blackfridaydeals.ch\/fr\/digitec-connect-black-friday\/#breadcrumb","itemListElement":[{"@type":"ListItem","position":1,"name":"Startseite","item":"https:\/\/www.blackfridaydeals.ch\/fr\/"},{"@type":"ListItem","position":2,"name":"Notre abo mobile pour 18 CHF\/mois."}]},{"@type":"WebSite","@id":"https:\/\/www.blackfridaydeals.ch\/fr\/#website","url":"https:\/\/www.blackfridaydeals.ch\/fr\/","name":"blackfridaydeals.ch","description":"Toutes les offres du Black Friday 2025 en Suisse","publisher":{"@id":"https:\/\/www.blackfridaydeals.ch\/fr\/#organization"},"alternateName":"Black Friday Deals","potentialAction":[{"@type":"SearchAction","target":{"@type":"EntryPoint","urlTemplate":"https:\/\/www.blackfridaydeals.ch\/fr\/?s={search_term_string}"},"query-input":"required name=search_term_string"}],"inLanguage":"fr-CH"},{"@type":"Organization","@id":"https:\/\/www.blackfridaydeals.ch\/fr\/#organization","name":"blackfridaydeals.ch","alternateName":"Black Friday Deals","url":"https:\/\/www.blackfridaydeals.ch\/fr\/","logo":{"@type":"ImageObject","inLanguage":"fr-CH","@id":"https:\/\/www.blackfridaydeals.ch\/fr\/#\/schema\/logo\/image\/","url":"https:\/\/www.blackfridaydeals.ch\/wp-content\/uploads\/2023\/03\/app-icon-white-bg-jpg.jpg","contentUrl":"https:\/\/www.blackfridaydeals.ch\/wp-content\/uploads\/2023\/03\/app-icon-white-bg-jpg.jpg","width":512,"height":512,"caption":"blackfridaydeals.ch"},"image":{"@id":"https:\/\/www.blackfridaydeals.ch\/fr\/#\/schema\/logo\/image\/"},"sameAs":["https:\/\/www.facebook.com\/blackfridaydealsch\/","https:\/\/twitter.com\/blackfridaych","https:\/\/www.youtube.com\/channel\/UCNKXHacMw8AS34mBgzVx3FQ","https:\/\/www.instagram.com\/blackfridaydeals.ch\/"]},{"@type":"Person","@id":"https:\/\/www.blackfridaydeals.ch\/fr\/#\/schema\/person\/9100d4e4886da9d8414fa37987571c62","name":"Julian Zrotz","image":{"@type":"ImageObject","inLanguage":"fr-CH","@id":"https:\/\/www.blackfridaydeals.ch\/fr\/#\/schema\/person\/image\/","url":"https:\/\/secure.gravatar.com\/avatar\/da49c5ffe2b85d94c98cb0e0c28802e6?s=96&d=blank&r=g","contentUrl":"https:\/\/secure.gravatar.com\/avatar\/da49c5ffe2b85d94c98cb0e0c28802e6?s=96&d=blank&r=g","caption":"Julian Zrotz"},"description":"Bereits Jahre bevor der Black Friday in der Schweiz ankam, informierte sich Julian Zrotz \u00fcber das Shopping-Event in verschiedenen englischsprachigen Medien. Im 2015, als Manor als erster grosser Schweizer H\u00e4ndler das Event in die Schweiz brachte, besuchte Zrotz mehrere Filialen des Warenhauskonzerns, um aus erster Hand den Impact zu erleben, den das Shopping-Event in der Schweiz hat. Er beschloss blackfridaydeals.ch zu gr\u00fcnden. Seither informiert Julian Zrotz die Schweiz \u00fcber den Black Friday. Einerseits mit allgemeinen Informationen, Tipps &amp; Tricks und Prognosen zu allen grossen Schweizer Shops auf der Website blackfridaydeals.ch. Andererseits ist er ein gefragter Gespr\u00e4chspartner f\u00fcr Schweizer Medien. Mit seinen zahlreichen Medienauftritten hat er sich als der Black Friday Experte in der Schweiz etabliert.","sameAs":["https:\/\/www.facebook.com\/jueluz\/","https:\/\/ch.linkedin.com\/in\/julian-zrotz-a4158119"],"url":"https:\/\/www.blackfridaydeals.ch\/fr\/author\/juelu\/"}]}},"amp_enabled":true,"_links":{"self":[{"href":"https:\/\/www.blackfridaydeals.ch\/fr\/wp-json\/wp\/v2\/posts\/55731"}],"collection":[{"href":"https:\/\/www.blackfridaydeals.ch\/fr\/wp-json\/wp\/v2\/posts"}],"about":[{"href":"https:\/\/www.blackfridaydeals.ch\/fr\/wp-json\/wp\/v2\/types\/post"}],"author":[{"embeddable":true,"href":"https:\/\/www.blackfridaydeals.ch\/fr\/wp-json\/wp\/v2\/users\/40"}],"replies":[{"embeddable":true,"href":"https:\/\/www.blackfridaydeals.ch\/fr\/wp-json\/wp\/v2\/comments?post=55731"}],"version-history":[{"count":1,"href":"https:\/\/www.blackfridaydeals.ch\/fr\/wp-json\/wp\/v2\/posts\/55731\/revisions"}],"predecessor-version":[{"id":55735,"href":"https:\/\/www.blackfridaydeals.ch\/fr\/wp-json\/wp\/v2\/posts\/55731\/revisions\/55735"}],"wp:featuredmedia":[{"embeddable":true,"href":"https:\/\/www.blackfridaydeals.ch\/fr\/wp-json\/wp\/v2\/media\/55728"}],"wp:attachment":[{"href":"https:\/\/www.blackfridaydeals.ch\/fr\/wp-json\/wp\/v2\/media?parent=55731"}],"wp:term":[{"taxonomy":"category","embeddable":true,"href":"https:\/\/www.blackfridaydeals.ch\/fr\/wp-json\/wp\/v2\/categories?post=55731"},{"taxonomy":"post_tag","embeddable":true,"href":"https:\/\/www.blackfridaydeals.ch\/fr\/wp-json\/wp\/v2\/tags?post=55731"},{"taxonomy":"dealstore","embeddable":true,"href":"https:\/\/www.blackfridaydeals.ch\/fr\/wp-json\/wp\/v2\/dealstore?post=55731"},{"taxonomy":"offerexpiration","embeddable":true,"href":"https:\/\/www.blackfridaydeals.ch\/fr\/wp-json\/wp\/v2\/offerexpiration?post=55731"}],"curies":[{"name":"wp","href":"https:\/\/api.w.org\/{rel}","templated":true}]}}