{"id":55342,"date":"2022-11-21T00:00:56","date_gmt":"2022-11-20T23:00:56","guid":{"rendered":"https:\/\/www.blackfridaydeals.ch\/?p=55342"},"modified":"2022-12-02T14:43:19","modified_gmt":"2022-12-02T13:43:19","slug":"black-friday-ackermann-deals","status":"publish","type":"post","link":"https:\/\/www.blackfridaydeals.ch\/fr\/black-friday-ackermann-deals\/","title":{"rendered":"30% sur tout (sauf l\u2019\u00e9lectronique)"},"content":{"rendered":"<p>BLACK NOVEMBER chez Ackermann: Du 21.11 au 28.11, il y a -30% de r\u00e9duction sur tout (sauf I&#8217;\u00e9lectronique). R\u00e9servez d\u00e8s maintenant vos Black Deals.<\/p>\n<p><img decoding=\"async\" class=\"aligncenter size-large wp-image-55335\" src=\"https:\/\/www.blackfridaydeals.ch\/wp-content\/uploads\/2022\/11\/ACH_Visual_1680x946_frz-2-1024x577.png\" alt=\"\" width=\"840\" height=\"473\" srcset=\"https:\/\/www.blackfridaydeals.ch\/wp-content\/uploads\/2022\/11\/ACH_Visual_1680x946_frz-2-1024x577.png 1024w, https:\/\/www.blackfridaydeals.ch\/wp-content\/uploads\/2022\/11\/ACH_Visual_1680x946_frz-2-300x169.png 300w, https:\/\/www.blackfridaydeals.ch\/wp-content\/uploads\/2022\/11\/ACH_Visual_1680x946_frz-2-767x432.png 767w, https:\/\/www.blackfridaydeals.ch\/wp-content\/uploads\/2022\/11\/ACH_Visual_1680x946_frz-2-1536x865.png 1536w, https:\/\/www.blackfridaydeals.ch\/wp-content\/uploads\/2022\/11\/ACH_Visual_1680x946_frz-2-2048x1153.png 2048w, https:\/\/www.blackfridaydeals.ch\/wp-content\/uploads\/2022\/11\/ACH_Visual_1680x946_frz-2-788x443.png 788w, https:\/\/www.blackfridaydeals.ch\/wp-content\/uploads\/2022\/11\/ACH_Visual_1680x946_frz-2.png 1680w\" sizes=\"(max-width: 840px) 100vw, 840px\" \/><\/p>\n","protected":false},"excerpt":{"rendered":"<p>BLACK NOVEMBER chez Ackermann: Du 21.11 au 28.11, il y a -30% de r\u00e9duction sur tout (sauf I&#8217;\u00e9lectronique). R\u00e9servez d\u00e8s maintenant vos Black Deals.<\/p>\n","protected":false},"author":309,"featured_media":55329,"comment_status":"open","ping_status":"closed","sticky":false,"template":"","format":"standard","meta":[],"categories":[2153],"tags":[16187,16188,16186,10976],"dealstore":[333],"offerexpiration":[16317],"yoast_head":"<!-- This site is optimized with the Yoast SEO plugin v20.5 - https:\/\/yoast.com\/wordpress\/plugins\/seo\/ -->\n<title>30% sur tout (sauf l\u2019\u00e9lectronique) - Black Friday 2026 chez Ackermann<\/title>\n<meta name=\"description\" content=\"BLACK NOVEMBER chez Ackermann: Du 21.11 au 28.11, il y a -30% de r\u00e9duction sur tout (sauf I&#039;\u00e9lectronique). R\u00e9servez d\u00e8s maintenant vos\" \/>\n<meta name=\"robots\" content=\"noindex, nofollow\" \/>\n<meta property=\"og:locale\" content=\"fr_FR\" \/>\n<meta property=\"og:type\" content=\"article\" \/>\n<meta property=\"og:title\" content=\"30% sur tout (sauf l\u2019\u00e9lectronique) - Black Friday 2026 chez Ackermann\" \/>\n<meta property=\"og:description\" content=\"BLACK NOVEMBER chez Ackermann: Du 21.11 au 28.11, il y a -30% de r\u00e9duction sur tout (sauf I&#039;\u00e9lectronique). R\u00e9servez d\u00e8s maintenant vos\" \/>\n<meta property=\"og:url\" content=\"https:\/\/www.blackfridaydeals.ch\/fr\/black-friday-ackermann-deals\/\" \/>\n<meta property=\"og:site_name\" content=\"blackfridaydeals.ch\" \/>\n<meta property=\"article:publisher\" content=\"https:\/\/www.facebook.com\/blackfridaydealsch\/\" \/>\n<meta property=\"article:published_time\" content=\"2022-11-20T23:00:56+00:00\" \/>\n<meta property=\"article:modified_time\" content=\"2022-12-02T13:43:19+00:00\" \/>\n<meta property=\"og:image\" content=\"https:\/\/www.blackfridaydeals.ch\/wp-content\/uploads\/2022\/11\/ACH_Logo_600x300-2.png\" \/>\n\t<meta property=\"og:image:width\" content=\"600\" \/>\n\t<meta property=\"og:image:height\" content=\"300\" \/>\n\t<meta property=\"og:image:type\" content=\"image\/png\" \/>\n<meta name=\"author\" content=\"Rafael Imhof\" \/>\n<meta name=\"twitter:card\" content=\"summary_large_image\" \/>\n<meta name=\"twitter:creator\" content=\"@blackfridaych\" \/>\n<meta name=\"twitter:site\" content=\"@blackfridaych\" \/>\n<meta name=\"twitter:label1\" content=\"Written by\" \/>\n\t<meta name=\"twitter:data1\" content=\"Rafael Imhof\" \/>\n<script type=\"application\/ld+json\" class=\"yoast-schema-graph\">{\"@context\":\"https:\/\/schema.org\",\"@graph\":[{\"@type\":\"Article\",\"@id\":\"https:\/\/www.blackfridaydeals.ch\/fr\/black-friday-ackermann-deals\/#article\",\"isPartOf\":{\"@id\":\"https:\/\/www.blackfridaydeals.ch\/fr\/black-friday-ackermann-deals\/\"},\"author\":{\"name\":\"Rafael Imhof\",\"@id\":\"https:\/\/www.blackfridaydeals.ch\/fr\/#\/schema\/person\/cb7a12b7ba2e6d4b46b9986bd692e30a\"},\"headline\":\"30% sur tout (sauf l\u2019\u00e9lectronique)\",\"datePublished\":\"2022-11-20T23:00:56+00:00\",\"dateModified\":\"2022-12-02T13:43:19+00:00\",\"mainEntityOfPage\":{\"@id\":\"https:\/\/www.blackfridaydeals.ch\/fr\/black-friday-ackermann-deals\/\"},\"wordCount\":31,\"commentCount\":0,\"publisher\":{\"@id\":\"https:\/\/www.blackfridaydeals.ch\/fr\/#organization\"},\"keywords\":[\"Blackfriday2022-fr\",\"Cybermonday2022-fr\",\"Cyberweek2022-fr\",\"slider-fr\"],\"articleSection\":[\"Diverses\"],\"inLanguage\":\"fr-CH\",\"potentialAction\":[{\"@type\":\"CommentAction\",\"name\":\"Comment\",\"target\":[\"https:\/\/www.blackfridaydeals.ch\/fr\/black-friday-ackermann-deals\/#respond\"]}]},{\"@type\":\"WebPage\",\"@id\":\"https:\/\/www.blackfridaydeals.ch\/fr\/black-friday-ackermann-deals\/\",\"url\":\"https:\/\/www.blackfridaydeals.ch\/fr\/black-friday-ackermann-deals\/\",\"name\":\"30% sur tout (sauf l\u2019\u00e9lectronique) - Black Friday 2026 chez Ackermann\",\"isPartOf\":{\"@id\":\"https:\/\/www.blackfridaydeals.ch\/fr\/#website\"},\"datePublished\":\"2022-11-20T23:00:56+00:00\",\"dateModified\":\"2022-12-02T13:43:19+00:00\",\"description\":\"BLACK NOVEMBER chez Ackermann: Du 21.11 au 28.11, il y a -30% de r\u00e9duction sur tout (sauf I'\u00e9lectronique). R\u00e9servez d\u00e8s maintenant vos\",\"breadcrumb\":{\"@id\":\"https:\/\/www.blackfridaydeals.ch\/fr\/black-friday-ackermann-deals\/#breadcrumb\"},\"inLanguage\":\"fr-CH\",\"potentialAction\":[{\"@type\":\"ReadAction\",\"target\":[\"https:\/\/www.blackfridaydeals.ch\/fr\/black-friday-ackermann-deals\/\"]}]},{\"@type\":\"BreadcrumbList\",\"@id\":\"https:\/\/www.blackfridaydeals.ch\/fr\/black-friday-ackermann-deals\/#breadcrumb\",\"itemListElement\":[{\"@type\":\"ListItem\",\"position\":1,\"name\":\"Startseite\",\"item\":\"https:\/\/www.blackfridaydeals.ch\/fr\/\"},{\"@type\":\"ListItem\",\"position\":2,\"name\":\"30% sur tout (sauf l\u2019\u00e9lectronique)\"}]},{\"@type\":\"WebSite\",\"@id\":\"https:\/\/www.blackfridaydeals.ch\/fr\/#website\",\"url\":\"https:\/\/www.blackfridaydeals.ch\/fr\/\",\"name\":\"blackfridaydeals.ch\",\"description\":\"Toutes les offres du Black Friday 2025 en Suisse\",\"publisher\":{\"@id\":\"https:\/\/www.blackfridaydeals.ch\/fr\/#organization\"},\"alternateName\":\"Black Friday Deals\",\"potentialAction\":[{\"@type\":\"SearchAction\",\"target\":{\"@type\":\"EntryPoint\",\"urlTemplate\":\"https:\/\/www.blackfridaydeals.ch\/fr\/?s={search_term_string}\"},\"query-input\":\"required name=search_term_string\"}],\"inLanguage\":\"fr-CH\"},{\"@type\":\"Organization\",\"@id\":\"https:\/\/www.blackfridaydeals.ch\/fr\/#organization\",\"name\":\"blackfridaydeals.ch\",\"alternateName\":\"Black Friday Deals\",\"url\":\"https:\/\/www.blackfridaydeals.ch\/fr\/\",\"logo\":{\"@type\":\"ImageObject\",\"inLanguage\":\"fr-CH\",\"@id\":\"https:\/\/www.blackfridaydeals.ch\/fr\/#\/schema\/logo\/image\/\",\"url\":\"https:\/\/www.blackfridaydeals.ch\/wp-content\/uploads\/2023\/03\/app-icon-white-bg-jpg.jpg\",\"contentUrl\":\"https:\/\/www.blackfridaydeals.ch\/wp-content\/uploads\/2023\/03\/app-icon-white-bg-jpg.jpg\",\"width\":512,\"height\":512,\"caption\":\"blackfridaydeals.ch\"},\"image\":{\"@id\":\"https:\/\/www.blackfridaydeals.ch\/fr\/#\/schema\/logo\/image\/\"},\"sameAs\":[\"https:\/\/www.facebook.com\/blackfridaydealsch\/\",\"https:\/\/twitter.com\/blackfridaych\",\"https:\/\/www.youtube.com\/channel\/UCNKXHacMw8AS34mBgzVx3FQ\",\"https:\/\/www.instagram.com\/blackfridaydeals.ch\/\"]},{\"@type\":\"Person\",\"@id\":\"https:\/\/www.blackfridaydeals.ch\/fr\/#\/schema\/person\/cb7a12b7ba2e6d4b46b9986bd692e30a\",\"name\":\"Rafael Imhof\",\"image\":{\"@type\":\"ImageObject\",\"inLanguage\":\"fr-CH\",\"@id\":\"https:\/\/www.blackfridaydeals.ch\/fr\/#\/schema\/person\/image\/\",\"url\":\"https:\/\/secure.gravatar.com\/avatar\/91717ab873a13691c2cc966cbf57499c?s=96&d=blank&r=g\",\"contentUrl\":\"https:\/\/secure.gravatar.com\/avatar\/91717ab873a13691c2cc966cbf57499c?s=96&d=blank&r=g\",\"caption\":\"Rafael Imhof\"},\"description\":\"Rafael ist bekannt f\u00fcr seine Begeisterung f\u00fcr Technologie und Elektronik, sowie f\u00fcr seine Liebe zum Reisen. Er ist stets auf der Suche nach neuen Wegen, um Geld zu sparen und dabei das bestm\u00f6gliche Angebot f\u00fcr sich und andere zu finden.\",\"sameAs\":[\"https:\/\/ch.linkedin.com\/in\/rafael-imhof-793284224\"],\"url\":\"https:\/\/www.blackfridaydeals.ch\/fr\/author\/cranklegend\/\"}]}<\/script>\n<!-- \/ Yoast SEO plugin. -->","yoast_head_json":{"title":"30% sur tout (sauf l\u2019\u00e9lectronique) - Black Friday 2026 chez Ackermann","description":"BLACK NOVEMBER chez Ackermann: Du 21.11 au 28.11, il y a -30% de r\u00e9duction sur tout (sauf I'\u00e9lectronique). R\u00e9servez d\u00e8s maintenant vos","robots":{"index":"noindex","follow":"nofollow"},"og_locale":"fr_FR","og_type":"article","og_title":"30% sur tout (sauf l\u2019\u00e9lectronique) - Black Friday 2026 chez Ackermann","og_description":"BLACK NOVEMBER chez Ackermann: Du 21.11 au 28.11, il y a -30% de r\u00e9duction sur tout (sauf I'\u00e9lectronique). R\u00e9servez d\u00e8s maintenant vos","og_url":"https:\/\/www.blackfridaydeals.ch\/fr\/black-friday-ackermann-deals\/","og_site_name":"blackfridaydeals.ch","article_publisher":"https:\/\/www.facebook.com\/blackfridaydealsch\/","article_published_time":"2022-11-20T23:00:56+00:00","article_modified_time":"2022-12-02T13:43:19+00:00","og_image":[{"width":600,"height":300,"url":"https:\/\/www.blackfridaydeals.ch\/wp-content\/uploads\/2022\/11\/ACH_Logo_600x300-2.png","type":"image\/png"}],"author":"Rafael Imhof","twitter_card":"summary_large_image","twitter_creator":"@blackfridaych","twitter_site":"@blackfridaych","twitter_misc":{"Written by":"Rafael Imhof"},"schema":{"@context":"https:\/\/schema.org","@graph":[{"@type":"Article","@id":"https:\/\/www.blackfridaydeals.ch\/fr\/black-friday-ackermann-deals\/#article","isPartOf":{"@id":"https:\/\/www.blackfridaydeals.ch\/fr\/black-friday-ackermann-deals\/"},"author":{"name":"Rafael Imhof","@id":"https:\/\/www.blackfridaydeals.ch\/fr\/#\/schema\/person\/cb7a12b7ba2e6d4b46b9986bd692e30a"},"headline":"30% sur tout (sauf l\u2019\u00e9lectronique)","datePublished":"2022-11-20T23:00:56+00:00","dateModified":"2022-12-02T13:43:19+00:00","mainEntityOfPage":{"@id":"https:\/\/www.blackfridaydeals.ch\/fr\/black-friday-ackermann-deals\/"},"wordCount":31,"commentCount":0,"publisher":{"@id":"https:\/\/www.blackfridaydeals.ch\/fr\/#organization"},"keywords":["Blackfriday2022-fr","Cybermonday2022-fr","Cyberweek2022-fr","slider-fr"],"articleSection":["Diverses"],"inLanguage":"fr-CH","potentialAction":[{"@type":"CommentAction","name":"Comment","target":["https:\/\/www.blackfridaydeals.ch\/fr\/black-friday-ackermann-deals\/#respond"]}]},{"@type":"WebPage","@id":"https:\/\/www.blackfridaydeals.ch\/fr\/black-friday-ackermann-deals\/","url":"https:\/\/www.blackfridaydeals.ch\/fr\/black-friday-ackermann-deals\/","name":"30% sur tout (sauf l\u2019\u00e9lectronique) - Black Friday 2026 chez Ackermann","isPartOf":{"@id":"https:\/\/www.blackfridaydeals.ch\/fr\/#website"},"datePublished":"2022-11-20T23:00:56+00:00","dateModified":"2022-12-02T13:43:19+00:00","description":"BLACK NOVEMBER chez Ackermann: Du 21.11 au 28.11, il y a -30% de r\u00e9duction sur tout (sauf I'\u00e9lectronique). R\u00e9servez d\u00e8s maintenant vos","breadcrumb":{"@id":"https:\/\/www.blackfridaydeals.ch\/fr\/black-friday-ackermann-deals\/#breadcrumb"},"inLanguage":"fr-CH","potentialAction":[{"@type":"ReadAction","target":["https:\/\/www.blackfridaydeals.ch\/fr\/black-friday-ackermann-deals\/"]}]},{"@type":"BreadcrumbList","@id":"https:\/\/www.blackfridaydeals.ch\/fr\/black-friday-ackermann-deals\/#breadcrumb","itemListElement":[{"@type":"ListItem","position":1,"name":"Startseite","item":"https:\/\/www.blackfridaydeals.ch\/fr\/"},{"@type":"ListItem","position":2,"name":"30% sur tout (sauf l\u2019\u00e9lectronique)"}]},{"@type":"WebSite","@id":"https:\/\/www.blackfridaydeals.ch\/fr\/#website","url":"https:\/\/www.blackfridaydeals.ch\/fr\/","name":"blackfridaydeals.ch","description":"Toutes les offres du Black Friday 2025 en Suisse","publisher":{"@id":"https:\/\/www.blackfridaydeals.ch\/fr\/#organization"},"alternateName":"Black Friday Deals","potentialAction":[{"@type":"SearchAction","target":{"@type":"EntryPoint","urlTemplate":"https:\/\/www.blackfridaydeals.ch\/fr\/?s={search_term_string}"},"query-input":"required name=search_term_string"}],"inLanguage":"fr-CH"},{"@type":"Organization","@id":"https:\/\/www.blackfridaydeals.ch\/fr\/#organization","name":"blackfridaydeals.ch","alternateName":"Black Friday Deals","url":"https:\/\/www.blackfridaydeals.ch\/fr\/","logo":{"@type":"ImageObject","inLanguage":"fr-CH","@id":"https:\/\/www.blackfridaydeals.ch\/fr\/#\/schema\/logo\/image\/","url":"https:\/\/www.blackfridaydeals.ch\/wp-content\/uploads\/2023\/03\/app-icon-white-bg-jpg.jpg","contentUrl":"https:\/\/www.blackfridaydeals.ch\/wp-content\/uploads\/2023\/03\/app-icon-white-bg-jpg.jpg","width":512,"height":512,"caption":"blackfridaydeals.ch"},"image":{"@id":"https:\/\/www.blackfridaydeals.ch\/fr\/#\/schema\/logo\/image\/"},"sameAs":["https:\/\/www.facebook.com\/blackfridaydealsch\/","https:\/\/twitter.com\/blackfridaych","https:\/\/www.youtube.com\/channel\/UCNKXHacMw8AS34mBgzVx3FQ","https:\/\/www.instagram.com\/blackfridaydeals.ch\/"]},{"@type":"Person","@id":"https:\/\/www.blackfridaydeals.ch\/fr\/#\/schema\/person\/cb7a12b7ba2e6d4b46b9986bd692e30a","name":"Rafael Imhof","image":{"@type":"ImageObject","inLanguage":"fr-CH","@id":"https:\/\/www.blackfridaydeals.ch\/fr\/#\/schema\/person\/image\/","url":"https:\/\/secure.gravatar.com\/avatar\/91717ab873a13691c2cc966cbf57499c?s=96&d=blank&r=g","contentUrl":"https:\/\/secure.gravatar.com\/avatar\/91717ab873a13691c2cc966cbf57499c?s=96&d=blank&r=g","caption":"Rafael Imhof"},"description":"Rafael ist bekannt f\u00fcr seine Begeisterung f\u00fcr Technologie und Elektronik, sowie f\u00fcr seine Liebe zum Reisen. Er ist stets auf der Suche nach neuen Wegen, um Geld zu sparen und dabei das bestm\u00f6gliche Angebot f\u00fcr sich und andere zu finden.","sameAs":["https:\/\/ch.linkedin.com\/in\/rafael-imhof-793284224"],"url":"https:\/\/www.blackfridaydeals.ch\/fr\/author\/cranklegend\/"}]}},"amp_enabled":true,"_links":{"self":[{"href":"https:\/\/www.blackfridaydeals.ch\/fr\/wp-json\/wp\/v2\/posts\/55342"}],"collection":[{"href":"https:\/\/www.blackfridaydeals.ch\/fr\/wp-json\/wp\/v2\/posts"}],"about":[{"href":"https:\/\/www.blackfridaydeals.ch\/fr\/wp-json\/wp\/v2\/types\/post"}],"author":[{"embeddable":true,"href":"https:\/\/www.blackfridaydeals.ch\/fr\/wp-json\/wp\/v2\/users\/309"}],"replies":[{"embeddable":true,"href":"https:\/\/www.blackfridaydeals.ch\/fr\/wp-json\/wp\/v2\/comments?post=55342"}],"version-history":[{"count":3,"href":"https:\/\/www.blackfridaydeals.ch\/fr\/wp-json\/wp\/v2\/posts\/55342\/revisions"}],"predecessor-version":[{"id":55555,"href":"https:\/\/www.blackfridaydeals.ch\/fr\/wp-json\/wp\/v2\/posts\/55342\/revisions\/55555"}],"wp:featuredmedia":[{"embeddable":true,"href":"https:\/\/www.blackfridaydeals.ch\/fr\/wp-json\/wp\/v2\/media\/55329"}],"wp:attachment":[{"href":"https:\/\/www.blackfridaydeals.ch\/fr\/wp-json\/wp\/v2\/media?parent=55342"}],"wp:term":[{"taxonomy":"category","embeddable":true,"href":"https:\/\/www.blackfridaydeals.ch\/fr\/wp-json\/wp\/v2\/categories?post=55342"},{"taxonomy":"post_tag","embeddable":true,"href":"https:\/\/www.blackfridaydeals.ch\/fr\/wp-json\/wp\/v2\/tags?post=55342"},{"taxonomy":"dealstore","embeddable":true,"href":"https:\/\/www.blackfridaydeals.ch\/fr\/wp-json\/wp\/v2\/dealstore?post=55342"},{"taxonomy":"offerexpiration","embeddable":true,"href":"https:\/\/www.blackfridaydeals.ch\/fr\/wp-json\/wp\/v2\/offerexpiration?post=55342"}],"curies":[{"name":"wp","href":"https:\/\/api.w.org\/{rel}","templated":true}]}}