{"id":52639,"date":"2022-11-07T00:00:49","date_gmt":"2022-11-06T23:00:49","guid":{"rendered":"https:\/\/www.blackfridaydeals.ch\/?p=52639"},"modified":"2022-11-08T15:52:51","modified_gmt":"2022-11-08T14:52:51","slug":"samsung-the-frame-65-qe65ls03a","status":"publish","type":"post","link":"https:\/\/www.blackfridaydeals.ch\/fr\/samsung-the-frame-65-qe65ls03a\/","title":{"rendered":"Samsung The Frame 65&#8221; QE65LS03A"},"content":{"rendered":"<p>Chez Fust, le t\u00e9l\u00e9viseur Samsung The Frame QE65LS03A 65 pouces est actuellement en promotion. Le t\u00e9l\u00e9viseur est disponible pour 1199 CHF au lieu de 1599 CHF.<\/p>\n","protected":false},"excerpt":{"rendered":"<p>Chez Fust, le t\u00e9l\u00e9viseur Samsung The Frame QE65LS03A 65 pouces est actuellement en promotion. Le t\u00e9l\u00e9viseur est disponible pour 1199 CHF au lieu de 1599 CHF.<\/p>\n","protected":false},"author":40,"featured_media":52563,"comment_status":"open","ping_status":"closed","sticky":false,"template":"","format":"standard","meta":[],"categories":[14212],"tags":[15559],"dealstore":[353],"offerexpiration":[16317],"yoast_head":"<!-- This site is optimized with the Yoast SEO plugin v20.5 - https:\/\/yoast.com\/wordpress\/plugins\/seo\/ -->\n<title>Samsung The Frame 65&#039;&#039; QE65LS03A - blackfridaydeals.ch<\/title>\n<meta name=\"description\" content=\"Chez Fust, le t\u00e9l\u00e9viseur Samsung The Frame QE65LS03A 65 pouces est actuellement en promotion. Le t\u00e9l\u00e9viseur est disponible pour 1199 CHF au lieu de 1599\" \/>\n<meta name=\"robots\" content=\"noindex, nofollow\" \/>\n<meta property=\"og:locale\" content=\"fr_FR\" \/>\n<meta property=\"og:type\" content=\"article\" \/>\n<meta property=\"og:title\" content=\"Samsung The Frame 65&#039;&#039; QE65LS03A - blackfridaydeals.ch\" \/>\n<meta property=\"og:description\" content=\"Chez Fust, le t\u00e9l\u00e9viseur Samsung The Frame QE65LS03A 65 pouces est actuellement en promotion. Le t\u00e9l\u00e9viseur est disponible pour 1199 CHF au lieu de 1599\" \/>\n<meta property=\"og:url\" content=\"https:\/\/www.blackfridaydeals.ch\/fr\/samsung-the-frame-65-qe65ls03a\/\" \/>\n<meta property=\"og:site_name\" content=\"blackfridaydeals.ch\" \/>\n<meta property=\"article:publisher\" content=\"https:\/\/www.facebook.com\/blackfridaydealsch\/\" \/>\n<meta property=\"article:author\" content=\"https:\/\/www.facebook.com\/jueluz\/\" \/>\n<meta property=\"article:published_time\" content=\"2022-11-06T23:00:49+00:00\" \/>\n<meta property=\"article:modified_time\" content=\"2022-11-08T14:52:51+00:00\" \/>\n<meta property=\"og:image\" content=\"https:\/\/www.blackfridaydeals.ch\/wp-content\/uploads\/2022\/11\/LARGE-samsung-the-frame-qe65ls03a.jpg\" \/>\n\t<meta property=\"og:image:width\" content=\"600\" \/>\n\t<meta property=\"og:image:height\" content=\"400\" \/>\n\t<meta property=\"og:image:type\" content=\"image\/jpeg\" \/>\n<meta name=\"author\" content=\"Julian Zrotz\" \/>\n<meta name=\"twitter:card\" content=\"summary_large_image\" \/>\n<meta name=\"twitter:creator\" content=\"@blackfridaych\" \/>\n<meta name=\"twitter:site\" content=\"@blackfridaych\" \/>\n<meta name=\"twitter:label1\" content=\"Written by\" \/>\n\t<meta name=\"twitter:data1\" content=\"Julian Zrotz\" \/>\n<script type=\"application\/ld+json\" class=\"yoast-schema-graph\">{\"@context\":\"https:\/\/schema.org\",\"@graph\":[{\"@type\":\"Article\",\"@id\":\"https:\/\/www.blackfridaydeals.ch\/fr\/samsung-the-frame-65-qe65ls03a\/#article\",\"isPartOf\":{\"@id\":\"https:\/\/www.blackfridaydeals.ch\/fr\/samsung-the-frame-65-qe65ls03a\/\"},\"author\":{\"name\":\"Julian Zrotz\",\"@id\":\"https:\/\/www.blackfridaydeals.ch\/fr\/#\/schema\/person\/9100d4e4886da9d8414fa37987571c62\"},\"headline\":\"Samsung The Frame 65&#8221; QE65LS03A\",\"datePublished\":\"2022-11-06T23:00:49+00:00\",\"dateModified\":\"2022-11-08T14:52:51+00:00\",\"mainEntityOfPage\":{\"@id\":\"https:\/\/www.blackfridaydeals.ch\/fr\/samsung-the-frame-65-qe65ls03a\/\"},\"wordCount\":36,\"commentCount\":0,\"publisher\":{\"@id\":\"https:\/\/www.blackfridaydeals.ch\/fr\/#organization\"},\"keywords\":[\"top-fernseher-fr\"],\"articleSection\":[\"Top-Deals\"],\"inLanguage\":\"fr-CH\",\"potentialAction\":[{\"@type\":\"CommentAction\",\"name\":\"Comment\",\"target\":[\"https:\/\/www.blackfridaydeals.ch\/fr\/samsung-the-frame-65-qe65ls03a\/#respond\"]}]},{\"@type\":\"WebPage\",\"@id\":\"https:\/\/www.blackfridaydeals.ch\/fr\/samsung-the-frame-65-qe65ls03a\/\",\"url\":\"https:\/\/www.blackfridaydeals.ch\/fr\/samsung-the-frame-65-qe65ls03a\/\",\"name\":\"Samsung The Frame 65'' QE65LS03A - blackfridaydeals.ch\",\"isPartOf\":{\"@id\":\"https:\/\/www.blackfridaydeals.ch\/fr\/#website\"},\"datePublished\":\"2022-11-06T23:00:49+00:00\",\"dateModified\":\"2022-11-08T14:52:51+00:00\",\"description\":\"Chez Fust, le t\u00e9l\u00e9viseur Samsung The Frame QE65LS03A 65 pouces est actuellement en promotion. Le t\u00e9l\u00e9viseur est disponible pour 1199 CHF au lieu de 1599\",\"breadcrumb\":{\"@id\":\"https:\/\/www.blackfridaydeals.ch\/fr\/samsung-the-frame-65-qe65ls03a\/#breadcrumb\"},\"inLanguage\":\"fr-CH\",\"potentialAction\":[{\"@type\":\"ReadAction\",\"target\":[\"https:\/\/www.blackfridaydeals.ch\/fr\/samsung-the-frame-65-qe65ls03a\/\"]}]},{\"@type\":\"BreadcrumbList\",\"@id\":\"https:\/\/www.blackfridaydeals.ch\/fr\/samsung-the-frame-65-qe65ls03a\/#breadcrumb\",\"itemListElement\":[{\"@type\":\"ListItem\",\"position\":1,\"name\":\"Startseite\",\"item\":\"https:\/\/www.blackfridaydeals.ch\/fr\/\"},{\"@type\":\"ListItem\",\"position\":2,\"name\":\"Samsung The Frame 65&#8221; QE65LS03A\"}]},{\"@type\":\"WebSite\",\"@id\":\"https:\/\/www.blackfridaydeals.ch\/fr\/#website\",\"url\":\"https:\/\/www.blackfridaydeals.ch\/fr\/\",\"name\":\"blackfridaydeals.ch\",\"description\":\"Toutes les offres du Black Friday 2025 en Suisse\",\"publisher\":{\"@id\":\"https:\/\/www.blackfridaydeals.ch\/fr\/#organization\"},\"alternateName\":\"Black Friday Deals\",\"potentialAction\":[{\"@type\":\"SearchAction\",\"target\":{\"@type\":\"EntryPoint\",\"urlTemplate\":\"https:\/\/www.blackfridaydeals.ch\/fr\/?s={search_term_string}\"},\"query-input\":\"required name=search_term_string\"}],\"inLanguage\":\"fr-CH\"},{\"@type\":\"Organization\",\"@id\":\"https:\/\/www.blackfridaydeals.ch\/fr\/#organization\",\"name\":\"blackfridaydeals.ch\",\"alternateName\":\"Black Friday Deals\",\"url\":\"https:\/\/www.blackfridaydeals.ch\/fr\/\",\"logo\":{\"@type\":\"ImageObject\",\"inLanguage\":\"fr-CH\",\"@id\":\"https:\/\/www.blackfridaydeals.ch\/fr\/#\/schema\/logo\/image\/\",\"url\":\"https:\/\/www.blackfridaydeals.ch\/wp-content\/uploads\/2023\/03\/app-icon-white-bg-jpg.jpg\",\"contentUrl\":\"https:\/\/www.blackfridaydeals.ch\/wp-content\/uploads\/2023\/03\/app-icon-white-bg-jpg.jpg\",\"width\":512,\"height\":512,\"caption\":\"blackfridaydeals.ch\"},\"image\":{\"@id\":\"https:\/\/www.blackfridaydeals.ch\/fr\/#\/schema\/logo\/image\/\"},\"sameAs\":[\"https:\/\/www.facebook.com\/blackfridaydealsch\/\",\"https:\/\/twitter.com\/blackfridaych\",\"https:\/\/www.youtube.com\/channel\/UCNKXHacMw8AS34mBgzVx3FQ\",\"https:\/\/www.instagram.com\/blackfridaydeals.ch\/\"]},{\"@type\":\"Person\",\"@id\":\"https:\/\/www.blackfridaydeals.ch\/fr\/#\/schema\/person\/9100d4e4886da9d8414fa37987571c62\",\"name\":\"Julian Zrotz\",\"image\":{\"@type\":\"ImageObject\",\"inLanguage\":\"fr-CH\",\"@id\":\"https:\/\/www.blackfridaydeals.ch\/fr\/#\/schema\/person\/image\/\",\"url\":\"https:\/\/secure.gravatar.com\/avatar\/da49c5ffe2b85d94c98cb0e0c28802e6?s=96&d=blank&r=g\",\"contentUrl\":\"https:\/\/secure.gravatar.com\/avatar\/da49c5ffe2b85d94c98cb0e0c28802e6?s=96&d=blank&r=g\",\"caption\":\"Julian Zrotz\"},\"description\":\"Bereits Jahre bevor der Black Friday in der Schweiz ankam, informierte sich Julian Zrotz \u00fcber das Shopping-Event in verschiedenen englischsprachigen Medien. Im 2015, als Manor als erster grosser Schweizer H\u00e4ndler das Event in die Schweiz brachte, besuchte Zrotz mehrere Filialen des Warenhauskonzerns, um aus erster Hand den Impact zu erleben, den das Shopping-Event in der Schweiz hat. Er beschloss blackfridaydeals.ch zu gr\u00fcnden. Seither informiert Julian Zrotz die Schweiz \u00fcber den Black Friday. Einerseits mit allgemeinen Informationen, Tipps &amp; Tricks und Prognosen zu allen grossen Schweizer Shops auf der Website blackfridaydeals.ch. Andererseits ist er ein gefragter Gespr\u00e4chspartner f\u00fcr Schweizer Medien. Mit seinen zahlreichen Medienauftritten hat er sich als der Black Friday Experte in der Schweiz etabliert.\",\"sameAs\":[\"https:\/\/www.facebook.com\/jueluz\/\",\"https:\/\/ch.linkedin.com\/in\/julian-zrotz-a4158119\"],\"url\":\"https:\/\/www.blackfridaydeals.ch\/fr\/author\/juelu\/\"}]}<\/script>\n<!-- \/ Yoast SEO plugin. -->","yoast_head_json":{"title":"Samsung The Frame 65'' QE65LS03A - blackfridaydeals.ch","description":"Chez Fust, le t\u00e9l\u00e9viseur Samsung The Frame QE65LS03A 65 pouces est actuellement en promotion. Le t\u00e9l\u00e9viseur est disponible pour 1199 CHF au lieu de 1599","robots":{"index":"noindex","follow":"nofollow"},"og_locale":"fr_FR","og_type":"article","og_title":"Samsung The Frame 65'' QE65LS03A - blackfridaydeals.ch","og_description":"Chez Fust, le t\u00e9l\u00e9viseur Samsung The Frame QE65LS03A 65 pouces est actuellement en promotion. Le t\u00e9l\u00e9viseur est disponible pour 1199 CHF au lieu de 1599","og_url":"https:\/\/www.blackfridaydeals.ch\/fr\/samsung-the-frame-65-qe65ls03a\/","og_site_name":"blackfridaydeals.ch","article_publisher":"https:\/\/www.facebook.com\/blackfridaydealsch\/","article_author":"https:\/\/www.facebook.com\/jueluz\/","article_published_time":"2022-11-06T23:00:49+00:00","article_modified_time":"2022-11-08T14:52:51+00:00","og_image":[{"width":600,"height":400,"url":"https:\/\/www.blackfridaydeals.ch\/wp-content\/uploads\/2022\/11\/LARGE-samsung-the-frame-qe65ls03a.jpg","type":"image\/jpeg"}],"author":"Julian Zrotz","twitter_card":"summary_large_image","twitter_creator":"@blackfridaych","twitter_site":"@blackfridaych","twitter_misc":{"Written by":"Julian Zrotz"},"schema":{"@context":"https:\/\/schema.org","@graph":[{"@type":"Article","@id":"https:\/\/www.blackfridaydeals.ch\/fr\/samsung-the-frame-65-qe65ls03a\/#article","isPartOf":{"@id":"https:\/\/www.blackfridaydeals.ch\/fr\/samsung-the-frame-65-qe65ls03a\/"},"author":{"name":"Julian Zrotz","@id":"https:\/\/www.blackfridaydeals.ch\/fr\/#\/schema\/person\/9100d4e4886da9d8414fa37987571c62"},"headline":"Samsung The Frame 65&#8221; QE65LS03A","datePublished":"2022-11-06T23:00:49+00:00","dateModified":"2022-11-08T14:52:51+00:00","mainEntityOfPage":{"@id":"https:\/\/www.blackfridaydeals.ch\/fr\/samsung-the-frame-65-qe65ls03a\/"},"wordCount":36,"commentCount":0,"publisher":{"@id":"https:\/\/www.blackfridaydeals.ch\/fr\/#organization"},"keywords":["top-fernseher-fr"],"articleSection":["Top-Deals"],"inLanguage":"fr-CH","potentialAction":[{"@type":"CommentAction","name":"Comment","target":["https:\/\/www.blackfridaydeals.ch\/fr\/samsung-the-frame-65-qe65ls03a\/#respond"]}]},{"@type":"WebPage","@id":"https:\/\/www.blackfridaydeals.ch\/fr\/samsung-the-frame-65-qe65ls03a\/","url":"https:\/\/www.blackfridaydeals.ch\/fr\/samsung-the-frame-65-qe65ls03a\/","name":"Samsung The Frame 65'' QE65LS03A - blackfridaydeals.ch","isPartOf":{"@id":"https:\/\/www.blackfridaydeals.ch\/fr\/#website"},"datePublished":"2022-11-06T23:00:49+00:00","dateModified":"2022-11-08T14:52:51+00:00","description":"Chez Fust, le t\u00e9l\u00e9viseur Samsung The Frame QE65LS03A 65 pouces est actuellement en promotion. Le t\u00e9l\u00e9viseur est disponible pour 1199 CHF au lieu de 1599","breadcrumb":{"@id":"https:\/\/www.blackfridaydeals.ch\/fr\/samsung-the-frame-65-qe65ls03a\/#breadcrumb"},"inLanguage":"fr-CH","potentialAction":[{"@type":"ReadAction","target":["https:\/\/www.blackfridaydeals.ch\/fr\/samsung-the-frame-65-qe65ls03a\/"]}]},{"@type":"BreadcrumbList","@id":"https:\/\/www.blackfridaydeals.ch\/fr\/samsung-the-frame-65-qe65ls03a\/#breadcrumb","itemListElement":[{"@type":"ListItem","position":1,"name":"Startseite","item":"https:\/\/www.blackfridaydeals.ch\/fr\/"},{"@type":"ListItem","position":2,"name":"Samsung The Frame 65&#8221; QE65LS03A"}]},{"@type":"WebSite","@id":"https:\/\/www.blackfridaydeals.ch\/fr\/#website","url":"https:\/\/www.blackfridaydeals.ch\/fr\/","name":"blackfridaydeals.ch","description":"Toutes les offres du Black Friday 2025 en Suisse","publisher":{"@id":"https:\/\/www.blackfridaydeals.ch\/fr\/#organization"},"alternateName":"Black Friday Deals","potentialAction":[{"@type":"SearchAction","target":{"@type":"EntryPoint","urlTemplate":"https:\/\/www.blackfridaydeals.ch\/fr\/?s={search_term_string}"},"query-input":"required name=search_term_string"}],"inLanguage":"fr-CH"},{"@type":"Organization","@id":"https:\/\/www.blackfridaydeals.ch\/fr\/#organization","name":"blackfridaydeals.ch","alternateName":"Black Friday Deals","url":"https:\/\/www.blackfridaydeals.ch\/fr\/","logo":{"@type":"ImageObject","inLanguage":"fr-CH","@id":"https:\/\/www.blackfridaydeals.ch\/fr\/#\/schema\/logo\/image\/","url":"https:\/\/www.blackfridaydeals.ch\/wp-content\/uploads\/2023\/03\/app-icon-white-bg-jpg.jpg","contentUrl":"https:\/\/www.blackfridaydeals.ch\/wp-content\/uploads\/2023\/03\/app-icon-white-bg-jpg.jpg","width":512,"height":512,"caption":"blackfridaydeals.ch"},"image":{"@id":"https:\/\/www.blackfridaydeals.ch\/fr\/#\/schema\/logo\/image\/"},"sameAs":["https:\/\/www.facebook.com\/blackfridaydealsch\/","https:\/\/twitter.com\/blackfridaych","https:\/\/www.youtube.com\/channel\/UCNKXHacMw8AS34mBgzVx3FQ","https:\/\/www.instagram.com\/blackfridaydeals.ch\/"]},{"@type":"Person","@id":"https:\/\/www.blackfridaydeals.ch\/fr\/#\/schema\/person\/9100d4e4886da9d8414fa37987571c62","name":"Julian Zrotz","image":{"@type":"ImageObject","inLanguage":"fr-CH","@id":"https:\/\/www.blackfridaydeals.ch\/fr\/#\/schema\/person\/image\/","url":"https:\/\/secure.gravatar.com\/avatar\/da49c5ffe2b85d94c98cb0e0c28802e6?s=96&d=blank&r=g","contentUrl":"https:\/\/secure.gravatar.com\/avatar\/da49c5ffe2b85d94c98cb0e0c28802e6?s=96&d=blank&r=g","caption":"Julian Zrotz"},"description":"Bereits Jahre bevor der Black Friday in der Schweiz ankam, informierte sich Julian Zrotz \u00fcber das Shopping-Event in verschiedenen englischsprachigen Medien. Im 2015, als Manor als erster grosser Schweizer H\u00e4ndler das Event in die Schweiz brachte, besuchte Zrotz mehrere Filialen des Warenhauskonzerns, um aus erster Hand den Impact zu erleben, den das Shopping-Event in der Schweiz hat. Er beschloss blackfridaydeals.ch zu gr\u00fcnden. Seither informiert Julian Zrotz die Schweiz \u00fcber den Black Friday. Einerseits mit allgemeinen Informationen, Tipps &amp; Tricks und Prognosen zu allen grossen Schweizer Shops auf der Website blackfridaydeals.ch. Andererseits ist er ein gefragter Gespr\u00e4chspartner f\u00fcr Schweizer Medien. Mit seinen zahlreichen Medienauftritten hat er sich als der Black Friday Experte in der Schweiz etabliert.","sameAs":["https:\/\/www.facebook.com\/jueluz\/","https:\/\/ch.linkedin.com\/in\/julian-zrotz-a4158119"],"url":"https:\/\/www.blackfridaydeals.ch\/fr\/author\/juelu\/"}]}},"amp_enabled":true,"_links":{"self":[{"href":"https:\/\/www.blackfridaydeals.ch\/fr\/wp-json\/wp\/v2\/posts\/52639"}],"collection":[{"href":"https:\/\/www.blackfridaydeals.ch\/fr\/wp-json\/wp\/v2\/posts"}],"about":[{"href":"https:\/\/www.blackfridaydeals.ch\/fr\/wp-json\/wp\/v2\/types\/post"}],"author":[{"embeddable":true,"href":"https:\/\/www.blackfridaydeals.ch\/fr\/wp-json\/wp\/v2\/users\/40"}],"replies":[{"embeddable":true,"href":"https:\/\/www.blackfridaydeals.ch\/fr\/wp-json\/wp\/v2\/comments?post=52639"}],"version-history":[{"count":2,"href":"https:\/\/www.blackfridaydeals.ch\/fr\/wp-json\/wp\/v2\/posts\/52639\/revisions"}],"predecessor-version":[{"id":52642,"href":"https:\/\/www.blackfridaydeals.ch\/fr\/wp-json\/wp\/v2\/posts\/52639\/revisions\/52642"}],"wp:featuredmedia":[{"embeddable":true,"href":"https:\/\/www.blackfridaydeals.ch\/fr\/wp-json\/wp\/v2\/media\/52563"}],"wp:attachment":[{"href":"https:\/\/www.blackfridaydeals.ch\/fr\/wp-json\/wp\/v2\/media?parent=52639"}],"wp:term":[{"taxonomy":"category","embeddable":true,"href":"https:\/\/www.blackfridaydeals.ch\/fr\/wp-json\/wp\/v2\/categories?post=52639"},{"taxonomy":"post_tag","embeddable":true,"href":"https:\/\/www.blackfridaydeals.ch\/fr\/wp-json\/wp\/v2\/tags?post=52639"},{"taxonomy":"dealstore","embeddable":true,"href":"https:\/\/www.blackfridaydeals.ch\/fr\/wp-json\/wp\/v2\/dealstore?post=52639"},{"taxonomy":"offerexpiration","embeddable":true,"href":"https:\/\/www.blackfridaydeals.ch\/fr\/wp-json\/wp\/v2\/offerexpiration?post=52639"}],"curies":[{"name":"wp","href":"https:\/\/api.w.org\/{rel}","templated":true}]}}