{"id":52469,"date":"2022-11-07T00:00:38","date_gmt":"2022-11-06T23:00:38","guid":{"rendered":"https:\/\/www.blackfridaydeals.ch\/?p=52469"},"modified":"2022-12-05T11:31:29","modified_gmt":"2022-12-05T10:31:29","slug":"philips-bodenstaubsauger-powerpro-active","status":"publish","type":"post","link":"https:\/\/www.blackfridaydeals.ch\/fr\/philips-bodenstaubsauger-powerpro-active\/","title":{"rendered":"Philips &#8211; Aspirateur sans sac PowerPro Active"},"content":{"rendered":"<p>Fust propose actuellement l&#8217;aspirateur PowerPro Active de Phillips pour CHF 149.90 au lieu de CHF 249.90. Cet aspirateur compact et l\u00e9ger convient bien aux sols durs et aux tapis. Il est livr\u00e9 avec un embout pour sol, un embout pour fentes, une brosse int\u00e9gr\u00e9e, un embout pour meubles et un embout pour sols durs.<\/p>\n","protected":false},"excerpt":{"rendered":"<p>Fust propose actuellement l&#8217;aspirateur PowerPro Active de Phillips pour CHF 149.90 au lieu de CHF 249.90. Cet aspirateur compact et l\u00e9ger convient bien aux sols durs et aux tapis. Il est livr\u00e9 avec un embout pour sol, un embout pour fentes, une brosse int\u00e9gr\u00e9e, un embout pour meubles et un embout pour sols durs.<\/p>\n","protected":false},"author":40,"featured_media":52346,"comment_status":"open","ping_status":"closed","sticky":false,"template":"","format":"standard","meta":[],"categories":[14212],"tags":[16050],"dealstore":[353],"offerexpiration":[16317],"yoast_head":"<!-- This site is optimized with the Yoast SEO plugin v20.5 - https:\/\/yoast.com\/wordpress\/plugins\/seo\/ -->\n<title>Philips - Aspirateur sans sac PowerPro Active - blackfridaydeals.ch<\/title>\n<meta name=\"description\" content=\"Fust propose actuellement l&#039;aspirateur PowerPro Active de Phillips pour CHF 149.90 au lieu de CHF 249.90. Cet aspirateur compact et l\u00e9ger convient bien\" \/>\n<meta name=\"robots\" content=\"noindex, nofollow\" \/>\n<meta property=\"og:locale\" content=\"fr_FR\" \/>\n<meta property=\"og:type\" content=\"article\" \/>\n<meta property=\"og:title\" content=\"Philips - Aspirateur sans sac PowerPro Active - blackfridaydeals.ch\" \/>\n<meta property=\"og:description\" content=\"Fust propose actuellement l&#039;aspirateur PowerPro Active de Phillips pour CHF 149.90 au lieu de CHF 249.90. Cet aspirateur compact et l\u00e9ger convient bien\" \/>\n<meta property=\"og:url\" content=\"https:\/\/www.blackfridaydeals.ch\/fr\/philips-bodenstaubsauger-powerpro-active\/\" \/>\n<meta property=\"og:site_name\" content=\"blackfridaydeals.ch\" \/>\n<meta property=\"article:publisher\" content=\"https:\/\/www.facebook.com\/blackfridaydealsch\/\" \/>\n<meta property=\"article:author\" content=\"https:\/\/www.facebook.com\/jueluz\/\" \/>\n<meta property=\"article:published_time\" content=\"2022-11-06T23:00:38+00:00\" \/>\n<meta property=\"article:modified_time\" content=\"2022-12-05T10:31:29+00:00\" \/>\n<meta property=\"og:image\" content=\"https:\/\/www.blackfridaydeals.ch\/wp-content\/uploads\/2022\/11\/58039425_xxl3.jpg\" \/>\n\t<meta property=\"og:image:width\" content=\"600\" \/>\n\t<meta property=\"og:image:height\" content=\"400\" \/>\n\t<meta property=\"og:image:type\" content=\"image\/jpeg\" \/>\n<meta name=\"author\" content=\"Julian Zrotz\" \/>\n<meta name=\"twitter:card\" content=\"summary_large_image\" \/>\n<meta name=\"twitter:creator\" content=\"@blackfridaych\" \/>\n<meta name=\"twitter:site\" content=\"@blackfridaych\" \/>\n<meta name=\"twitter:label1\" content=\"Written by\" \/>\n\t<meta name=\"twitter:data1\" content=\"Julian Zrotz\" \/>\n<script type=\"application\/ld+json\" class=\"yoast-schema-graph\">{\"@context\":\"https:\/\/schema.org\",\"@graph\":[{\"@type\":\"Article\",\"@id\":\"https:\/\/www.blackfridaydeals.ch\/fr\/philips-bodenstaubsauger-powerpro-active\/#article\",\"isPartOf\":{\"@id\":\"https:\/\/www.blackfridaydeals.ch\/fr\/philips-bodenstaubsauger-powerpro-active\/\"},\"author\":{\"name\":\"Julian Zrotz\",\"@id\":\"https:\/\/www.blackfridaydeals.ch\/fr\/#\/schema\/person\/9100d4e4886da9d8414fa37987571c62\"},\"headline\":\"Philips &#8211; Aspirateur sans sac PowerPro Active\",\"datePublished\":\"2022-11-06T23:00:38+00:00\",\"dateModified\":\"2022-12-05T10:31:29+00:00\",\"mainEntityOfPage\":{\"@id\":\"https:\/\/www.blackfridaydeals.ch\/fr\/philips-bodenstaubsauger-powerpro-active\/\"},\"wordCount\":62,\"commentCount\":0,\"publisher\":{\"@id\":\"https:\/\/www.blackfridaydeals.ch\/fr\/#organization\"},\"keywords\":[\"top-haushalt-fr\"],\"articleSection\":[\"Top-Deals\"],\"inLanguage\":\"fr-CH\",\"potentialAction\":[{\"@type\":\"CommentAction\",\"name\":\"Comment\",\"target\":[\"https:\/\/www.blackfridaydeals.ch\/fr\/philips-bodenstaubsauger-powerpro-active\/#respond\"]}]},{\"@type\":\"WebPage\",\"@id\":\"https:\/\/www.blackfridaydeals.ch\/fr\/philips-bodenstaubsauger-powerpro-active\/\",\"url\":\"https:\/\/www.blackfridaydeals.ch\/fr\/philips-bodenstaubsauger-powerpro-active\/\",\"name\":\"Philips - Aspirateur sans sac PowerPro Active - blackfridaydeals.ch\",\"isPartOf\":{\"@id\":\"https:\/\/www.blackfridaydeals.ch\/fr\/#website\"},\"datePublished\":\"2022-11-06T23:00:38+00:00\",\"dateModified\":\"2022-12-05T10:31:29+00:00\",\"description\":\"Fust propose actuellement l'aspirateur PowerPro Active de Phillips pour CHF 149.90 au lieu de CHF 249.90. Cet aspirateur compact et l\u00e9ger convient bien\",\"breadcrumb\":{\"@id\":\"https:\/\/www.blackfridaydeals.ch\/fr\/philips-bodenstaubsauger-powerpro-active\/#breadcrumb\"},\"inLanguage\":\"fr-CH\",\"potentialAction\":[{\"@type\":\"ReadAction\",\"target\":[\"https:\/\/www.blackfridaydeals.ch\/fr\/philips-bodenstaubsauger-powerpro-active\/\"]}]},{\"@type\":\"BreadcrumbList\",\"@id\":\"https:\/\/www.blackfridaydeals.ch\/fr\/philips-bodenstaubsauger-powerpro-active\/#breadcrumb\",\"itemListElement\":[{\"@type\":\"ListItem\",\"position\":1,\"name\":\"Startseite\",\"item\":\"https:\/\/www.blackfridaydeals.ch\/fr\/\"},{\"@type\":\"ListItem\",\"position\":2,\"name\":\"Philips &#8211; Aspirateur sans sac PowerPro Active\"}]},{\"@type\":\"WebSite\",\"@id\":\"https:\/\/www.blackfridaydeals.ch\/fr\/#website\",\"url\":\"https:\/\/www.blackfridaydeals.ch\/fr\/\",\"name\":\"blackfridaydeals.ch\",\"description\":\"Toutes les offres du Black Friday 2025 en Suisse\",\"publisher\":{\"@id\":\"https:\/\/www.blackfridaydeals.ch\/fr\/#organization\"},\"alternateName\":\"Black Friday Deals\",\"potentialAction\":[{\"@type\":\"SearchAction\",\"target\":{\"@type\":\"EntryPoint\",\"urlTemplate\":\"https:\/\/www.blackfridaydeals.ch\/fr\/?s={search_term_string}\"},\"query-input\":\"required name=search_term_string\"}],\"inLanguage\":\"fr-CH\"},{\"@type\":\"Organization\",\"@id\":\"https:\/\/www.blackfridaydeals.ch\/fr\/#organization\",\"name\":\"blackfridaydeals.ch\",\"alternateName\":\"Black Friday Deals\",\"url\":\"https:\/\/www.blackfridaydeals.ch\/fr\/\",\"logo\":{\"@type\":\"ImageObject\",\"inLanguage\":\"fr-CH\",\"@id\":\"https:\/\/www.blackfridaydeals.ch\/fr\/#\/schema\/logo\/image\/\",\"url\":\"https:\/\/www.blackfridaydeals.ch\/wp-content\/uploads\/2023\/03\/app-icon-white-bg-jpg.jpg\",\"contentUrl\":\"https:\/\/www.blackfridaydeals.ch\/wp-content\/uploads\/2023\/03\/app-icon-white-bg-jpg.jpg\",\"width\":512,\"height\":512,\"caption\":\"blackfridaydeals.ch\"},\"image\":{\"@id\":\"https:\/\/www.blackfridaydeals.ch\/fr\/#\/schema\/logo\/image\/\"},\"sameAs\":[\"https:\/\/www.facebook.com\/blackfridaydealsch\/\",\"https:\/\/twitter.com\/blackfridaych\",\"https:\/\/www.youtube.com\/channel\/UCNKXHacMw8AS34mBgzVx3FQ\",\"https:\/\/www.instagram.com\/blackfridaydeals.ch\/\"]},{\"@type\":\"Person\",\"@id\":\"https:\/\/www.blackfridaydeals.ch\/fr\/#\/schema\/person\/9100d4e4886da9d8414fa37987571c62\",\"name\":\"Julian Zrotz\",\"image\":{\"@type\":\"ImageObject\",\"inLanguage\":\"fr-CH\",\"@id\":\"https:\/\/www.blackfridaydeals.ch\/fr\/#\/schema\/person\/image\/\",\"url\":\"https:\/\/secure.gravatar.com\/avatar\/da49c5ffe2b85d94c98cb0e0c28802e6?s=96&d=blank&r=g\",\"contentUrl\":\"https:\/\/secure.gravatar.com\/avatar\/da49c5ffe2b85d94c98cb0e0c28802e6?s=96&d=blank&r=g\",\"caption\":\"Julian Zrotz\"},\"description\":\"Bereits Jahre bevor der Black Friday in der Schweiz ankam, informierte sich Julian Zrotz \u00fcber das Shopping-Event in verschiedenen englischsprachigen Medien. Im 2015, als Manor als erster grosser Schweizer H\u00e4ndler das Event in die Schweiz brachte, besuchte Zrotz mehrere Filialen des Warenhauskonzerns, um aus erster Hand den Impact zu erleben, den das Shopping-Event in der Schweiz hat. Er beschloss blackfridaydeals.ch zu gr\u00fcnden. Seither informiert Julian Zrotz die Schweiz \u00fcber den Black Friday. Einerseits mit allgemeinen Informationen, Tipps &amp; Tricks und Prognosen zu allen grossen Schweizer Shops auf der Website blackfridaydeals.ch. Andererseits ist er ein gefragter Gespr\u00e4chspartner f\u00fcr Schweizer Medien. Mit seinen zahlreichen Medienauftritten hat er sich als der Black Friday Experte in der Schweiz etabliert.\",\"sameAs\":[\"https:\/\/www.facebook.com\/jueluz\/\",\"https:\/\/ch.linkedin.com\/in\/julian-zrotz-a4158119\"],\"url\":\"https:\/\/www.blackfridaydeals.ch\/fr\/author\/juelu\/\"}]}<\/script>\n<!-- \/ Yoast SEO plugin. -->","yoast_head_json":{"title":"Philips - Aspirateur sans sac PowerPro Active - blackfridaydeals.ch","description":"Fust propose actuellement l'aspirateur PowerPro Active de Phillips pour CHF 149.90 au lieu de CHF 249.90. Cet aspirateur compact et l\u00e9ger convient bien","robots":{"index":"noindex","follow":"nofollow"},"og_locale":"fr_FR","og_type":"article","og_title":"Philips - Aspirateur sans sac PowerPro Active - blackfridaydeals.ch","og_description":"Fust propose actuellement l'aspirateur PowerPro Active de Phillips pour CHF 149.90 au lieu de CHF 249.90. Cet aspirateur compact et l\u00e9ger convient bien","og_url":"https:\/\/www.blackfridaydeals.ch\/fr\/philips-bodenstaubsauger-powerpro-active\/","og_site_name":"blackfridaydeals.ch","article_publisher":"https:\/\/www.facebook.com\/blackfridaydealsch\/","article_author":"https:\/\/www.facebook.com\/jueluz\/","article_published_time":"2022-11-06T23:00:38+00:00","article_modified_time":"2022-12-05T10:31:29+00:00","og_image":[{"width":600,"height":400,"url":"https:\/\/www.blackfridaydeals.ch\/wp-content\/uploads\/2022\/11\/58039425_xxl3.jpg","type":"image\/jpeg"}],"author":"Julian Zrotz","twitter_card":"summary_large_image","twitter_creator":"@blackfridaych","twitter_site":"@blackfridaych","twitter_misc":{"Written by":"Julian Zrotz"},"schema":{"@context":"https:\/\/schema.org","@graph":[{"@type":"Article","@id":"https:\/\/www.blackfridaydeals.ch\/fr\/philips-bodenstaubsauger-powerpro-active\/#article","isPartOf":{"@id":"https:\/\/www.blackfridaydeals.ch\/fr\/philips-bodenstaubsauger-powerpro-active\/"},"author":{"name":"Julian Zrotz","@id":"https:\/\/www.blackfridaydeals.ch\/fr\/#\/schema\/person\/9100d4e4886da9d8414fa37987571c62"},"headline":"Philips &#8211; Aspirateur sans sac PowerPro Active","datePublished":"2022-11-06T23:00:38+00:00","dateModified":"2022-12-05T10:31:29+00:00","mainEntityOfPage":{"@id":"https:\/\/www.blackfridaydeals.ch\/fr\/philips-bodenstaubsauger-powerpro-active\/"},"wordCount":62,"commentCount":0,"publisher":{"@id":"https:\/\/www.blackfridaydeals.ch\/fr\/#organization"},"keywords":["top-haushalt-fr"],"articleSection":["Top-Deals"],"inLanguage":"fr-CH","potentialAction":[{"@type":"CommentAction","name":"Comment","target":["https:\/\/www.blackfridaydeals.ch\/fr\/philips-bodenstaubsauger-powerpro-active\/#respond"]}]},{"@type":"WebPage","@id":"https:\/\/www.blackfridaydeals.ch\/fr\/philips-bodenstaubsauger-powerpro-active\/","url":"https:\/\/www.blackfridaydeals.ch\/fr\/philips-bodenstaubsauger-powerpro-active\/","name":"Philips - Aspirateur sans sac PowerPro Active - blackfridaydeals.ch","isPartOf":{"@id":"https:\/\/www.blackfridaydeals.ch\/fr\/#website"},"datePublished":"2022-11-06T23:00:38+00:00","dateModified":"2022-12-05T10:31:29+00:00","description":"Fust propose actuellement l'aspirateur PowerPro Active de Phillips pour CHF 149.90 au lieu de CHF 249.90. Cet aspirateur compact et l\u00e9ger convient bien","breadcrumb":{"@id":"https:\/\/www.blackfridaydeals.ch\/fr\/philips-bodenstaubsauger-powerpro-active\/#breadcrumb"},"inLanguage":"fr-CH","potentialAction":[{"@type":"ReadAction","target":["https:\/\/www.blackfridaydeals.ch\/fr\/philips-bodenstaubsauger-powerpro-active\/"]}]},{"@type":"BreadcrumbList","@id":"https:\/\/www.blackfridaydeals.ch\/fr\/philips-bodenstaubsauger-powerpro-active\/#breadcrumb","itemListElement":[{"@type":"ListItem","position":1,"name":"Startseite","item":"https:\/\/www.blackfridaydeals.ch\/fr\/"},{"@type":"ListItem","position":2,"name":"Philips &#8211; Aspirateur sans sac PowerPro Active"}]},{"@type":"WebSite","@id":"https:\/\/www.blackfridaydeals.ch\/fr\/#website","url":"https:\/\/www.blackfridaydeals.ch\/fr\/","name":"blackfridaydeals.ch","description":"Toutes les offres du Black Friday 2025 en Suisse","publisher":{"@id":"https:\/\/www.blackfridaydeals.ch\/fr\/#organization"},"alternateName":"Black Friday Deals","potentialAction":[{"@type":"SearchAction","target":{"@type":"EntryPoint","urlTemplate":"https:\/\/www.blackfridaydeals.ch\/fr\/?s={search_term_string}"},"query-input":"required name=search_term_string"}],"inLanguage":"fr-CH"},{"@type":"Organization","@id":"https:\/\/www.blackfridaydeals.ch\/fr\/#organization","name":"blackfridaydeals.ch","alternateName":"Black Friday Deals","url":"https:\/\/www.blackfridaydeals.ch\/fr\/","logo":{"@type":"ImageObject","inLanguage":"fr-CH","@id":"https:\/\/www.blackfridaydeals.ch\/fr\/#\/schema\/logo\/image\/","url":"https:\/\/www.blackfridaydeals.ch\/wp-content\/uploads\/2023\/03\/app-icon-white-bg-jpg.jpg","contentUrl":"https:\/\/www.blackfridaydeals.ch\/wp-content\/uploads\/2023\/03\/app-icon-white-bg-jpg.jpg","width":512,"height":512,"caption":"blackfridaydeals.ch"},"image":{"@id":"https:\/\/www.blackfridaydeals.ch\/fr\/#\/schema\/logo\/image\/"},"sameAs":["https:\/\/www.facebook.com\/blackfridaydealsch\/","https:\/\/twitter.com\/blackfridaych","https:\/\/www.youtube.com\/channel\/UCNKXHacMw8AS34mBgzVx3FQ","https:\/\/www.instagram.com\/blackfridaydeals.ch\/"]},{"@type":"Person","@id":"https:\/\/www.blackfridaydeals.ch\/fr\/#\/schema\/person\/9100d4e4886da9d8414fa37987571c62","name":"Julian Zrotz","image":{"@type":"ImageObject","inLanguage":"fr-CH","@id":"https:\/\/www.blackfridaydeals.ch\/fr\/#\/schema\/person\/image\/","url":"https:\/\/secure.gravatar.com\/avatar\/da49c5ffe2b85d94c98cb0e0c28802e6?s=96&d=blank&r=g","contentUrl":"https:\/\/secure.gravatar.com\/avatar\/da49c5ffe2b85d94c98cb0e0c28802e6?s=96&d=blank&r=g","caption":"Julian Zrotz"},"description":"Bereits Jahre bevor der Black Friday in der Schweiz ankam, informierte sich Julian Zrotz \u00fcber das Shopping-Event in verschiedenen englischsprachigen Medien. Im 2015, als Manor als erster grosser Schweizer H\u00e4ndler das Event in die Schweiz brachte, besuchte Zrotz mehrere Filialen des Warenhauskonzerns, um aus erster Hand den Impact zu erleben, den das Shopping-Event in der Schweiz hat. Er beschloss blackfridaydeals.ch zu gr\u00fcnden. Seither informiert Julian Zrotz die Schweiz \u00fcber den Black Friday. Einerseits mit allgemeinen Informationen, Tipps &amp; Tricks und Prognosen zu allen grossen Schweizer Shops auf der Website blackfridaydeals.ch. Andererseits ist er ein gefragter Gespr\u00e4chspartner f\u00fcr Schweizer Medien. Mit seinen zahlreichen Medienauftritten hat er sich als der Black Friday Experte in der Schweiz etabliert.","sameAs":["https:\/\/www.facebook.com\/jueluz\/","https:\/\/ch.linkedin.com\/in\/julian-zrotz-a4158119"],"url":"https:\/\/www.blackfridaydeals.ch\/fr\/author\/juelu\/"}]}},"amp_enabled":true,"_links":{"self":[{"href":"https:\/\/www.blackfridaydeals.ch\/fr\/wp-json\/wp\/v2\/posts\/52469"}],"collection":[{"href":"https:\/\/www.blackfridaydeals.ch\/fr\/wp-json\/wp\/v2\/posts"}],"about":[{"href":"https:\/\/www.blackfridaydeals.ch\/fr\/wp-json\/wp\/v2\/types\/post"}],"author":[{"embeddable":true,"href":"https:\/\/www.blackfridaydeals.ch\/fr\/wp-json\/wp\/v2\/users\/40"}],"replies":[{"embeddable":true,"href":"https:\/\/www.blackfridaydeals.ch\/fr\/wp-json\/wp\/v2\/comments?post=52469"}],"version-history":[{"count":2,"href":"https:\/\/www.blackfridaydeals.ch\/fr\/wp-json\/wp\/v2\/posts\/52469\/revisions"}],"predecessor-version":[{"id":52509,"href":"https:\/\/www.blackfridaydeals.ch\/fr\/wp-json\/wp\/v2\/posts\/52469\/revisions\/52509"}],"wp:featuredmedia":[{"embeddable":true,"href":"https:\/\/www.blackfridaydeals.ch\/fr\/wp-json\/wp\/v2\/media\/52346"}],"wp:attachment":[{"href":"https:\/\/www.blackfridaydeals.ch\/fr\/wp-json\/wp\/v2\/media?parent=52469"}],"wp:term":[{"taxonomy":"category","embeddable":true,"href":"https:\/\/www.blackfridaydeals.ch\/fr\/wp-json\/wp\/v2\/categories?post=52469"},{"taxonomy":"post_tag","embeddable":true,"href":"https:\/\/www.blackfridaydeals.ch\/fr\/wp-json\/wp\/v2\/tags?post=52469"},{"taxonomy":"dealstore","embeddable":true,"href":"https:\/\/www.blackfridaydeals.ch\/fr\/wp-json\/wp\/v2\/dealstore?post=52469"},{"taxonomy":"offerexpiration","embeddable":true,"href":"https:\/\/www.blackfridaydeals.ch\/fr\/wp-json\/wp\/v2\/offerexpiration?post=52469"}],"curies":[{"name":"wp","href":"https:\/\/api.w.org\/{rel}","templated":true}]}}