{"id":47324,"date":"2021-11-26T14:04:24","date_gmt":"2021-11-26T13:04:24","guid":{"rendered":"https:\/\/www.blackfridaydeals.ch\/?p=47324"},"modified":"2022-01-18T17:42:54","modified_gmt":"2022-01-18T16:42:54","slug":"apple-iphone-13-256gb-midnight","status":"publish","type":"post","link":"https:\/\/www.blackfridaydeals.ch\/fr\/apple-iphone-13-256gb-midnight\/","title":{"rendered":"Apple iPhone 13 256GB Midnight"},"content":{"rendered":"<p>Actuellement, Melectronics propose une offre tr\u00e8s int\u00e9ressante sur le nouvel iPhone !<\/p>\n<ul>\n<li>Variante : 256, Minuit<\/li>\n<li>Puce A15 Bionic, moteur neuronal \u00e0 16 c\u0153urs, apprentissage machine plus efficace<\/li>\n<li>\u00c9cran Super Retina XDR de 6.1 pouces avec technologie OLED: r\u00e9solution de 2532 x 1170 px (800 nits, HDR, True Tone, Haptic Touch)<\/li>\n<li>Double cam\u00e9ra principale de 12 MP (objectif grand angle et ultra grand angle, OIS \u00e0 d\u00e9calage de capteur, mode cin\u00e9matique) et cam\u00e9ra TrueDepth de 12 MP (portraits bokeh, vid\u00e9os 4K et bien plus encore)<\/li>\n<li>Connectivit\u00e9 sans fil rapide avec 5G mobile, WLAN 802.11ax, double SIM (eSim\/Nano-SIM), Bluetooth 5.0, NFC, recharge sans fil<\/li>\n<li>\u00c9tanch\u00e9it\u00e9 \u00e0 la poussi\u00e8re et aux \u00e9claboussures selon la norme IP68 ; verre &#8220;Ceramic Shield&#8221;, authentification s\u00e9curis\u00e9e via Face ID (reconnaissance faciale)<\/li>\n<\/ul>\n","protected":false},"excerpt":{"rendered":"<p>Actuellement, Melectronics propose une offre tr\u00e8s int\u00e9ressante sur le nouvel iPhone ! Variante : 256, Minuit Puce A15 Bionic, moteur neuronal \u00e0 16 c\u0153urs, apprentissage machine plus efficace \u00c9cran Super Retina XDR de 6.1 pouces avec technologie OLED: r\u00e9solution de 2532 x 1170 px (800 nits, HDR, True Tone, Haptic Touch) Double cam\u00e9ra principale de [&hellip;]<\/p>\n","protected":false},"author":316,"featured_media":47321,"comment_status":"open","ping_status":"closed","sticky":false,"template":"","format":"standard","meta":[],"categories":[14212],"tags":[16054,247],"dealstore":[336],"offerexpiration":[16317],"yoast_head":"<!-- This site is optimized with the Yoast SEO plugin v20.5 - https:\/\/yoast.com\/wordpress\/plugins\/seo\/ -->\n<title>Apple iPhone 13 256GB Midnight - blackfridaydeals.ch<\/title>\n<meta name=\"description\" content=\"Actuellement, Melectronics propose une offre tr\u00e8s int\u00e9ressante sur le nouvel iPhone ! Variante : 256, Minuit Puce A15 Bionic, moteur neuronal \u00e0 16 c\u0153urs,\" \/>\n<meta name=\"robots\" content=\"noindex, nofollow\" \/>\n<meta property=\"og:locale\" content=\"fr_FR\" \/>\n<meta property=\"og:type\" content=\"article\" \/>\n<meta property=\"og:title\" content=\"Apple iPhone 13 256GB Midnight - blackfridaydeals.ch\" \/>\n<meta property=\"og:description\" content=\"Actuellement, Melectronics propose une offre tr\u00e8s int\u00e9ressante sur le nouvel iPhone ! Variante : 256, Minuit Puce A15 Bionic, moteur neuronal \u00e0 16 c\u0153urs,\" \/>\n<meta property=\"og:url\" content=\"https:\/\/www.blackfridaydeals.ch\/fr\/apple-iphone-13-256gb-midnight\/\" \/>\n<meta property=\"og:site_name\" content=\"blackfridaydeals.ch\" \/>\n<meta property=\"article:publisher\" content=\"https:\/\/www.facebook.com\/blackfridaydealsch\/\" \/>\n<meta property=\"article:published_time\" content=\"2021-11-26T13:04:24+00:00\" \/>\n<meta property=\"article:modified_time\" content=\"2022-01-18T16:42:54+00:00\" \/>\n<meta property=\"og:image\" content=\"https:\/\/www.blackfridaydeals.ch\/wp-content\/uploads\/2021\/11\/watch.png\" \/>\n\t<meta property=\"og:image:width\" content=\"404\" \/>\n\t<meta property=\"og:image:height\" content=\"266\" \/>\n\t<meta property=\"og:image:type\" content=\"image\/png\" \/>\n<meta name=\"author\" content=\"Matteo Palermo\" \/>\n<meta name=\"twitter:card\" content=\"summary_large_image\" \/>\n<meta name=\"twitter:creator\" content=\"@blackfridaych\" \/>\n<meta name=\"twitter:site\" content=\"@blackfridaych\" \/>\n<meta name=\"twitter:label1\" content=\"Written by\" \/>\n\t<meta name=\"twitter:data1\" content=\"Matteo Palermo\" \/>\n\t<meta name=\"twitter:label2\" content=\"Est. reading time\" \/>\n\t<meta name=\"twitter:data2\" content=\"1 minute\" \/>\n<script type=\"application\/ld+json\" class=\"yoast-schema-graph\">{\"@context\":\"https:\/\/schema.org\",\"@graph\":[{\"@type\":\"Article\",\"@id\":\"https:\/\/www.blackfridaydeals.ch\/fr\/apple-iphone-13-256gb-midnight\/#article\",\"isPartOf\":{\"@id\":\"https:\/\/www.blackfridaydeals.ch\/fr\/apple-iphone-13-256gb-midnight\/\"},\"author\":{\"name\":\"Matteo Palermo\",\"@id\":\"https:\/\/www.blackfridaydeals.ch\/fr\/#\/schema\/person\/be86aee6197a3c7ba9e2e33d7abca74b\"},\"headline\":\"Apple iPhone 13 256GB Midnight\",\"datePublished\":\"2021-11-26T13:04:24+00:00\",\"dateModified\":\"2022-01-18T16:42:54+00:00\",\"mainEntityOfPage\":{\"@id\":\"https:\/\/www.blackfridaydeals.ch\/fr\/apple-iphone-13-256gb-midnight\/\"},\"wordCount\":128,\"commentCount\":0,\"publisher\":{\"@id\":\"https:\/\/www.blackfridaydeals.ch\/fr\/#organization\"},\"keywords\":[\"top-top-deals-fr\",\"topdeal-fr\"],\"articleSection\":[\"Top-Deals\"],\"inLanguage\":\"fr-CH\",\"potentialAction\":[{\"@type\":\"CommentAction\",\"name\":\"Comment\",\"target\":[\"https:\/\/www.blackfridaydeals.ch\/fr\/apple-iphone-13-256gb-midnight\/#respond\"]}]},{\"@type\":\"WebPage\",\"@id\":\"https:\/\/www.blackfridaydeals.ch\/fr\/apple-iphone-13-256gb-midnight\/\",\"url\":\"https:\/\/www.blackfridaydeals.ch\/fr\/apple-iphone-13-256gb-midnight\/\",\"name\":\"Apple iPhone 13 256GB Midnight - blackfridaydeals.ch\",\"isPartOf\":{\"@id\":\"https:\/\/www.blackfridaydeals.ch\/fr\/#website\"},\"datePublished\":\"2021-11-26T13:04:24+00:00\",\"dateModified\":\"2022-01-18T16:42:54+00:00\",\"description\":\"Actuellement, Melectronics propose une offre tr\u00e8s int\u00e9ressante sur le nouvel iPhone ! Variante : 256, Minuit Puce A15 Bionic, moteur neuronal \u00e0 16 c\u0153urs,\",\"breadcrumb\":{\"@id\":\"https:\/\/www.blackfridaydeals.ch\/fr\/apple-iphone-13-256gb-midnight\/#breadcrumb\"},\"inLanguage\":\"fr-CH\",\"potentialAction\":[{\"@type\":\"ReadAction\",\"target\":[\"https:\/\/www.blackfridaydeals.ch\/fr\/apple-iphone-13-256gb-midnight\/\"]}]},{\"@type\":\"BreadcrumbList\",\"@id\":\"https:\/\/www.blackfridaydeals.ch\/fr\/apple-iphone-13-256gb-midnight\/#breadcrumb\",\"itemListElement\":[{\"@type\":\"ListItem\",\"position\":1,\"name\":\"Startseite\",\"item\":\"https:\/\/www.blackfridaydeals.ch\/fr\/\"},{\"@type\":\"ListItem\",\"position\":2,\"name\":\"Apple iPhone 13 256GB Midnight\"}]},{\"@type\":\"WebSite\",\"@id\":\"https:\/\/www.blackfridaydeals.ch\/fr\/#website\",\"url\":\"https:\/\/www.blackfridaydeals.ch\/fr\/\",\"name\":\"blackfridaydeals.ch\",\"description\":\"Toutes les offres du Black Friday 2025 en Suisse\",\"publisher\":{\"@id\":\"https:\/\/www.blackfridaydeals.ch\/fr\/#organization\"},\"alternateName\":\"Black Friday Deals\",\"potentialAction\":[{\"@type\":\"SearchAction\",\"target\":{\"@type\":\"EntryPoint\",\"urlTemplate\":\"https:\/\/www.blackfridaydeals.ch\/fr\/?s={search_term_string}\"},\"query-input\":\"required name=search_term_string\"}],\"inLanguage\":\"fr-CH\"},{\"@type\":\"Organization\",\"@id\":\"https:\/\/www.blackfridaydeals.ch\/fr\/#organization\",\"name\":\"blackfridaydeals.ch\",\"alternateName\":\"Black Friday Deals\",\"url\":\"https:\/\/www.blackfridaydeals.ch\/fr\/\",\"logo\":{\"@type\":\"ImageObject\",\"inLanguage\":\"fr-CH\",\"@id\":\"https:\/\/www.blackfridaydeals.ch\/fr\/#\/schema\/logo\/image\/\",\"url\":\"https:\/\/www.blackfridaydeals.ch\/wp-content\/uploads\/2023\/03\/app-icon-white-bg-jpg.jpg\",\"contentUrl\":\"https:\/\/www.blackfridaydeals.ch\/wp-content\/uploads\/2023\/03\/app-icon-white-bg-jpg.jpg\",\"width\":512,\"height\":512,\"caption\":\"blackfridaydeals.ch\"},\"image\":{\"@id\":\"https:\/\/www.blackfridaydeals.ch\/fr\/#\/schema\/logo\/image\/\"},\"sameAs\":[\"https:\/\/www.facebook.com\/blackfridaydealsch\/\",\"https:\/\/twitter.com\/blackfridaych\",\"https:\/\/www.youtube.com\/channel\/UCNKXHacMw8AS34mBgzVx3FQ\",\"https:\/\/www.instagram.com\/blackfridaydeals.ch\/\"]},{\"@type\":\"Person\",\"@id\":\"https:\/\/www.blackfridaydeals.ch\/fr\/#\/schema\/person\/be86aee6197a3c7ba9e2e33d7abca74b\",\"name\":\"Matteo Palermo\",\"image\":{\"@type\":\"ImageObject\",\"inLanguage\":\"fr-CH\",\"@id\":\"https:\/\/www.blackfridaydeals.ch\/fr\/#\/schema\/person\/image\/\",\"url\":\"https:\/\/secure.gravatar.com\/avatar\/7f0b27dde998c3217c70a3ecbec8f309?s=96&d=blank&r=g\",\"contentUrl\":\"https:\/\/secure.gravatar.com\/avatar\/7f0b27dde998c3217c70a3ecbec8f309?s=96&d=blank&r=g\",\"caption\":\"Matteo Palermo\"},\"description\":\"Matteo ist ein Schn\u00e4ppchenj\u00e4ger durch und durch. W\u00e4hrend einer langen Zeit hat er sich um alle Partner-Angebote auf der Deal-Website Preispirat und auf blackfridaydeals.ch gek\u00fcmmert. Heute arbeitet er im Crypto-Bereich.\",\"sameAs\":[\"https:\/\/www.linkedin.com\/in\/matteo-palermo-25542b1b9\/\"],\"url\":\"https:\/\/www.blackfridaydeals.ch\/fr\/author\/pvlermo\/\"}]}<\/script>\n<!-- \/ Yoast SEO plugin. -->","yoast_head_json":{"title":"Apple iPhone 13 256GB Midnight - blackfridaydeals.ch","description":"Actuellement, Melectronics propose une offre tr\u00e8s int\u00e9ressante sur le nouvel iPhone ! Variante : 256, Minuit Puce A15 Bionic, moteur neuronal \u00e0 16 c\u0153urs,","robots":{"index":"noindex","follow":"nofollow"},"og_locale":"fr_FR","og_type":"article","og_title":"Apple iPhone 13 256GB Midnight - blackfridaydeals.ch","og_description":"Actuellement, Melectronics propose une offre tr\u00e8s int\u00e9ressante sur le nouvel iPhone ! Variante : 256, Minuit Puce A15 Bionic, moteur neuronal \u00e0 16 c\u0153urs,","og_url":"https:\/\/www.blackfridaydeals.ch\/fr\/apple-iphone-13-256gb-midnight\/","og_site_name":"blackfridaydeals.ch","article_publisher":"https:\/\/www.facebook.com\/blackfridaydealsch\/","article_published_time":"2021-11-26T13:04:24+00:00","article_modified_time":"2022-01-18T16:42:54+00:00","og_image":[{"width":404,"height":266,"url":"https:\/\/www.blackfridaydeals.ch\/wp-content\/uploads\/2021\/11\/watch.png","type":"image\/png"}],"author":"Matteo Palermo","twitter_card":"summary_large_image","twitter_creator":"@blackfridaych","twitter_site":"@blackfridaych","twitter_misc":{"Written by":"Matteo Palermo","Est. reading time":"1 minute"},"schema":{"@context":"https:\/\/schema.org","@graph":[{"@type":"Article","@id":"https:\/\/www.blackfridaydeals.ch\/fr\/apple-iphone-13-256gb-midnight\/#article","isPartOf":{"@id":"https:\/\/www.blackfridaydeals.ch\/fr\/apple-iphone-13-256gb-midnight\/"},"author":{"name":"Matteo Palermo","@id":"https:\/\/www.blackfridaydeals.ch\/fr\/#\/schema\/person\/be86aee6197a3c7ba9e2e33d7abca74b"},"headline":"Apple iPhone 13 256GB Midnight","datePublished":"2021-11-26T13:04:24+00:00","dateModified":"2022-01-18T16:42:54+00:00","mainEntityOfPage":{"@id":"https:\/\/www.blackfridaydeals.ch\/fr\/apple-iphone-13-256gb-midnight\/"},"wordCount":128,"commentCount":0,"publisher":{"@id":"https:\/\/www.blackfridaydeals.ch\/fr\/#organization"},"keywords":["top-top-deals-fr","topdeal-fr"],"articleSection":["Top-Deals"],"inLanguage":"fr-CH","potentialAction":[{"@type":"CommentAction","name":"Comment","target":["https:\/\/www.blackfridaydeals.ch\/fr\/apple-iphone-13-256gb-midnight\/#respond"]}]},{"@type":"WebPage","@id":"https:\/\/www.blackfridaydeals.ch\/fr\/apple-iphone-13-256gb-midnight\/","url":"https:\/\/www.blackfridaydeals.ch\/fr\/apple-iphone-13-256gb-midnight\/","name":"Apple iPhone 13 256GB Midnight - blackfridaydeals.ch","isPartOf":{"@id":"https:\/\/www.blackfridaydeals.ch\/fr\/#website"},"datePublished":"2021-11-26T13:04:24+00:00","dateModified":"2022-01-18T16:42:54+00:00","description":"Actuellement, Melectronics propose une offre tr\u00e8s int\u00e9ressante sur le nouvel iPhone ! Variante : 256, Minuit Puce A15 Bionic, moteur neuronal \u00e0 16 c\u0153urs,","breadcrumb":{"@id":"https:\/\/www.blackfridaydeals.ch\/fr\/apple-iphone-13-256gb-midnight\/#breadcrumb"},"inLanguage":"fr-CH","potentialAction":[{"@type":"ReadAction","target":["https:\/\/www.blackfridaydeals.ch\/fr\/apple-iphone-13-256gb-midnight\/"]}]},{"@type":"BreadcrumbList","@id":"https:\/\/www.blackfridaydeals.ch\/fr\/apple-iphone-13-256gb-midnight\/#breadcrumb","itemListElement":[{"@type":"ListItem","position":1,"name":"Startseite","item":"https:\/\/www.blackfridaydeals.ch\/fr\/"},{"@type":"ListItem","position":2,"name":"Apple iPhone 13 256GB Midnight"}]},{"@type":"WebSite","@id":"https:\/\/www.blackfridaydeals.ch\/fr\/#website","url":"https:\/\/www.blackfridaydeals.ch\/fr\/","name":"blackfridaydeals.ch","description":"Toutes les offres du Black Friday 2025 en Suisse","publisher":{"@id":"https:\/\/www.blackfridaydeals.ch\/fr\/#organization"},"alternateName":"Black Friday Deals","potentialAction":[{"@type":"SearchAction","target":{"@type":"EntryPoint","urlTemplate":"https:\/\/www.blackfridaydeals.ch\/fr\/?s={search_term_string}"},"query-input":"required name=search_term_string"}],"inLanguage":"fr-CH"},{"@type":"Organization","@id":"https:\/\/www.blackfridaydeals.ch\/fr\/#organization","name":"blackfridaydeals.ch","alternateName":"Black Friday Deals","url":"https:\/\/www.blackfridaydeals.ch\/fr\/","logo":{"@type":"ImageObject","inLanguage":"fr-CH","@id":"https:\/\/www.blackfridaydeals.ch\/fr\/#\/schema\/logo\/image\/","url":"https:\/\/www.blackfridaydeals.ch\/wp-content\/uploads\/2023\/03\/app-icon-white-bg-jpg.jpg","contentUrl":"https:\/\/www.blackfridaydeals.ch\/wp-content\/uploads\/2023\/03\/app-icon-white-bg-jpg.jpg","width":512,"height":512,"caption":"blackfridaydeals.ch"},"image":{"@id":"https:\/\/www.blackfridaydeals.ch\/fr\/#\/schema\/logo\/image\/"},"sameAs":["https:\/\/www.facebook.com\/blackfridaydealsch\/","https:\/\/twitter.com\/blackfridaych","https:\/\/www.youtube.com\/channel\/UCNKXHacMw8AS34mBgzVx3FQ","https:\/\/www.instagram.com\/blackfridaydeals.ch\/"]},{"@type":"Person","@id":"https:\/\/www.blackfridaydeals.ch\/fr\/#\/schema\/person\/be86aee6197a3c7ba9e2e33d7abca74b","name":"Matteo Palermo","image":{"@type":"ImageObject","inLanguage":"fr-CH","@id":"https:\/\/www.blackfridaydeals.ch\/fr\/#\/schema\/person\/image\/","url":"https:\/\/secure.gravatar.com\/avatar\/7f0b27dde998c3217c70a3ecbec8f309?s=96&d=blank&r=g","contentUrl":"https:\/\/secure.gravatar.com\/avatar\/7f0b27dde998c3217c70a3ecbec8f309?s=96&d=blank&r=g","caption":"Matteo Palermo"},"description":"Matteo ist ein Schn\u00e4ppchenj\u00e4ger durch und durch. W\u00e4hrend einer langen Zeit hat er sich um alle Partner-Angebote auf der Deal-Website Preispirat und auf blackfridaydeals.ch gek\u00fcmmert. Heute arbeitet er im Crypto-Bereich.","sameAs":["https:\/\/www.linkedin.com\/in\/matteo-palermo-25542b1b9\/"],"url":"https:\/\/www.blackfridaydeals.ch\/fr\/author\/pvlermo\/"}]}},"amp_enabled":true,"_links":{"self":[{"href":"https:\/\/www.blackfridaydeals.ch\/fr\/wp-json\/wp\/v2\/posts\/47324"}],"collection":[{"href":"https:\/\/www.blackfridaydeals.ch\/fr\/wp-json\/wp\/v2\/posts"}],"about":[{"href":"https:\/\/www.blackfridaydeals.ch\/fr\/wp-json\/wp\/v2\/types\/post"}],"author":[{"embeddable":true,"href":"https:\/\/www.blackfridaydeals.ch\/fr\/wp-json\/wp\/v2\/users\/316"}],"replies":[{"embeddable":true,"href":"https:\/\/www.blackfridaydeals.ch\/fr\/wp-json\/wp\/v2\/comments?post=47324"}],"version-history":[{"count":1,"href":"https:\/\/www.blackfridaydeals.ch\/fr\/wp-json\/wp\/v2\/posts\/47324\/revisions"}],"predecessor-version":[{"id":47334,"href":"https:\/\/www.blackfridaydeals.ch\/fr\/wp-json\/wp\/v2\/posts\/47324\/revisions\/47334"}],"wp:featuredmedia":[{"embeddable":true,"href":"https:\/\/www.blackfridaydeals.ch\/fr\/wp-json\/wp\/v2\/media\/47321"}],"wp:attachment":[{"href":"https:\/\/www.blackfridaydeals.ch\/fr\/wp-json\/wp\/v2\/media?parent=47324"}],"wp:term":[{"taxonomy":"category","embeddable":true,"href":"https:\/\/www.blackfridaydeals.ch\/fr\/wp-json\/wp\/v2\/categories?post=47324"},{"taxonomy":"post_tag","embeddable":true,"href":"https:\/\/www.blackfridaydeals.ch\/fr\/wp-json\/wp\/v2\/tags?post=47324"},{"taxonomy":"dealstore","embeddable":true,"href":"https:\/\/www.blackfridaydeals.ch\/fr\/wp-json\/wp\/v2\/dealstore?post=47324"},{"taxonomy":"offerexpiration","embeddable":true,"href":"https:\/\/www.blackfridaydeals.ch\/fr\/wp-json\/wp\/v2\/offerexpiration?post=47324"}],"curies":[{"name":"wp","href":"https:\/\/api.w.org\/{rel}","templated":true}]}}