{"id":43796,"date":"2021-11-28T23:45:54","date_gmt":"2021-11-28T22:45:54","guid":{"rendered":"https:\/\/www.blackfridaydeals.ch\/?p=43796"},"modified":"2022-11-12T17:57:57","modified_gmt":"2022-11-12T16:57:57","slug":"tchibo-cyber-monday-deal","status":"publish","type":"post","link":"https:\/\/www.blackfridaydeals.ch\/fr\/tchibo-cyber-monday-deal\/","title":{"rendered":"&#8211; 30 % sur les vestes !*"},"content":{"rendered":"<p>C\u2019est le moment de se couvrir ! B\u00e9n\u00e9ficiez de &#8211; 30 % sur toutes les vestes chez Tchibo et d\u00e9couvrez nos univers th\u00e9matiques.*<\/p>\n<p><img decoding=\"async\" class=\"aligncenter size-large wp-image-43790\" src=\"https:\/\/www.blackfridaydeals.ch\/wp-content\/uploads\/2021\/11\/tch_1680x946_blackFridayDeals_cybermonday21_CHFR-1024x577.jpg\" alt=\"\" width=\"840\" height=\"473\" srcset=\"https:\/\/www.blackfridaydeals.ch\/wp-content\/uploads\/2021\/11\/tch_1680x946_blackFridayDeals_cybermonday21_CHFR-1024x577.jpg 1024w, https:\/\/www.blackfridaydeals.ch\/wp-content\/uploads\/2021\/11\/tch_1680x946_blackFridayDeals_cybermonday21_CHFR-300x169.jpg 300w, https:\/\/www.blackfridaydeals.ch\/wp-content\/uploads\/2021\/11\/tch_1680x946_blackFridayDeals_cybermonday21_CHFR-767x432.jpg 767w, https:\/\/www.blackfridaydeals.ch\/wp-content\/uploads\/2021\/11\/tch_1680x946_blackFridayDeals_cybermonday21_CHFR-1536x865.jpg 1536w, https:\/\/www.blackfridaydeals.ch\/wp-content\/uploads\/2021\/11\/tch_1680x946_blackFridayDeals_cybermonday21_CHFR-2048x1153.jpg 2048w, https:\/\/www.blackfridaydeals.ch\/wp-content\/uploads\/2021\/11\/tch_1680x946_blackFridayDeals_cybermonday21_CHFR-788x443.jpg 788w, https:\/\/www.blackfridaydeals.ch\/wp-content\/uploads\/2021\/11\/tch_1680x946_blackFridayDeals_cybermonday21_CHFR-150x84.jpg 150w, https:\/\/www.blackfridaydeals.ch\/wp-content\/uploads\/2021\/11\/tch_1680x946_blackFridayDeals_cybermonday21_CHFR.jpg 1680w\" sizes=\"(max-width: 840px) 100vw, 840px\" \/><\/p>\n","protected":false},"excerpt":{"rendered":"<p>C\u2019est le moment de se couvrir ! B\u00e9n\u00e9ficiez de &#8211; 30 % sur toutes les vestes chez Tchibo et d\u00e9couvrez nos univers th\u00e9matiques.*<\/p>\n","protected":false},"author":309,"featured_media":43757,"comment_status":"open","ping_status":"closed","sticky":false,"template":"","format":"standard","meta":[],"categories":[2150],"tags":[],"dealstore":[409],"offerexpiration":[16317],"yoast_head":"<!-- This site is optimized with the Yoast SEO plugin v20.5 - https:\/\/yoast.com\/wordpress\/plugins\/seo\/ -->\n<title>- 30 % sur les vestes !* - blackfridaydeals.ch<\/title>\n<meta name=\"description\" content=\"C\u2019est le moment de se couvrir ! B\u00e9n\u00e9ficiez de - 30 % sur toutes les vestes chez Tchibo et d\u00e9couvrez nos univers th\u00e9matiques.*\" \/>\n<meta name=\"robots\" content=\"noindex, nofollow\" \/>\n<meta property=\"og:locale\" content=\"fr_FR\" \/>\n<meta property=\"og:type\" content=\"article\" \/>\n<meta property=\"og:title\" content=\"- 30 % sur les vestes !* - blackfridaydeals.ch\" \/>\n<meta property=\"og:description\" content=\"C\u2019est le moment de se couvrir ! B\u00e9n\u00e9ficiez de - 30 % sur toutes les vestes chez Tchibo et d\u00e9couvrez nos univers th\u00e9matiques.*\" \/>\n<meta property=\"og:url\" content=\"https:\/\/www.blackfridaydeals.ch\/fr\/tchibo-cyber-monday-deal\/\" \/>\n<meta property=\"og:site_name\" content=\"blackfridaydeals.ch\" \/>\n<meta property=\"article:publisher\" content=\"https:\/\/www.facebook.com\/blackfridaydealsch\/\" \/>\n<meta property=\"article:published_time\" content=\"2021-11-28T22:45:54+00:00\" \/>\n<meta property=\"article:modified_time\" content=\"2022-11-12T16:57:57+00:00\" \/>\n<meta property=\"og:image\" content=\"https:\/\/www.blackfridaydeals.ch\/wp-content\/uploads\/2021\/11\/Logo_600x300_blackFridayDealsHorizontal_DarkGold.png\" \/>\n\t<meta property=\"og:image:width\" content=\"600\" \/>\n\t<meta property=\"og:image:height\" content=\"300\" \/>\n\t<meta property=\"og:image:type\" content=\"image\/png\" \/>\n<meta name=\"author\" content=\"Rafael Imhof\" \/>\n<meta name=\"twitter:card\" content=\"summary_large_image\" \/>\n<meta name=\"twitter:creator\" content=\"@blackfridaych\" \/>\n<meta name=\"twitter:site\" content=\"@blackfridaych\" \/>\n<meta name=\"twitter:label1\" content=\"Written by\" \/>\n\t<meta name=\"twitter:data1\" content=\"Rafael Imhof\" \/>\n<script type=\"application\/ld+json\" class=\"yoast-schema-graph\">{\"@context\":\"https:\/\/schema.org\",\"@graph\":[{\"@type\":\"Article\",\"@id\":\"https:\/\/www.blackfridaydeals.ch\/fr\/tchibo-cyber-monday-deal\/#article\",\"isPartOf\":{\"@id\":\"https:\/\/www.blackfridaydeals.ch\/fr\/tchibo-cyber-monday-deal\/\"},\"author\":{\"name\":\"Rafael Imhof\",\"@id\":\"https:\/\/www.blackfridaydeals.ch\/fr\/#\/schema\/person\/cb7a12b7ba2e6d4b46b9986bd692e30a\"},\"headline\":\"&#8211; 30 % sur les vestes !*\",\"datePublished\":\"2021-11-28T22:45:54+00:00\",\"dateModified\":\"2022-11-12T16:57:57+00:00\",\"mainEntityOfPage\":{\"@id\":\"https:\/\/www.blackfridaydeals.ch\/fr\/tchibo-cyber-monday-deal\/\"},\"wordCount\":28,\"commentCount\":0,\"publisher\":{\"@id\":\"https:\/\/www.blackfridaydeals.ch\/fr\/#organization\"},\"articleSection\":[\"Mode &amp; Bijoux\"],\"inLanguage\":\"fr-CH\",\"potentialAction\":[{\"@type\":\"CommentAction\",\"name\":\"Comment\",\"target\":[\"https:\/\/www.blackfridaydeals.ch\/fr\/tchibo-cyber-monday-deal\/#respond\"]}]},{\"@type\":\"WebPage\",\"@id\":\"https:\/\/www.blackfridaydeals.ch\/fr\/tchibo-cyber-monday-deal\/\",\"url\":\"https:\/\/www.blackfridaydeals.ch\/fr\/tchibo-cyber-monday-deal\/\",\"name\":\"- 30 % sur les vestes !* - blackfridaydeals.ch\",\"isPartOf\":{\"@id\":\"https:\/\/www.blackfridaydeals.ch\/fr\/#website\"},\"datePublished\":\"2021-11-28T22:45:54+00:00\",\"dateModified\":\"2022-11-12T16:57:57+00:00\",\"description\":\"C\u2019est le moment de se couvrir ! B\u00e9n\u00e9ficiez de - 30 % sur toutes les vestes chez Tchibo et d\u00e9couvrez nos univers th\u00e9matiques.*\",\"breadcrumb\":{\"@id\":\"https:\/\/www.blackfridaydeals.ch\/fr\/tchibo-cyber-monday-deal\/#breadcrumb\"},\"inLanguage\":\"fr-CH\",\"potentialAction\":[{\"@type\":\"ReadAction\",\"target\":[\"https:\/\/www.blackfridaydeals.ch\/fr\/tchibo-cyber-monday-deal\/\"]}]},{\"@type\":\"BreadcrumbList\",\"@id\":\"https:\/\/www.blackfridaydeals.ch\/fr\/tchibo-cyber-monday-deal\/#breadcrumb\",\"itemListElement\":[{\"@type\":\"ListItem\",\"position\":1,\"name\":\"Startseite\",\"item\":\"https:\/\/www.blackfridaydeals.ch\/fr\/\"},{\"@type\":\"ListItem\",\"position\":2,\"name\":\"&#8211; 30 % sur les vestes !*\"}]},{\"@type\":\"WebSite\",\"@id\":\"https:\/\/www.blackfridaydeals.ch\/fr\/#website\",\"url\":\"https:\/\/www.blackfridaydeals.ch\/fr\/\",\"name\":\"blackfridaydeals.ch\",\"description\":\"Toutes les offres du Black Friday 2025 en Suisse\",\"publisher\":{\"@id\":\"https:\/\/www.blackfridaydeals.ch\/fr\/#organization\"},\"alternateName\":\"Black Friday Deals\",\"potentialAction\":[{\"@type\":\"SearchAction\",\"target\":{\"@type\":\"EntryPoint\",\"urlTemplate\":\"https:\/\/www.blackfridaydeals.ch\/fr\/?s={search_term_string}\"},\"query-input\":\"required name=search_term_string\"}],\"inLanguage\":\"fr-CH\"},{\"@type\":\"Organization\",\"@id\":\"https:\/\/www.blackfridaydeals.ch\/fr\/#organization\",\"name\":\"blackfridaydeals.ch\",\"alternateName\":\"Black Friday Deals\",\"url\":\"https:\/\/www.blackfridaydeals.ch\/fr\/\",\"logo\":{\"@type\":\"ImageObject\",\"inLanguage\":\"fr-CH\",\"@id\":\"https:\/\/www.blackfridaydeals.ch\/fr\/#\/schema\/logo\/image\/\",\"url\":\"https:\/\/www.blackfridaydeals.ch\/wp-content\/uploads\/2023\/03\/app-icon-white-bg-jpg.jpg\",\"contentUrl\":\"https:\/\/www.blackfridaydeals.ch\/wp-content\/uploads\/2023\/03\/app-icon-white-bg-jpg.jpg\",\"width\":512,\"height\":512,\"caption\":\"blackfridaydeals.ch\"},\"image\":{\"@id\":\"https:\/\/www.blackfridaydeals.ch\/fr\/#\/schema\/logo\/image\/\"},\"sameAs\":[\"https:\/\/www.facebook.com\/blackfridaydealsch\/\",\"https:\/\/twitter.com\/blackfridaych\",\"https:\/\/www.youtube.com\/channel\/UCNKXHacMw8AS34mBgzVx3FQ\",\"https:\/\/www.instagram.com\/blackfridaydeals.ch\/\"]},{\"@type\":\"Person\",\"@id\":\"https:\/\/www.blackfridaydeals.ch\/fr\/#\/schema\/person\/cb7a12b7ba2e6d4b46b9986bd692e30a\",\"name\":\"Rafael Imhof\",\"image\":{\"@type\":\"ImageObject\",\"inLanguage\":\"fr-CH\",\"@id\":\"https:\/\/www.blackfridaydeals.ch\/fr\/#\/schema\/person\/image\/\",\"url\":\"https:\/\/secure.gravatar.com\/avatar\/91717ab873a13691c2cc966cbf57499c?s=96&d=blank&r=g\",\"contentUrl\":\"https:\/\/secure.gravatar.com\/avatar\/91717ab873a13691c2cc966cbf57499c?s=96&d=blank&r=g\",\"caption\":\"Rafael Imhof\"},\"description\":\"Rafael ist bekannt f\u00fcr seine Begeisterung f\u00fcr Technologie und Elektronik, sowie f\u00fcr seine Liebe zum Reisen. Er ist stets auf der Suche nach neuen Wegen, um Geld zu sparen und dabei das bestm\u00f6gliche Angebot f\u00fcr sich und andere zu finden.\",\"sameAs\":[\"https:\/\/ch.linkedin.com\/in\/rafael-imhof-793284224\"],\"url\":\"https:\/\/www.blackfridaydeals.ch\/fr\/author\/cranklegend\/\"}]}<\/script>\n<!-- \/ Yoast SEO plugin. -->","yoast_head_json":{"title":"- 30 % sur les vestes !* - blackfridaydeals.ch","description":"C\u2019est le moment de se couvrir ! B\u00e9n\u00e9ficiez de - 30 % sur toutes les vestes chez Tchibo et d\u00e9couvrez nos univers th\u00e9matiques.*","robots":{"index":"noindex","follow":"nofollow"},"og_locale":"fr_FR","og_type":"article","og_title":"- 30 % sur les vestes !* - blackfridaydeals.ch","og_description":"C\u2019est le moment de se couvrir ! B\u00e9n\u00e9ficiez de - 30 % sur toutes les vestes chez Tchibo et d\u00e9couvrez nos univers th\u00e9matiques.*","og_url":"https:\/\/www.blackfridaydeals.ch\/fr\/tchibo-cyber-monday-deal\/","og_site_name":"blackfridaydeals.ch","article_publisher":"https:\/\/www.facebook.com\/blackfridaydealsch\/","article_published_time":"2021-11-28T22:45:54+00:00","article_modified_time":"2022-11-12T16:57:57+00:00","og_image":[{"width":600,"height":300,"url":"https:\/\/www.blackfridaydeals.ch\/wp-content\/uploads\/2021\/11\/Logo_600x300_blackFridayDealsHorizontal_DarkGold.png","type":"image\/png"}],"author":"Rafael Imhof","twitter_card":"summary_large_image","twitter_creator":"@blackfridaych","twitter_site":"@blackfridaych","twitter_misc":{"Written by":"Rafael Imhof"},"schema":{"@context":"https:\/\/schema.org","@graph":[{"@type":"Article","@id":"https:\/\/www.blackfridaydeals.ch\/fr\/tchibo-cyber-monday-deal\/#article","isPartOf":{"@id":"https:\/\/www.blackfridaydeals.ch\/fr\/tchibo-cyber-monday-deal\/"},"author":{"name":"Rafael Imhof","@id":"https:\/\/www.blackfridaydeals.ch\/fr\/#\/schema\/person\/cb7a12b7ba2e6d4b46b9986bd692e30a"},"headline":"&#8211; 30 % sur les vestes !*","datePublished":"2021-11-28T22:45:54+00:00","dateModified":"2022-11-12T16:57:57+00:00","mainEntityOfPage":{"@id":"https:\/\/www.blackfridaydeals.ch\/fr\/tchibo-cyber-monday-deal\/"},"wordCount":28,"commentCount":0,"publisher":{"@id":"https:\/\/www.blackfridaydeals.ch\/fr\/#organization"},"articleSection":["Mode &amp; Bijoux"],"inLanguage":"fr-CH","potentialAction":[{"@type":"CommentAction","name":"Comment","target":["https:\/\/www.blackfridaydeals.ch\/fr\/tchibo-cyber-monday-deal\/#respond"]}]},{"@type":"WebPage","@id":"https:\/\/www.blackfridaydeals.ch\/fr\/tchibo-cyber-monday-deal\/","url":"https:\/\/www.blackfridaydeals.ch\/fr\/tchibo-cyber-monday-deal\/","name":"- 30 % sur les vestes !* - blackfridaydeals.ch","isPartOf":{"@id":"https:\/\/www.blackfridaydeals.ch\/fr\/#website"},"datePublished":"2021-11-28T22:45:54+00:00","dateModified":"2022-11-12T16:57:57+00:00","description":"C\u2019est le moment de se couvrir ! B\u00e9n\u00e9ficiez de - 30 % sur toutes les vestes chez Tchibo et d\u00e9couvrez nos univers th\u00e9matiques.*","breadcrumb":{"@id":"https:\/\/www.blackfridaydeals.ch\/fr\/tchibo-cyber-monday-deal\/#breadcrumb"},"inLanguage":"fr-CH","potentialAction":[{"@type":"ReadAction","target":["https:\/\/www.blackfridaydeals.ch\/fr\/tchibo-cyber-monday-deal\/"]}]},{"@type":"BreadcrumbList","@id":"https:\/\/www.blackfridaydeals.ch\/fr\/tchibo-cyber-monday-deal\/#breadcrumb","itemListElement":[{"@type":"ListItem","position":1,"name":"Startseite","item":"https:\/\/www.blackfridaydeals.ch\/fr\/"},{"@type":"ListItem","position":2,"name":"&#8211; 30 % sur les vestes !*"}]},{"@type":"WebSite","@id":"https:\/\/www.blackfridaydeals.ch\/fr\/#website","url":"https:\/\/www.blackfridaydeals.ch\/fr\/","name":"blackfridaydeals.ch","description":"Toutes les offres du Black Friday 2025 en Suisse","publisher":{"@id":"https:\/\/www.blackfridaydeals.ch\/fr\/#organization"},"alternateName":"Black Friday Deals","potentialAction":[{"@type":"SearchAction","target":{"@type":"EntryPoint","urlTemplate":"https:\/\/www.blackfridaydeals.ch\/fr\/?s={search_term_string}"},"query-input":"required name=search_term_string"}],"inLanguage":"fr-CH"},{"@type":"Organization","@id":"https:\/\/www.blackfridaydeals.ch\/fr\/#organization","name":"blackfridaydeals.ch","alternateName":"Black Friday Deals","url":"https:\/\/www.blackfridaydeals.ch\/fr\/","logo":{"@type":"ImageObject","inLanguage":"fr-CH","@id":"https:\/\/www.blackfridaydeals.ch\/fr\/#\/schema\/logo\/image\/","url":"https:\/\/www.blackfridaydeals.ch\/wp-content\/uploads\/2023\/03\/app-icon-white-bg-jpg.jpg","contentUrl":"https:\/\/www.blackfridaydeals.ch\/wp-content\/uploads\/2023\/03\/app-icon-white-bg-jpg.jpg","width":512,"height":512,"caption":"blackfridaydeals.ch"},"image":{"@id":"https:\/\/www.blackfridaydeals.ch\/fr\/#\/schema\/logo\/image\/"},"sameAs":["https:\/\/www.facebook.com\/blackfridaydealsch\/","https:\/\/twitter.com\/blackfridaych","https:\/\/www.youtube.com\/channel\/UCNKXHacMw8AS34mBgzVx3FQ","https:\/\/www.instagram.com\/blackfridaydeals.ch\/"]},{"@type":"Person","@id":"https:\/\/www.blackfridaydeals.ch\/fr\/#\/schema\/person\/cb7a12b7ba2e6d4b46b9986bd692e30a","name":"Rafael Imhof","image":{"@type":"ImageObject","inLanguage":"fr-CH","@id":"https:\/\/www.blackfridaydeals.ch\/fr\/#\/schema\/person\/image\/","url":"https:\/\/secure.gravatar.com\/avatar\/91717ab873a13691c2cc966cbf57499c?s=96&d=blank&r=g","contentUrl":"https:\/\/secure.gravatar.com\/avatar\/91717ab873a13691c2cc966cbf57499c?s=96&d=blank&r=g","caption":"Rafael Imhof"},"description":"Rafael ist bekannt f\u00fcr seine Begeisterung f\u00fcr Technologie und Elektronik, sowie f\u00fcr seine Liebe zum Reisen. Er ist stets auf der Suche nach neuen Wegen, um Geld zu sparen und dabei das bestm\u00f6gliche Angebot f\u00fcr sich und andere zu finden.","sameAs":["https:\/\/ch.linkedin.com\/in\/rafael-imhof-793284224"],"url":"https:\/\/www.blackfridaydeals.ch\/fr\/author\/cranklegend\/"}]}},"amp_enabled":true,"_links":{"self":[{"href":"https:\/\/www.blackfridaydeals.ch\/fr\/wp-json\/wp\/v2\/posts\/43796"}],"collection":[{"href":"https:\/\/www.blackfridaydeals.ch\/fr\/wp-json\/wp\/v2\/posts"}],"about":[{"href":"https:\/\/www.blackfridaydeals.ch\/fr\/wp-json\/wp\/v2\/types\/post"}],"author":[{"embeddable":true,"href":"https:\/\/www.blackfridaydeals.ch\/fr\/wp-json\/wp\/v2\/users\/309"}],"replies":[{"embeddable":true,"href":"https:\/\/www.blackfridaydeals.ch\/fr\/wp-json\/wp\/v2\/comments?post=43796"}],"version-history":[{"count":2,"href":"https:\/\/www.blackfridaydeals.ch\/fr\/wp-json\/wp\/v2\/posts\/43796\/revisions"}],"predecessor-version":[{"id":43928,"href":"https:\/\/www.blackfridaydeals.ch\/fr\/wp-json\/wp\/v2\/posts\/43796\/revisions\/43928"}],"wp:featuredmedia":[{"embeddable":true,"href":"https:\/\/www.blackfridaydeals.ch\/fr\/wp-json\/wp\/v2\/media\/43757"}],"wp:attachment":[{"href":"https:\/\/www.blackfridaydeals.ch\/fr\/wp-json\/wp\/v2\/media?parent=43796"}],"wp:term":[{"taxonomy":"category","embeddable":true,"href":"https:\/\/www.blackfridaydeals.ch\/fr\/wp-json\/wp\/v2\/categories?post=43796"},{"taxonomy":"post_tag","embeddable":true,"href":"https:\/\/www.blackfridaydeals.ch\/fr\/wp-json\/wp\/v2\/tags?post=43796"},{"taxonomy":"dealstore","embeddable":true,"href":"https:\/\/www.blackfridaydeals.ch\/fr\/wp-json\/wp\/v2\/dealstore?post=43796"},{"taxonomy":"offerexpiration","embeddable":true,"href":"https:\/\/www.blackfridaydeals.ch\/fr\/wp-json\/wp\/v2\/offerexpiration?post=43796"}],"curies":[{"name":"wp","href":"https:\/\/api.w.org\/{rel}","templated":true}]}}