{"id":108062,"date":"2025-11-24T10:30:00","date_gmt":"2025-11-24T09:30:00","guid":{"rendered":"https:\/\/www.blackfridaydeals.ch\/bottine-dhiver-hommes-46-nord\/"},"modified":"2025-11-27T09:34:41","modified_gmt":"2025-11-27T08:34:41","slug":"bottine-dhiver-hommes-46-nord","status":"publish","type":"post","link":"https:\/\/www.blackfridaydeals.ch\/fr\/bottine-dhiver-hommes-46-nord\/","title":{"rendered":"Bottine d&#8217;hiver hommes 46 NORD"},"content":{"rendered":"<p>Malgr\u00e9 son poids l\u00e9ger, cette botte d&#8217;hiver convainc par sa performance thermique fiable et sa haute fonctionnalit\u00e9. La membrane int\u00e9gr\u00e9e, imperm\u00e9able et respirante, garde vos pieds agr\u00e9ablement secs tout en assurant un climat \u00e9quilibr\u00e9 pour vos pieds, m\u00eame par temps froid et humide.<\/p>\n","protected":false},"excerpt":{"rendered":"<p>Malgr\u00e9 son poids l\u00e9ger, cette botte d&#8217;hiver convainc par sa performance thermique fiable et sa haute fonctionnalit\u00e9. La membrane int\u00e9gr\u00e9e, imperm\u00e9able et respirante, garde vos pieds agr\u00e9ablement secs tout en assurant un climat \u00e9quilibr\u00e9 pour vos pieds, m\u00eame par temps froid et humide.<\/p>\n","protected":false},"author":348,"featured_media":108058,"comment_status":"open","ping_status":"closed","sticky":false,"template":"","format":"standard","meta":[],"categories":[14212],"tags":[16685],"dealstore":[392],"offerexpiration":[16317],"yoast_head":"<!-- This site is optimized with the Yoast SEO plugin v20.5 - https:\/\/yoast.com\/wordpress\/plugins\/seo\/ -->\n<title>Bottine d&#039;hiver hommes 46 NORD - blackfridaydeals.ch<\/title>\n<meta name=\"description\" content=\"Malgr\u00e9 son poids l\u00e9ger, cette botte d&#039;hiver convainc par sa performance thermique fiable et sa haute fonctionnalit\u00e9. La membrane int\u00e9gr\u00e9e, imperm\u00e9able et\" \/>\n<meta name=\"robots\" content=\"noindex, nofollow\" \/>\n<meta property=\"og:locale\" content=\"fr_FR\" \/>\n<meta property=\"og:type\" content=\"article\" \/>\n<meta property=\"og:title\" content=\"Bottine d&#039;hiver hommes 46 NORD - blackfridaydeals.ch\" \/>\n<meta property=\"og:description\" content=\"Malgr\u00e9 son poids l\u00e9ger, cette botte d&#039;hiver convainc par sa performance thermique fiable et sa haute fonctionnalit\u00e9. La membrane int\u00e9gr\u00e9e, imperm\u00e9able et\" \/>\n<meta property=\"og:url\" content=\"https:\/\/www.blackfridaydeals.ch\/fr\/bottine-dhiver-hommes-46-nord\/\" \/>\n<meta property=\"og:site_name\" content=\"blackfridaydeals.ch\" \/>\n<meta property=\"article:publisher\" content=\"https:\/\/www.facebook.com\/blackfridaydealsch\/\" \/>\n<meta property=\"article:published_time\" content=\"2025-11-24T09:30:00+00:00\" \/>\n<meta property=\"article:modified_time\" content=\"2025-11-27T08:34:41+00:00\" \/>\n<meta property=\"og:image\" content=\"https:\/\/www.blackfridaydeals.ch\/wp-content\/uploads\/2025\/11\/8106924c-7547-46c7-90b8-9b67152f3810__winterschuh.png\" \/>\n\t<meta property=\"og:image:width\" content=\"600\" \/>\n\t<meta property=\"og:image:height\" content=\"400\" \/>\n\t<meta property=\"og:image:type\" content=\"image\/png\" \/>\n<meta name=\"author\" content=\"Luca Keller\" \/>\n<meta name=\"twitter:card\" content=\"summary_large_image\" \/>\n<meta name=\"twitter:creator\" content=\"@blackfridaych\" \/>\n<meta name=\"twitter:site\" content=\"@blackfridaych\" \/>\n<meta name=\"twitter:label1\" content=\"Written by\" \/>\n\t<meta name=\"twitter:data1\" content=\"Luca Keller\" \/>\n<script type=\"application\/ld+json\" class=\"yoast-schema-graph\">{\"@context\":\"https:\/\/schema.org\",\"@graph\":[{\"@type\":\"Article\",\"@id\":\"https:\/\/www.blackfridaydeals.ch\/fr\/bottine-dhiver-hommes-46-nord\/#article\",\"isPartOf\":{\"@id\":\"https:\/\/www.blackfridaydeals.ch\/fr\/bottine-dhiver-hommes-46-nord\/\"},\"author\":{\"name\":\"Luca Keller\",\"@id\":\"https:\/\/www.blackfridaydeals.ch\/fr\/#\/schema\/person\/0aa4f873dece3b5c2303f1e386ff9e1b\"},\"headline\":\"Bottine d&#8217;hiver hommes 46 NORD\",\"datePublished\":\"2025-11-24T09:30:00+00:00\",\"dateModified\":\"2025-11-27T08:34:41+00:00\",\"mainEntityOfPage\":{\"@id\":\"https:\/\/www.blackfridaydeals.ch\/fr\/bottine-dhiver-hommes-46-nord\/\"},\"wordCount\":53,\"commentCount\":0,\"publisher\":{\"@id\":\"https:\/\/www.blackfridaydeals.ch\/fr\/#organization\"},\"keywords\":[\"red-sport-outdoor-fr\"],\"articleSection\":[\"Top-Deals\"],\"inLanguage\":\"fr-CH\",\"potentialAction\":[{\"@type\":\"CommentAction\",\"name\":\"Comment\",\"target\":[\"https:\/\/www.blackfridaydeals.ch\/fr\/bottine-dhiver-hommes-46-nord\/#respond\"]}]},{\"@type\":\"WebPage\",\"@id\":\"https:\/\/www.blackfridaydeals.ch\/fr\/bottine-dhiver-hommes-46-nord\/\",\"url\":\"https:\/\/www.blackfridaydeals.ch\/fr\/bottine-dhiver-hommes-46-nord\/\",\"name\":\"Bottine d'hiver hommes 46 NORD - blackfridaydeals.ch\",\"isPartOf\":{\"@id\":\"https:\/\/www.blackfridaydeals.ch\/fr\/#website\"},\"datePublished\":\"2025-11-24T09:30:00+00:00\",\"dateModified\":\"2025-11-27T08:34:41+00:00\",\"description\":\"Malgr\u00e9 son poids l\u00e9ger, cette botte d'hiver convainc par sa performance thermique fiable et sa haute fonctionnalit\u00e9. La membrane int\u00e9gr\u00e9e, imperm\u00e9able et\",\"breadcrumb\":{\"@id\":\"https:\/\/www.blackfridaydeals.ch\/fr\/bottine-dhiver-hommes-46-nord\/#breadcrumb\"},\"inLanguage\":\"fr-CH\",\"potentialAction\":[{\"@type\":\"ReadAction\",\"target\":[\"https:\/\/www.blackfridaydeals.ch\/fr\/bottine-dhiver-hommes-46-nord\/\"]}]},{\"@type\":\"BreadcrumbList\",\"@id\":\"https:\/\/www.blackfridaydeals.ch\/fr\/bottine-dhiver-hommes-46-nord\/#breadcrumb\",\"itemListElement\":[{\"@type\":\"ListItem\",\"position\":1,\"name\":\"Startseite\",\"item\":\"https:\/\/www.blackfridaydeals.ch\/fr\/\"},{\"@type\":\"ListItem\",\"position\":2,\"name\":\"46 NORD Herren Winterboot\",\"item\":\"https:\/\/www.blackfridaydeals.ch\/fr\/46-nord-herren-winterboot\/\"},{\"@type\":\"ListItem\",\"position\":3,\"name\":\"Bottine d&#8217;hiver hommes 46 NORD\"}]},{\"@type\":\"WebSite\",\"@id\":\"https:\/\/www.blackfridaydeals.ch\/fr\/#website\",\"url\":\"https:\/\/www.blackfridaydeals.ch\/fr\/\",\"name\":\"blackfridaydeals.ch\",\"description\":\"Toutes les offres du Black Friday 2025 en Suisse\",\"publisher\":{\"@id\":\"https:\/\/www.blackfridaydeals.ch\/fr\/#organization\"},\"alternateName\":\"Black Friday Deals\",\"potentialAction\":[{\"@type\":\"SearchAction\",\"target\":{\"@type\":\"EntryPoint\",\"urlTemplate\":\"https:\/\/www.blackfridaydeals.ch\/fr\/?s={search_term_string}\"},\"query-input\":\"required name=search_term_string\"}],\"inLanguage\":\"fr-CH\"},{\"@type\":\"Organization\",\"@id\":\"https:\/\/www.blackfridaydeals.ch\/fr\/#organization\",\"name\":\"blackfridaydeals.ch\",\"alternateName\":\"Black Friday Deals\",\"url\":\"https:\/\/www.blackfridaydeals.ch\/fr\/\",\"logo\":{\"@type\":\"ImageObject\",\"inLanguage\":\"fr-CH\",\"@id\":\"https:\/\/www.blackfridaydeals.ch\/fr\/#\/schema\/logo\/image\/\",\"url\":\"https:\/\/www.blackfridaydeals.ch\/wp-content\/uploads\/2023\/03\/app-icon-white-bg-jpg.jpg\",\"contentUrl\":\"https:\/\/www.blackfridaydeals.ch\/wp-content\/uploads\/2023\/03\/app-icon-white-bg-jpg.jpg\",\"width\":512,\"height\":512,\"caption\":\"blackfridaydeals.ch\"},\"image\":{\"@id\":\"https:\/\/www.blackfridaydeals.ch\/fr\/#\/schema\/logo\/image\/\"},\"sameAs\":[\"https:\/\/www.facebook.com\/blackfridaydealsch\/\",\"https:\/\/twitter.com\/blackfridaych\",\"https:\/\/www.youtube.com\/channel\/UCNKXHacMw8AS34mBgzVx3FQ\",\"https:\/\/www.instagram.com\/blackfridaydeals.ch\/\"]},{\"@type\":\"Person\",\"@id\":\"https:\/\/www.blackfridaydeals.ch\/fr\/#\/schema\/person\/0aa4f873dece3b5c2303f1e386ff9e1b\",\"name\":\"Luca Keller\",\"image\":{\"@type\":\"ImageObject\",\"inLanguage\":\"fr-CH\",\"@id\":\"https:\/\/www.blackfridaydeals.ch\/fr\/#\/schema\/person\/image\/\",\"url\":\"https:\/\/secure.gravatar.com\/avatar\/f554621003806b1ce1b9a9a6ea54c40b?s=96&d=blank&r=g\",\"contentUrl\":\"https:\/\/secure.gravatar.com\/avatar\/f554621003806b1ce1b9a9a6ea54c40b?s=96&d=blank&r=g\",\"caption\":\"Luca Keller\"},\"sameAs\":[\"https:\/\/www.linkedin.com\/in\/frank-hartmann-a1b335297\/\"],\"url\":\"https:\/\/www.blackfridaydeals.ch\/fr\/author\/frank\/\"}]}<\/script>\n<!-- \/ Yoast SEO plugin. -->","yoast_head_json":{"title":"Bottine d'hiver hommes 46 NORD - blackfridaydeals.ch","description":"Malgr\u00e9 son poids l\u00e9ger, cette botte d'hiver convainc par sa performance thermique fiable et sa haute fonctionnalit\u00e9. La membrane int\u00e9gr\u00e9e, imperm\u00e9able et","robots":{"index":"noindex","follow":"nofollow"},"og_locale":"fr_FR","og_type":"article","og_title":"Bottine d'hiver hommes 46 NORD - blackfridaydeals.ch","og_description":"Malgr\u00e9 son poids l\u00e9ger, cette botte d'hiver convainc par sa performance thermique fiable et sa haute fonctionnalit\u00e9. La membrane int\u00e9gr\u00e9e, imperm\u00e9able et","og_url":"https:\/\/www.blackfridaydeals.ch\/fr\/bottine-dhiver-hommes-46-nord\/","og_site_name":"blackfridaydeals.ch","article_publisher":"https:\/\/www.facebook.com\/blackfridaydealsch\/","article_published_time":"2025-11-24T09:30:00+00:00","article_modified_time":"2025-11-27T08:34:41+00:00","og_image":[{"width":600,"height":400,"url":"https:\/\/www.blackfridaydeals.ch\/wp-content\/uploads\/2025\/11\/8106924c-7547-46c7-90b8-9b67152f3810__winterschuh.png","type":"image\/png"}],"author":"Luca Keller","twitter_card":"summary_large_image","twitter_creator":"@blackfridaych","twitter_site":"@blackfridaych","twitter_misc":{"Written by":"Luca Keller"},"schema":{"@context":"https:\/\/schema.org","@graph":[{"@type":"Article","@id":"https:\/\/www.blackfridaydeals.ch\/fr\/bottine-dhiver-hommes-46-nord\/#article","isPartOf":{"@id":"https:\/\/www.blackfridaydeals.ch\/fr\/bottine-dhiver-hommes-46-nord\/"},"author":{"name":"Luca Keller","@id":"https:\/\/www.blackfridaydeals.ch\/fr\/#\/schema\/person\/0aa4f873dece3b5c2303f1e386ff9e1b"},"headline":"Bottine d&#8217;hiver hommes 46 NORD","datePublished":"2025-11-24T09:30:00+00:00","dateModified":"2025-11-27T08:34:41+00:00","mainEntityOfPage":{"@id":"https:\/\/www.blackfridaydeals.ch\/fr\/bottine-dhiver-hommes-46-nord\/"},"wordCount":53,"commentCount":0,"publisher":{"@id":"https:\/\/www.blackfridaydeals.ch\/fr\/#organization"},"keywords":["red-sport-outdoor-fr"],"articleSection":["Top-Deals"],"inLanguage":"fr-CH","potentialAction":[{"@type":"CommentAction","name":"Comment","target":["https:\/\/www.blackfridaydeals.ch\/fr\/bottine-dhiver-hommes-46-nord\/#respond"]}]},{"@type":"WebPage","@id":"https:\/\/www.blackfridaydeals.ch\/fr\/bottine-dhiver-hommes-46-nord\/","url":"https:\/\/www.blackfridaydeals.ch\/fr\/bottine-dhiver-hommes-46-nord\/","name":"Bottine d'hiver hommes 46 NORD - blackfridaydeals.ch","isPartOf":{"@id":"https:\/\/www.blackfridaydeals.ch\/fr\/#website"},"datePublished":"2025-11-24T09:30:00+00:00","dateModified":"2025-11-27T08:34:41+00:00","description":"Malgr\u00e9 son poids l\u00e9ger, cette botte d'hiver convainc par sa performance thermique fiable et sa haute fonctionnalit\u00e9. La membrane int\u00e9gr\u00e9e, imperm\u00e9able et","breadcrumb":{"@id":"https:\/\/www.blackfridaydeals.ch\/fr\/bottine-dhiver-hommes-46-nord\/#breadcrumb"},"inLanguage":"fr-CH","potentialAction":[{"@type":"ReadAction","target":["https:\/\/www.blackfridaydeals.ch\/fr\/bottine-dhiver-hommes-46-nord\/"]}]},{"@type":"BreadcrumbList","@id":"https:\/\/www.blackfridaydeals.ch\/fr\/bottine-dhiver-hommes-46-nord\/#breadcrumb","itemListElement":[{"@type":"ListItem","position":1,"name":"Startseite","item":"https:\/\/www.blackfridaydeals.ch\/fr\/"},{"@type":"ListItem","position":2,"name":"46 NORD Herren Winterboot","item":"https:\/\/www.blackfridaydeals.ch\/fr\/46-nord-herren-winterboot\/"},{"@type":"ListItem","position":3,"name":"Bottine d&#8217;hiver hommes 46 NORD"}]},{"@type":"WebSite","@id":"https:\/\/www.blackfridaydeals.ch\/fr\/#website","url":"https:\/\/www.blackfridaydeals.ch\/fr\/","name":"blackfridaydeals.ch","description":"Toutes les offres du Black Friday 2025 en Suisse","publisher":{"@id":"https:\/\/www.blackfridaydeals.ch\/fr\/#organization"},"alternateName":"Black Friday Deals","potentialAction":[{"@type":"SearchAction","target":{"@type":"EntryPoint","urlTemplate":"https:\/\/www.blackfridaydeals.ch\/fr\/?s={search_term_string}"},"query-input":"required name=search_term_string"}],"inLanguage":"fr-CH"},{"@type":"Organization","@id":"https:\/\/www.blackfridaydeals.ch\/fr\/#organization","name":"blackfridaydeals.ch","alternateName":"Black Friday Deals","url":"https:\/\/www.blackfridaydeals.ch\/fr\/","logo":{"@type":"ImageObject","inLanguage":"fr-CH","@id":"https:\/\/www.blackfridaydeals.ch\/fr\/#\/schema\/logo\/image\/","url":"https:\/\/www.blackfridaydeals.ch\/wp-content\/uploads\/2023\/03\/app-icon-white-bg-jpg.jpg","contentUrl":"https:\/\/www.blackfridaydeals.ch\/wp-content\/uploads\/2023\/03\/app-icon-white-bg-jpg.jpg","width":512,"height":512,"caption":"blackfridaydeals.ch"},"image":{"@id":"https:\/\/www.blackfridaydeals.ch\/fr\/#\/schema\/logo\/image\/"},"sameAs":["https:\/\/www.facebook.com\/blackfridaydealsch\/","https:\/\/twitter.com\/blackfridaych","https:\/\/www.youtube.com\/channel\/UCNKXHacMw8AS34mBgzVx3FQ","https:\/\/www.instagram.com\/blackfridaydeals.ch\/"]},{"@type":"Person","@id":"https:\/\/www.blackfridaydeals.ch\/fr\/#\/schema\/person\/0aa4f873dece3b5c2303f1e386ff9e1b","name":"Luca Keller","image":{"@type":"ImageObject","inLanguage":"fr-CH","@id":"https:\/\/www.blackfridaydeals.ch\/fr\/#\/schema\/person\/image\/","url":"https:\/\/secure.gravatar.com\/avatar\/f554621003806b1ce1b9a9a6ea54c40b?s=96&d=blank&r=g","contentUrl":"https:\/\/secure.gravatar.com\/avatar\/f554621003806b1ce1b9a9a6ea54c40b?s=96&d=blank&r=g","caption":"Luca Keller"},"sameAs":["https:\/\/www.linkedin.com\/in\/frank-hartmann-a1b335297\/"],"url":"https:\/\/www.blackfridaydeals.ch\/fr\/author\/frank\/"}]}},"amp_enabled":true,"_links":{"self":[{"href":"https:\/\/www.blackfridaydeals.ch\/fr\/wp-json\/wp\/v2\/posts\/108062"}],"collection":[{"href":"https:\/\/www.blackfridaydeals.ch\/fr\/wp-json\/wp\/v2\/posts"}],"about":[{"href":"https:\/\/www.blackfridaydeals.ch\/fr\/wp-json\/wp\/v2\/types\/post"}],"author":[{"embeddable":true,"href":"https:\/\/www.blackfridaydeals.ch\/fr\/wp-json\/wp\/v2\/users\/348"}],"replies":[{"embeddable":true,"href":"https:\/\/www.blackfridaydeals.ch\/fr\/wp-json\/wp\/v2\/comments?post=108062"}],"version-history":[{"count":1,"href":"https:\/\/www.blackfridaydeals.ch\/fr\/wp-json\/wp\/v2\/posts\/108062\/revisions"}],"predecessor-version":[{"id":108064,"href":"https:\/\/www.blackfridaydeals.ch\/fr\/wp-json\/wp\/v2\/posts\/108062\/revisions\/108064"}],"wp:featuredmedia":[{"embeddable":true,"href":"https:\/\/www.blackfridaydeals.ch\/fr\/wp-json\/wp\/v2\/media\/108058"}],"wp:attachment":[{"href":"https:\/\/www.blackfridaydeals.ch\/fr\/wp-json\/wp\/v2\/media?parent=108062"}],"wp:term":[{"taxonomy":"category","embeddable":true,"href":"https:\/\/www.blackfridaydeals.ch\/fr\/wp-json\/wp\/v2\/categories?post=108062"},{"taxonomy":"post_tag","embeddable":true,"href":"https:\/\/www.blackfridaydeals.ch\/fr\/wp-json\/wp\/v2\/tags?post=108062"},{"taxonomy":"dealstore","embeddable":true,"href":"https:\/\/www.blackfridaydeals.ch\/fr\/wp-json\/wp\/v2\/dealstore?post=108062"},{"taxonomy":"offerexpiration","embeddable":true,"href":"https:\/\/www.blackfridaydeals.ch\/fr\/wp-json\/wp\/v2\/offerexpiration?post=108062"}],"curies":[{"name":"wp","href":"https:\/\/api.w.org\/{rel}","templated":true}]}}