{"id":105683,"date":"2025-11-19T16:30:00","date_gmt":"2025-11-19T15:30:00","guid":{"rendered":"https:\/\/www.blackfridaydeals.ch\/veste-de-46-nord-pour-lexterieur\/"},"modified":"2025-11-24T10:32:32","modified_gmt":"2025-11-24T09:32:32","slug":"veste-de-46-nord-pour-lexterieur","status":"publish","type":"post","link":"https:\/\/www.blackfridaydeals.ch\/fr\/veste-de-46-nord-pour-lexterieur\/","title":{"rendered":"Veste de 46 NORD pour l&#8217;ext\u00e9rieur"},"content":{"rendered":"<p>La veste de plein air 46 Nord Performance 3L se distingue par son excellente fonctionnalit\u00e9. Avec une colonne d&#8217;eau de 20 000 mm et des coutures enti\u00e8rement coll\u00e9es, elle offre une protection fiable contre l&#8217;humidit\u00e9, tandis que ses propri\u00e9t\u00e9s respirantes assurent un climat corporel agr\u00e9able.<\/p>\n","protected":false},"excerpt":{"rendered":"<p>La veste de plein air 46 Nord Performance 3L se distingue par son excellente fonctionnalit\u00e9. Avec une colonne d&#8217;eau de 20 000 mm et des coutures enti\u00e8rement coll\u00e9es, elle offre une protection fiable contre l&#8217;humidit\u00e9, tandis que ses propri\u00e9t\u00e9s respirantes assurent un climat corporel agr\u00e9able.<\/p>\n","protected":false},"author":348,"featured_media":105679,"comment_status":"open","ping_status":"closed","sticky":false,"template":"","format":"standard","meta":[],"categories":[14212],"tags":[16685],"dealstore":[392],"offerexpiration":[16317],"yoast_head":"<!-- This site is optimized with the Yoast SEO plugin v20.5 - https:\/\/yoast.com\/wordpress\/plugins\/seo\/ -->\n<title>Veste de 46 NORD pour l&#039;ext\u00e9rieur - blackfridaydeals.ch<\/title>\n<meta name=\"description\" content=\"La veste de plein air 46 Nord Performance 3L se distingue par son excellente fonctionnalit\u00e9. Avec une colonne d&#039;eau de 20 000 mm et des coutures\" \/>\n<meta name=\"robots\" content=\"noindex, nofollow\" \/>\n<meta property=\"og:locale\" content=\"fr_FR\" \/>\n<meta property=\"og:type\" content=\"article\" \/>\n<meta property=\"og:title\" content=\"Veste de 46 NORD pour l&#039;ext\u00e9rieur - blackfridaydeals.ch\" \/>\n<meta property=\"og:description\" content=\"La veste de plein air 46 Nord Performance 3L se distingue par son excellente fonctionnalit\u00e9. Avec une colonne d&#039;eau de 20 000 mm et des coutures\" \/>\n<meta property=\"og:url\" content=\"https:\/\/www.blackfridaydeals.ch\/fr\/veste-de-46-nord-pour-lexterieur\/\" \/>\n<meta property=\"og:site_name\" content=\"blackfridaydeals.ch\" \/>\n<meta property=\"article:publisher\" content=\"https:\/\/www.facebook.com\/blackfridaydealsch\/\" \/>\n<meta property=\"article:published_time\" content=\"2025-11-19T15:30:00+00:00\" \/>\n<meta property=\"article:modified_time\" content=\"2025-11-24T09:32:32+00:00\" \/>\n<meta property=\"og:image\" content=\"https:\/\/www.blackfridaydeals.ch\/wp-content\/uploads\/2025\/11\/84d5949e-5ace-48f6-9fd0-44e3fa60f7cf__jacke.png\" \/>\n\t<meta property=\"og:image:width\" content=\"600\" \/>\n\t<meta property=\"og:image:height\" content=\"400\" \/>\n\t<meta property=\"og:image:type\" content=\"image\/png\" \/>\n<meta name=\"author\" content=\"Luca Keller\" \/>\n<meta name=\"twitter:card\" content=\"summary_large_image\" \/>\n<meta name=\"twitter:creator\" content=\"@blackfridaych\" \/>\n<meta name=\"twitter:site\" content=\"@blackfridaych\" \/>\n<meta name=\"twitter:label1\" content=\"Written by\" \/>\n\t<meta name=\"twitter:data1\" content=\"Luca Keller\" \/>\n<script type=\"application\/ld+json\" class=\"yoast-schema-graph\">{\"@context\":\"https:\/\/schema.org\",\"@graph\":[{\"@type\":\"Article\",\"@id\":\"https:\/\/www.blackfridaydeals.ch\/fr\/veste-de-46-nord-pour-lexterieur\/#article\",\"isPartOf\":{\"@id\":\"https:\/\/www.blackfridaydeals.ch\/fr\/veste-de-46-nord-pour-lexterieur\/\"},\"author\":{\"name\":\"Luca Keller\",\"@id\":\"https:\/\/www.blackfridaydeals.ch\/fr\/#\/schema\/person\/0aa4f873dece3b5c2303f1e386ff9e1b\"},\"headline\":\"Veste de 46 NORD pour l&#8217;ext\u00e9rieur\",\"datePublished\":\"2025-11-19T15:30:00+00:00\",\"dateModified\":\"2025-11-24T09:32:32+00:00\",\"mainEntityOfPage\":{\"@id\":\"https:\/\/www.blackfridaydeals.ch\/fr\/veste-de-46-nord-pour-lexterieur\/\"},\"wordCount\":53,\"commentCount\":0,\"publisher\":{\"@id\":\"https:\/\/www.blackfridaydeals.ch\/fr\/#organization\"},\"keywords\":[\"red-sport-outdoor-fr\"],\"articleSection\":[\"Top-Deals\"],\"inLanguage\":\"fr-CH\",\"potentialAction\":[{\"@type\":\"CommentAction\",\"name\":\"Comment\",\"target\":[\"https:\/\/www.blackfridaydeals.ch\/fr\/veste-de-46-nord-pour-lexterieur\/#respond\"]}]},{\"@type\":\"WebPage\",\"@id\":\"https:\/\/www.blackfridaydeals.ch\/fr\/veste-de-46-nord-pour-lexterieur\/\",\"url\":\"https:\/\/www.blackfridaydeals.ch\/fr\/veste-de-46-nord-pour-lexterieur\/\",\"name\":\"Veste de 46 NORD pour l'ext\u00e9rieur - blackfridaydeals.ch\",\"isPartOf\":{\"@id\":\"https:\/\/www.blackfridaydeals.ch\/fr\/#website\"},\"datePublished\":\"2025-11-19T15:30:00+00:00\",\"dateModified\":\"2025-11-24T09:32:32+00:00\",\"description\":\"La veste de plein air 46 Nord Performance 3L se distingue par son excellente fonctionnalit\u00e9. Avec une colonne d'eau de 20 000 mm et des coutures\",\"breadcrumb\":{\"@id\":\"https:\/\/www.blackfridaydeals.ch\/fr\/veste-de-46-nord-pour-lexterieur\/#breadcrumb\"},\"inLanguage\":\"fr-CH\",\"potentialAction\":[{\"@type\":\"ReadAction\",\"target\":[\"https:\/\/www.blackfridaydeals.ch\/fr\/veste-de-46-nord-pour-lexterieur\/\"]}]},{\"@type\":\"BreadcrumbList\",\"@id\":\"https:\/\/www.blackfridaydeals.ch\/fr\/veste-de-46-nord-pour-lexterieur\/#breadcrumb\",\"itemListElement\":[{\"@type\":\"ListItem\",\"position\":1,\"name\":\"Startseite\",\"item\":\"https:\/\/www.blackfridaydeals.ch\/fr\/\"},{\"@type\":\"ListItem\",\"position\":2,\"name\":\"46 NORD Performance Outdoorjacke\",\"item\":\"https:\/\/www.blackfridaydeals.ch\/fr\/46-nord-performance-outdoorjacke\/\"},{\"@type\":\"ListItem\",\"position\":3,\"name\":\"Veste de 46 NORD pour l&#8217;ext\u00e9rieur\"}]},{\"@type\":\"WebSite\",\"@id\":\"https:\/\/www.blackfridaydeals.ch\/fr\/#website\",\"url\":\"https:\/\/www.blackfridaydeals.ch\/fr\/\",\"name\":\"blackfridaydeals.ch\",\"description\":\"Toutes les offres du Black Friday 2025 en Suisse\",\"publisher\":{\"@id\":\"https:\/\/www.blackfridaydeals.ch\/fr\/#organization\"},\"alternateName\":\"Black Friday Deals\",\"potentialAction\":[{\"@type\":\"SearchAction\",\"target\":{\"@type\":\"EntryPoint\",\"urlTemplate\":\"https:\/\/www.blackfridaydeals.ch\/fr\/?s={search_term_string}\"},\"query-input\":\"required name=search_term_string\"}],\"inLanguage\":\"fr-CH\"},{\"@type\":\"Organization\",\"@id\":\"https:\/\/www.blackfridaydeals.ch\/fr\/#organization\",\"name\":\"blackfridaydeals.ch\",\"alternateName\":\"Black Friday Deals\",\"url\":\"https:\/\/www.blackfridaydeals.ch\/fr\/\",\"logo\":{\"@type\":\"ImageObject\",\"inLanguage\":\"fr-CH\",\"@id\":\"https:\/\/www.blackfridaydeals.ch\/fr\/#\/schema\/logo\/image\/\",\"url\":\"https:\/\/www.blackfridaydeals.ch\/wp-content\/uploads\/2023\/03\/app-icon-white-bg-jpg.jpg\",\"contentUrl\":\"https:\/\/www.blackfridaydeals.ch\/wp-content\/uploads\/2023\/03\/app-icon-white-bg-jpg.jpg\",\"width\":512,\"height\":512,\"caption\":\"blackfridaydeals.ch\"},\"image\":{\"@id\":\"https:\/\/www.blackfridaydeals.ch\/fr\/#\/schema\/logo\/image\/\"},\"sameAs\":[\"https:\/\/www.facebook.com\/blackfridaydealsch\/\",\"https:\/\/twitter.com\/blackfridaych\",\"https:\/\/www.youtube.com\/channel\/UCNKXHacMw8AS34mBgzVx3FQ\",\"https:\/\/www.instagram.com\/blackfridaydeals.ch\/\"]},{\"@type\":\"Person\",\"@id\":\"https:\/\/www.blackfridaydeals.ch\/fr\/#\/schema\/person\/0aa4f873dece3b5c2303f1e386ff9e1b\",\"name\":\"Luca Keller\",\"image\":{\"@type\":\"ImageObject\",\"inLanguage\":\"fr-CH\",\"@id\":\"https:\/\/www.blackfridaydeals.ch\/fr\/#\/schema\/person\/image\/\",\"url\":\"https:\/\/secure.gravatar.com\/avatar\/f554621003806b1ce1b9a9a6ea54c40b?s=96&d=blank&r=g\",\"contentUrl\":\"https:\/\/secure.gravatar.com\/avatar\/f554621003806b1ce1b9a9a6ea54c40b?s=96&d=blank&r=g\",\"caption\":\"Luca Keller\"},\"sameAs\":[\"https:\/\/www.linkedin.com\/in\/frank-hartmann-a1b335297\/\"],\"url\":\"https:\/\/www.blackfridaydeals.ch\/fr\/author\/frank\/\"}]}<\/script>\n<!-- \/ Yoast SEO plugin. -->","yoast_head_json":{"title":"Veste de 46 NORD pour l'ext\u00e9rieur - blackfridaydeals.ch","description":"La veste de plein air 46 Nord Performance 3L se distingue par son excellente fonctionnalit\u00e9. Avec une colonne d'eau de 20 000 mm et des coutures","robots":{"index":"noindex","follow":"nofollow"},"og_locale":"fr_FR","og_type":"article","og_title":"Veste de 46 NORD pour l'ext\u00e9rieur - blackfridaydeals.ch","og_description":"La veste de plein air 46 Nord Performance 3L se distingue par son excellente fonctionnalit\u00e9. Avec une colonne d'eau de 20 000 mm et des coutures","og_url":"https:\/\/www.blackfridaydeals.ch\/fr\/veste-de-46-nord-pour-lexterieur\/","og_site_name":"blackfridaydeals.ch","article_publisher":"https:\/\/www.facebook.com\/blackfridaydealsch\/","article_published_time":"2025-11-19T15:30:00+00:00","article_modified_time":"2025-11-24T09:32:32+00:00","og_image":[{"width":600,"height":400,"url":"https:\/\/www.blackfridaydeals.ch\/wp-content\/uploads\/2025\/11\/84d5949e-5ace-48f6-9fd0-44e3fa60f7cf__jacke.png","type":"image\/png"}],"author":"Luca Keller","twitter_card":"summary_large_image","twitter_creator":"@blackfridaych","twitter_site":"@blackfridaych","twitter_misc":{"Written by":"Luca Keller"},"schema":{"@context":"https:\/\/schema.org","@graph":[{"@type":"Article","@id":"https:\/\/www.blackfridaydeals.ch\/fr\/veste-de-46-nord-pour-lexterieur\/#article","isPartOf":{"@id":"https:\/\/www.blackfridaydeals.ch\/fr\/veste-de-46-nord-pour-lexterieur\/"},"author":{"name":"Luca Keller","@id":"https:\/\/www.blackfridaydeals.ch\/fr\/#\/schema\/person\/0aa4f873dece3b5c2303f1e386ff9e1b"},"headline":"Veste de 46 NORD pour l&#8217;ext\u00e9rieur","datePublished":"2025-11-19T15:30:00+00:00","dateModified":"2025-11-24T09:32:32+00:00","mainEntityOfPage":{"@id":"https:\/\/www.blackfridaydeals.ch\/fr\/veste-de-46-nord-pour-lexterieur\/"},"wordCount":53,"commentCount":0,"publisher":{"@id":"https:\/\/www.blackfridaydeals.ch\/fr\/#organization"},"keywords":["red-sport-outdoor-fr"],"articleSection":["Top-Deals"],"inLanguage":"fr-CH","potentialAction":[{"@type":"CommentAction","name":"Comment","target":["https:\/\/www.blackfridaydeals.ch\/fr\/veste-de-46-nord-pour-lexterieur\/#respond"]}]},{"@type":"WebPage","@id":"https:\/\/www.blackfridaydeals.ch\/fr\/veste-de-46-nord-pour-lexterieur\/","url":"https:\/\/www.blackfridaydeals.ch\/fr\/veste-de-46-nord-pour-lexterieur\/","name":"Veste de 46 NORD pour l'ext\u00e9rieur - blackfridaydeals.ch","isPartOf":{"@id":"https:\/\/www.blackfridaydeals.ch\/fr\/#website"},"datePublished":"2025-11-19T15:30:00+00:00","dateModified":"2025-11-24T09:32:32+00:00","description":"La veste de plein air 46 Nord Performance 3L se distingue par son excellente fonctionnalit\u00e9. Avec une colonne d'eau de 20 000 mm et des coutures","breadcrumb":{"@id":"https:\/\/www.blackfridaydeals.ch\/fr\/veste-de-46-nord-pour-lexterieur\/#breadcrumb"},"inLanguage":"fr-CH","potentialAction":[{"@type":"ReadAction","target":["https:\/\/www.blackfridaydeals.ch\/fr\/veste-de-46-nord-pour-lexterieur\/"]}]},{"@type":"BreadcrumbList","@id":"https:\/\/www.blackfridaydeals.ch\/fr\/veste-de-46-nord-pour-lexterieur\/#breadcrumb","itemListElement":[{"@type":"ListItem","position":1,"name":"Startseite","item":"https:\/\/www.blackfridaydeals.ch\/fr\/"},{"@type":"ListItem","position":2,"name":"46 NORD Performance Outdoorjacke","item":"https:\/\/www.blackfridaydeals.ch\/fr\/46-nord-performance-outdoorjacke\/"},{"@type":"ListItem","position":3,"name":"Veste de 46 NORD pour l&#8217;ext\u00e9rieur"}]},{"@type":"WebSite","@id":"https:\/\/www.blackfridaydeals.ch\/fr\/#website","url":"https:\/\/www.blackfridaydeals.ch\/fr\/","name":"blackfridaydeals.ch","description":"Toutes les offres du Black Friday 2025 en Suisse","publisher":{"@id":"https:\/\/www.blackfridaydeals.ch\/fr\/#organization"},"alternateName":"Black Friday Deals","potentialAction":[{"@type":"SearchAction","target":{"@type":"EntryPoint","urlTemplate":"https:\/\/www.blackfridaydeals.ch\/fr\/?s={search_term_string}"},"query-input":"required name=search_term_string"}],"inLanguage":"fr-CH"},{"@type":"Organization","@id":"https:\/\/www.blackfridaydeals.ch\/fr\/#organization","name":"blackfridaydeals.ch","alternateName":"Black Friday Deals","url":"https:\/\/www.blackfridaydeals.ch\/fr\/","logo":{"@type":"ImageObject","inLanguage":"fr-CH","@id":"https:\/\/www.blackfridaydeals.ch\/fr\/#\/schema\/logo\/image\/","url":"https:\/\/www.blackfridaydeals.ch\/wp-content\/uploads\/2023\/03\/app-icon-white-bg-jpg.jpg","contentUrl":"https:\/\/www.blackfridaydeals.ch\/wp-content\/uploads\/2023\/03\/app-icon-white-bg-jpg.jpg","width":512,"height":512,"caption":"blackfridaydeals.ch"},"image":{"@id":"https:\/\/www.blackfridaydeals.ch\/fr\/#\/schema\/logo\/image\/"},"sameAs":["https:\/\/www.facebook.com\/blackfridaydealsch\/","https:\/\/twitter.com\/blackfridaych","https:\/\/www.youtube.com\/channel\/UCNKXHacMw8AS34mBgzVx3FQ","https:\/\/www.instagram.com\/blackfridaydeals.ch\/"]},{"@type":"Person","@id":"https:\/\/www.blackfridaydeals.ch\/fr\/#\/schema\/person\/0aa4f873dece3b5c2303f1e386ff9e1b","name":"Luca Keller","image":{"@type":"ImageObject","inLanguage":"fr-CH","@id":"https:\/\/www.blackfridaydeals.ch\/fr\/#\/schema\/person\/image\/","url":"https:\/\/secure.gravatar.com\/avatar\/f554621003806b1ce1b9a9a6ea54c40b?s=96&d=blank&r=g","contentUrl":"https:\/\/secure.gravatar.com\/avatar\/f554621003806b1ce1b9a9a6ea54c40b?s=96&d=blank&r=g","caption":"Luca Keller"},"sameAs":["https:\/\/www.linkedin.com\/in\/frank-hartmann-a1b335297\/"],"url":"https:\/\/www.blackfridaydeals.ch\/fr\/author\/frank\/"}]}},"amp_enabled":true,"_links":{"self":[{"href":"https:\/\/www.blackfridaydeals.ch\/fr\/wp-json\/wp\/v2\/posts\/105683"}],"collection":[{"href":"https:\/\/www.blackfridaydeals.ch\/fr\/wp-json\/wp\/v2\/posts"}],"about":[{"href":"https:\/\/www.blackfridaydeals.ch\/fr\/wp-json\/wp\/v2\/types\/post"}],"author":[{"embeddable":true,"href":"https:\/\/www.blackfridaydeals.ch\/fr\/wp-json\/wp\/v2\/users\/348"}],"replies":[{"embeddable":true,"href":"https:\/\/www.blackfridaydeals.ch\/fr\/wp-json\/wp\/v2\/comments?post=105683"}],"version-history":[{"count":1,"href":"https:\/\/www.blackfridaydeals.ch\/fr\/wp-json\/wp\/v2\/posts\/105683\/revisions"}],"predecessor-version":[{"id":105803,"href":"https:\/\/www.blackfridaydeals.ch\/fr\/wp-json\/wp\/v2\/posts\/105683\/revisions\/105803"}],"wp:featuredmedia":[{"embeddable":true,"href":"https:\/\/www.blackfridaydeals.ch\/fr\/wp-json\/wp\/v2\/media\/105679"}],"wp:attachment":[{"href":"https:\/\/www.blackfridaydeals.ch\/fr\/wp-json\/wp\/v2\/media?parent=105683"}],"wp:term":[{"taxonomy":"category","embeddable":true,"href":"https:\/\/www.blackfridaydeals.ch\/fr\/wp-json\/wp\/v2\/categories?post=105683"},{"taxonomy":"post_tag","embeddable":true,"href":"https:\/\/www.blackfridaydeals.ch\/fr\/wp-json\/wp\/v2\/tags?post=105683"},{"taxonomy":"dealstore","embeddable":true,"href":"https:\/\/www.blackfridaydeals.ch\/fr\/wp-json\/wp\/v2\/dealstore?post=105683"},{"taxonomy":"offerexpiration","embeddable":true,"href":"https:\/\/www.blackfridaydeals.ch\/fr\/wp-json\/wp\/v2\/offerexpiration?post=105683"}],"curies":[{"name":"wp","href":"https:\/\/api.w.org\/{rel}","templated":true}]}}