{"id":103344,"date":"2025-11-16T00:00:00","date_gmt":"2025-11-15T23:00:00","guid":{"rendered":"https:\/\/www.blackfridaydeals.ch\/?p=103344"},"modified":"2025-12-01T05:33:09","modified_gmt":"2025-12-01T04:33:09","slug":"lenovo-idea-tab-pro-12-7-128gb-pen-2","status":"publish","type":"post","link":"https:\/\/www.blackfridaydeals.ch\/fr\/lenovo-idea-tab-pro-12-7-128gb-pen-2\/","title":{"rendered":"Lenovo Idea Tab Pro 12.7&#8243; (128GB) + Pen"},"content":{"rendered":"<p>Fa\u00e7onnez votre parcours acad\u00e9mique avec le Lenovo Idea Tab Pro, propuls\u00e9 par le processeur MediaTek Dimensity et les fonctions IA de Google Gemini. Profitez des \u00e9tudes et des loisirs sur un \u00e9cran 3K de 12,7 pouces \u00e9poustouflant, tandis que les quatre haut-parleurs JBL offrent un son immersif.<\/p>\n","protected":false},"excerpt":{"rendered":"<p>Fa\u00e7onnez votre parcours acad\u00e9mique avec le Lenovo Idea Tab Pro, propuls\u00e9 par le processeur MediaTek Dimensity et les fonctions IA de Google Gemini. Profitez des \u00e9tudes et des loisirs sur un \u00e9cran 3K de 12,7 pouces \u00e9poustouflant, tandis que les quatre haut-parleurs JBL offrent un son immersif.<\/p>\n","protected":false},"author":348,"featured_media":103340,"comment_status":"open","ping_status":"closed","sticky":false,"template":"","format":"standard","meta":[],"categories":[14212],"tags":[16528,16277],"dealstore":[9874],"offerexpiration":[16317],"yoast_head":"<!-- This site is optimized with the Yoast SEO plugin v20.5 - https:\/\/yoast.com\/wordpress\/plugins\/seo\/ -->\n<title>Lenovo Idea Tab Pro 12.7&quot; (128GB) + Pen - blackfridaydeals.ch<\/title>\n<meta name=\"description\" content=\"Fa\u00e7onnez votre parcours acad\u00e9mique avec le Lenovo Idea Tab Pro, propuls\u00e9 par le processeur MediaTek Dimensity et les fonctions IA de Google Gemini.\" \/>\n<meta name=\"robots\" content=\"noindex, nofollow\" \/>\n<meta property=\"og:locale\" content=\"fr_FR\" \/>\n<meta property=\"og:type\" content=\"article\" \/>\n<meta property=\"og:title\" content=\"Lenovo Idea Tab Pro 12.7&quot; (128GB) + Pen - blackfridaydeals.ch\" \/>\n<meta property=\"og:description\" content=\"Fa\u00e7onnez votre parcours acad\u00e9mique avec le Lenovo Idea Tab Pro, propuls\u00e9 par le processeur MediaTek Dimensity et les fonctions IA de Google Gemini.\" \/>\n<meta property=\"og:url\" content=\"https:\/\/www.blackfridaydeals.ch\/fr\/lenovo-idea-tab-pro-12-7-128gb-pen-2\/\" \/>\n<meta property=\"og:site_name\" content=\"blackfridaydeals.ch\" \/>\n<meta property=\"article:publisher\" content=\"https:\/\/www.facebook.com\/blackfridaydealsch\/\" \/>\n<meta property=\"article:published_time\" content=\"2025-11-15T23:00:00+00:00\" \/>\n<meta property=\"article:modified_time\" content=\"2025-12-01T04:33:09+00:00\" \/>\n<meta property=\"og:image\" content=\"https:\/\/www.blackfridaydeals.ch\/wp-content\/uploads\/2025\/11\/d20551f7-2e40-4f9c-9cf7-83f2de8f93e4__lenovotablet.png\" \/>\n\t<meta property=\"og:image:width\" content=\"600\" \/>\n\t<meta property=\"og:image:height\" content=\"400\" \/>\n\t<meta property=\"og:image:type\" content=\"image\/png\" \/>\n<meta name=\"author\" content=\"Luca Keller\" \/>\n<meta name=\"twitter:card\" content=\"summary_large_image\" \/>\n<meta name=\"twitter:creator\" content=\"@blackfridaych\" \/>\n<meta name=\"twitter:site\" content=\"@blackfridaych\" \/>\n<meta name=\"twitter:label1\" content=\"Written by\" \/>\n\t<meta name=\"twitter:data1\" content=\"Luca Keller\" \/>\n<script type=\"application\/ld+json\" class=\"yoast-schema-graph\">{\"@context\":\"https:\/\/schema.org\",\"@graph\":[{\"@type\":\"Article\",\"@id\":\"https:\/\/www.blackfridaydeals.ch\/fr\/lenovo-idea-tab-pro-12-7-128gb-pen-2\/#article\",\"isPartOf\":{\"@id\":\"https:\/\/www.blackfridaydeals.ch\/fr\/lenovo-idea-tab-pro-12-7-128gb-pen-2\/\"},\"author\":{\"name\":\"Luca Keller\",\"@id\":\"https:\/\/www.blackfridaydeals.ch\/fr\/#\/schema\/person\/0aa4f873dece3b5c2303f1e386ff9e1b\"},\"headline\":\"Lenovo Idea Tab Pro 12.7&#8243; (128GB) + Pen\",\"datePublished\":\"2025-11-15T23:00:00+00:00\",\"dateModified\":\"2025-12-01T04:33:09+00:00\",\"mainEntityOfPage\":{\"@id\":\"https:\/\/www.blackfridaydeals.ch\/fr\/lenovo-idea-tab-pro-12-7-128gb-pen-2\/\"},\"wordCount\":54,\"commentCount\":0,\"publisher\":{\"@id\":\"https:\/\/www.blackfridaydeals.ch\/fr\/#organization\"},\"keywords\":[\"red-elektro-fr\",\"Tablet-fr\"],\"articleSection\":[\"Top-Deals\"],\"inLanguage\":\"fr-CH\",\"potentialAction\":[{\"@type\":\"CommentAction\",\"name\":\"Comment\",\"target\":[\"https:\/\/www.blackfridaydeals.ch\/fr\/lenovo-idea-tab-pro-12-7-128gb-pen-2\/#respond\"]}]},{\"@type\":\"WebPage\",\"@id\":\"https:\/\/www.blackfridaydeals.ch\/fr\/lenovo-idea-tab-pro-12-7-128gb-pen-2\/\",\"url\":\"https:\/\/www.blackfridaydeals.ch\/fr\/lenovo-idea-tab-pro-12-7-128gb-pen-2\/\",\"name\":\"Lenovo Idea Tab Pro 12.7\\\" (128GB) + Pen - blackfridaydeals.ch\",\"isPartOf\":{\"@id\":\"https:\/\/www.blackfridaydeals.ch\/fr\/#website\"},\"datePublished\":\"2025-11-15T23:00:00+00:00\",\"dateModified\":\"2025-12-01T04:33:09+00:00\",\"description\":\"Fa\u00e7onnez votre parcours acad\u00e9mique avec le Lenovo Idea Tab Pro, propuls\u00e9 par le processeur MediaTek Dimensity et les fonctions IA de Google Gemini.\",\"breadcrumb\":{\"@id\":\"https:\/\/www.blackfridaydeals.ch\/fr\/lenovo-idea-tab-pro-12-7-128gb-pen-2\/#breadcrumb\"},\"inLanguage\":\"fr-CH\",\"potentialAction\":[{\"@type\":\"ReadAction\",\"target\":[\"https:\/\/www.blackfridaydeals.ch\/fr\/lenovo-idea-tab-pro-12-7-128gb-pen-2\/\"]}]},{\"@type\":\"BreadcrumbList\",\"@id\":\"https:\/\/www.blackfridaydeals.ch\/fr\/lenovo-idea-tab-pro-12-7-128gb-pen-2\/#breadcrumb\",\"itemListElement\":[{\"@type\":\"ListItem\",\"position\":1,\"name\":\"Startseite\",\"item\":\"https:\/\/www.blackfridaydeals.ch\/fr\/\"},{\"@type\":\"ListItem\",\"position\":2,\"name\":\"Lenovo Idea Tab Pro 12.7&#8243; (128GB) + Pen\",\"item\":\"https:\/\/www.blackfridaydeals.ch\/fr\/lenovo-idea-tab-pro-12-7-128gb-pen\/\"},{\"@type\":\"ListItem\",\"position\":3,\"name\":\"Lenovo Idea Tab Pro 12.7&#8243; (128GB) + Pen\"}]},{\"@type\":\"WebSite\",\"@id\":\"https:\/\/www.blackfridaydeals.ch\/fr\/#website\",\"url\":\"https:\/\/www.blackfridaydeals.ch\/fr\/\",\"name\":\"blackfridaydeals.ch\",\"description\":\"Toutes les offres du Black Friday 2025 en Suisse\",\"publisher\":{\"@id\":\"https:\/\/www.blackfridaydeals.ch\/fr\/#organization\"},\"alternateName\":\"Black Friday Deals\",\"potentialAction\":[{\"@type\":\"SearchAction\",\"target\":{\"@type\":\"EntryPoint\",\"urlTemplate\":\"https:\/\/www.blackfridaydeals.ch\/fr\/?s={search_term_string}\"},\"query-input\":\"required name=search_term_string\"}],\"inLanguage\":\"fr-CH\"},{\"@type\":\"Organization\",\"@id\":\"https:\/\/www.blackfridaydeals.ch\/fr\/#organization\",\"name\":\"blackfridaydeals.ch\",\"alternateName\":\"Black Friday Deals\",\"url\":\"https:\/\/www.blackfridaydeals.ch\/fr\/\",\"logo\":{\"@type\":\"ImageObject\",\"inLanguage\":\"fr-CH\",\"@id\":\"https:\/\/www.blackfridaydeals.ch\/fr\/#\/schema\/logo\/image\/\",\"url\":\"https:\/\/www.blackfridaydeals.ch\/wp-content\/uploads\/2023\/03\/app-icon-white-bg-jpg.jpg\",\"contentUrl\":\"https:\/\/www.blackfridaydeals.ch\/wp-content\/uploads\/2023\/03\/app-icon-white-bg-jpg.jpg\",\"width\":512,\"height\":512,\"caption\":\"blackfridaydeals.ch\"},\"image\":{\"@id\":\"https:\/\/www.blackfridaydeals.ch\/fr\/#\/schema\/logo\/image\/\"},\"sameAs\":[\"https:\/\/www.facebook.com\/blackfridaydealsch\/\",\"https:\/\/twitter.com\/blackfridaych\",\"https:\/\/www.youtube.com\/channel\/UCNKXHacMw8AS34mBgzVx3FQ\",\"https:\/\/www.instagram.com\/blackfridaydeals.ch\/\"]},{\"@type\":\"Person\",\"@id\":\"https:\/\/www.blackfridaydeals.ch\/fr\/#\/schema\/person\/0aa4f873dece3b5c2303f1e386ff9e1b\",\"name\":\"Luca Keller\",\"image\":{\"@type\":\"ImageObject\",\"inLanguage\":\"fr-CH\",\"@id\":\"https:\/\/www.blackfridaydeals.ch\/fr\/#\/schema\/person\/image\/\",\"url\":\"https:\/\/secure.gravatar.com\/avatar\/f554621003806b1ce1b9a9a6ea54c40b?s=96&d=blank&r=g\",\"contentUrl\":\"https:\/\/secure.gravatar.com\/avatar\/f554621003806b1ce1b9a9a6ea54c40b?s=96&d=blank&r=g\",\"caption\":\"Luca Keller\"},\"sameAs\":[\"https:\/\/www.linkedin.com\/in\/frank-hartmann-a1b335297\/\"],\"url\":\"https:\/\/www.blackfridaydeals.ch\/fr\/author\/frank\/\"}]}<\/script>\n<!-- \/ Yoast SEO plugin. -->","yoast_head_json":{"title":"Lenovo Idea Tab Pro 12.7\" (128GB) + Pen - blackfridaydeals.ch","description":"Fa\u00e7onnez votre parcours acad\u00e9mique avec le Lenovo Idea Tab Pro, propuls\u00e9 par le processeur MediaTek Dimensity et les fonctions IA de Google Gemini.","robots":{"index":"noindex","follow":"nofollow"},"og_locale":"fr_FR","og_type":"article","og_title":"Lenovo Idea Tab Pro 12.7\" (128GB) + Pen - blackfridaydeals.ch","og_description":"Fa\u00e7onnez votre parcours acad\u00e9mique avec le Lenovo Idea Tab Pro, propuls\u00e9 par le processeur MediaTek Dimensity et les fonctions IA de Google Gemini.","og_url":"https:\/\/www.blackfridaydeals.ch\/fr\/lenovo-idea-tab-pro-12-7-128gb-pen-2\/","og_site_name":"blackfridaydeals.ch","article_publisher":"https:\/\/www.facebook.com\/blackfridaydealsch\/","article_published_time":"2025-11-15T23:00:00+00:00","article_modified_time":"2025-12-01T04:33:09+00:00","og_image":[{"width":600,"height":400,"url":"https:\/\/www.blackfridaydeals.ch\/wp-content\/uploads\/2025\/11\/d20551f7-2e40-4f9c-9cf7-83f2de8f93e4__lenovotablet.png","type":"image\/png"}],"author":"Luca Keller","twitter_card":"summary_large_image","twitter_creator":"@blackfridaych","twitter_site":"@blackfridaych","twitter_misc":{"Written by":"Luca Keller"},"schema":{"@context":"https:\/\/schema.org","@graph":[{"@type":"Article","@id":"https:\/\/www.blackfridaydeals.ch\/fr\/lenovo-idea-tab-pro-12-7-128gb-pen-2\/#article","isPartOf":{"@id":"https:\/\/www.blackfridaydeals.ch\/fr\/lenovo-idea-tab-pro-12-7-128gb-pen-2\/"},"author":{"name":"Luca Keller","@id":"https:\/\/www.blackfridaydeals.ch\/fr\/#\/schema\/person\/0aa4f873dece3b5c2303f1e386ff9e1b"},"headline":"Lenovo Idea Tab Pro 12.7&#8243; (128GB) + Pen","datePublished":"2025-11-15T23:00:00+00:00","dateModified":"2025-12-01T04:33:09+00:00","mainEntityOfPage":{"@id":"https:\/\/www.blackfridaydeals.ch\/fr\/lenovo-idea-tab-pro-12-7-128gb-pen-2\/"},"wordCount":54,"commentCount":0,"publisher":{"@id":"https:\/\/www.blackfridaydeals.ch\/fr\/#organization"},"keywords":["red-elektro-fr","Tablet-fr"],"articleSection":["Top-Deals"],"inLanguage":"fr-CH","potentialAction":[{"@type":"CommentAction","name":"Comment","target":["https:\/\/www.blackfridaydeals.ch\/fr\/lenovo-idea-tab-pro-12-7-128gb-pen-2\/#respond"]}]},{"@type":"WebPage","@id":"https:\/\/www.blackfridaydeals.ch\/fr\/lenovo-idea-tab-pro-12-7-128gb-pen-2\/","url":"https:\/\/www.blackfridaydeals.ch\/fr\/lenovo-idea-tab-pro-12-7-128gb-pen-2\/","name":"Lenovo Idea Tab Pro 12.7\" (128GB) + Pen - blackfridaydeals.ch","isPartOf":{"@id":"https:\/\/www.blackfridaydeals.ch\/fr\/#website"},"datePublished":"2025-11-15T23:00:00+00:00","dateModified":"2025-12-01T04:33:09+00:00","description":"Fa\u00e7onnez votre parcours acad\u00e9mique avec le Lenovo Idea Tab Pro, propuls\u00e9 par le processeur MediaTek Dimensity et les fonctions IA de Google Gemini.","breadcrumb":{"@id":"https:\/\/www.blackfridaydeals.ch\/fr\/lenovo-idea-tab-pro-12-7-128gb-pen-2\/#breadcrumb"},"inLanguage":"fr-CH","potentialAction":[{"@type":"ReadAction","target":["https:\/\/www.blackfridaydeals.ch\/fr\/lenovo-idea-tab-pro-12-7-128gb-pen-2\/"]}]},{"@type":"BreadcrumbList","@id":"https:\/\/www.blackfridaydeals.ch\/fr\/lenovo-idea-tab-pro-12-7-128gb-pen-2\/#breadcrumb","itemListElement":[{"@type":"ListItem","position":1,"name":"Startseite","item":"https:\/\/www.blackfridaydeals.ch\/fr\/"},{"@type":"ListItem","position":2,"name":"Lenovo Idea Tab Pro 12.7&#8243; (128GB) + Pen","item":"https:\/\/www.blackfridaydeals.ch\/fr\/lenovo-idea-tab-pro-12-7-128gb-pen\/"},{"@type":"ListItem","position":3,"name":"Lenovo Idea Tab Pro 12.7&#8243; (128GB) + Pen"}]},{"@type":"WebSite","@id":"https:\/\/www.blackfridaydeals.ch\/fr\/#website","url":"https:\/\/www.blackfridaydeals.ch\/fr\/","name":"blackfridaydeals.ch","description":"Toutes les offres du Black Friday 2025 en Suisse","publisher":{"@id":"https:\/\/www.blackfridaydeals.ch\/fr\/#organization"},"alternateName":"Black Friday Deals","potentialAction":[{"@type":"SearchAction","target":{"@type":"EntryPoint","urlTemplate":"https:\/\/www.blackfridaydeals.ch\/fr\/?s={search_term_string}"},"query-input":"required name=search_term_string"}],"inLanguage":"fr-CH"},{"@type":"Organization","@id":"https:\/\/www.blackfridaydeals.ch\/fr\/#organization","name":"blackfridaydeals.ch","alternateName":"Black Friday Deals","url":"https:\/\/www.blackfridaydeals.ch\/fr\/","logo":{"@type":"ImageObject","inLanguage":"fr-CH","@id":"https:\/\/www.blackfridaydeals.ch\/fr\/#\/schema\/logo\/image\/","url":"https:\/\/www.blackfridaydeals.ch\/wp-content\/uploads\/2023\/03\/app-icon-white-bg-jpg.jpg","contentUrl":"https:\/\/www.blackfridaydeals.ch\/wp-content\/uploads\/2023\/03\/app-icon-white-bg-jpg.jpg","width":512,"height":512,"caption":"blackfridaydeals.ch"},"image":{"@id":"https:\/\/www.blackfridaydeals.ch\/fr\/#\/schema\/logo\/image\/"},"sameAs":["https:\/\/www.facebook.com\/blackfridaydealsch\/","https:\/\/twitter.com\/blackfridaych","https:\/\/www.youtube.com\/channel\/UCNKXHacMw8AS34mBgzVx3FQ","https:\/\/www.instagram.com\/blackfridaydeals.ch\/"]},{"@type":"Person","@id":"https:\/\/www.blackfridaydeals.ch\/fr\/#\/schema\/person\/0aa4f873dece3b5c2303f1e386ff9e1b","name":"Luca Keller","image":{"@type":"ImageObject","inLanguage":"fr-CH","@id":"https:\/\/www.blackfridaydeals.ch\/fr\/#\/schema\/person\/image\/","url":"https:\/\/secure.gravatar.com\/avatar\/f554621003806b1ce1b9a9a6ea54c40b?s=96&d=blank&r=g","contentUrl":"https:\/\/secure.gravatar.com\/avatar\/f554621003806b1ce1b9a9a6ea54c40b?s=96&d=blank&r=g","caption":"Luca Keller"},"sameAs":["https:\/\/www.linkedin.com\/in\/frank-hartmann-a1b335297\/"],"url":"https:\/\/www.blackfridaydeals.ch\/fr\/author\/frank\/"}]}},"amp_enabled":true,"_links":{"self":[{"href":"https:\/\/www.blackfridaydeals.ch\/fr\/wp-json\/wp\/v2\/posts\/103344"}],"collection":[{"href":"https:\/\/www.blackfridaydeals.ch\/fr\/wp-json\/wp\/v2\/posts"}],"about":[{"href":"https:\/\/www.blackfridaydeals.ch\/fr\/wp-json\/wp\/v2\/types\/post"}],"author":[{"embeddable":true,"href":"https:\/\/www.blackfridaydeals.ch\/fr\/wp-json\/wp\/v2\/users\/348"}],"replies":[{"embeddable":true,"href":"https:\/\/www.blackfridaydeals.ch\/fr\/wp-json\/wp\/v2\/comments?post=103344"}],"version-history":[{"count":1,"href":"https:\/\/www.blackfridaydeals.ch\/fr\/wp-json\/wp\/v2\/posts\/103344\/revisions"}],"predecessor-version":[{"id":103616,"href":"https:\/\/www.blackfridaydeals.ch\/fr\/wp-json\/wp\/v2\/posts\/103344\/revisions\/103616"}],"wp:featuredmedia":[{"embeddable":true,"href":"https:\/\/www.blackfridaydeals.ch\/fr\/wp-json\/wp\/v2\/media\/103340"}],"wp:attachment":[{"href":"https:\/\/www.blackfridaydeals.ch\/fr\/wp-json\/wp\/v2\/media?parent=103344"}],"wp:term":[{"taxonomy":"category","embeddable":true,"href":"https:\/\/www.blackfridaydeals.ch\/fr\/wp-json\/wp\/v2\/categories?post=103344"},{"taxonomy":"post_tag","embeddable":true,"href":"https:\/\/www.blackfridaydeals.ch\/fr\/wp-json\/wp\/v2\/tags?post=103344"},{"taxonomy":"dealstore","embeddable":true,"href":"https:\/\/www.blackfridaydeals.ch\/fr\/wp-json\/wp\/v2\/dealstore?post=103344"},{"taxonomy":"offerexpiration","embeddable":true,"href":"https:\/\/www.blackfridaydeals.ch\/fr\/wp-json\/wp\/v2\/offerexpiration?post=103344"}],"curies":[{"name":"wp","href":"https:\/\/api.w.org\/{rel}","templated":true}]}}