{"id":102795,"date":"2025-11-11T00:00:00","date_gmt":"2025-11-10T23:00:00","guid":{"rendered":"https:\/\/www.blackfridaydeals.ch\/dolce-gabbana-the-one-pour-homme-edp\/"},"modified":"2025-12-01T08:49:24","modified_gmt":"2025-12-01T07:49:24","slug":"dolce-gabbana-the-one-pour-homme-edp","status":"publish","type":"post","link":"https:\/\/www.blackfridaydeals.ch\/fr\/dolce-gabbana-the-one-pour-homme-edp\/","title":{"rendered":"Dolce &amp; Gabbana The One Pour Homme EdP"},"content":{"rendered":"<p>Le parfum masculin \u00e9pic\u00e9-oriental Dolce &amp; Gabbana The One for Men repose sur la coriandre, le pamplemousse et le basilic, cr\u00e9ant une note de t\u00eate fruit\u00e9e mais \u00e9pic\u00e9e. La note de c\u0153ur est piquante et fra\u00eeche avec du cardamome et du gingembre.<\/p>\n","protected":false},"excerpt":{"rendered":"<p>Le parfum masculin \u00e9pic\u00e9-oriental Dolce &amp; Gabbana The One for Men repose sur la coriandre, le pamplemousse et le basilic, cr\u00e9ant une note de t\u00eate fruit\u00e9e mais \u00e9pic\u00e9e. La note de c\u0153ur est piquante et fra\u00eeche avec du cardamome et du gingembre.<\/p>\n","protected":false},"author":348,"featured_media":102791,"comment_status":"open","ping_status":"closed","sticky":false,"template":"","format":"standard","meta":[],"categories":[14212],"tags":[16534],"dealstore":[3247],"offerexpiration":[16317],"yoast_head":"<!-- This site is optimized with the Yoast SEO plugin v20.5 - https:\/\/yoast.com\/wordpress\/plugins\/seo\/ -->\n<title>Dolce &amp; Gabbana The One Pour Homme EdP - blackfridaydeals.ch<\/title>\n<meta name=\"description\" content=\"Le parfum masculin \u00e9pic\u00e9-oriental Dolce &amp; Gabbana The One for Men repose sur la coriandre, le pamplemousse et le basilic, cr\u00e9ant une note de t\u00eate\" \/>\n<meta name=\"robots\" content=\"noindex, nofollow\" \/>\n<meta property=\"og:locale\" content=\"fr_FR\" \/>\n<meta property=\"og:type\" content=\"article\" \/>\n<meta property=\"og:title\" content=\"Dolce &amp; Gabbana The One Pour Homme EdP - blackfridaydeals.ch\" \/>\n<meta property=\"og:description\" content=\"Le parfum masculin \u00e9pic\u00e9-oriental Dolce &amp; Gabbana The One for Men repose sur la coriandre, le pamplemousse et le basilic, cr\u00e9ant une note de t\u00eate\" \/>\n<meta property=\"og:url\" content=\"https:\/\/www.blackfridaydeals.ch\/fr\/dolce-gabbana-the-one-pour-homme-edp\/\" \/>\n<meta property=\"og:site_name\" content=\"blackfridaydeals.ch\" \/>\n<meta property=\"article:publisher\" content=\"https:\/\/www.facebook.com\/blackfridaydealsch\/\" \/>\n<meta property=\"article:published_time\" content=\"2025-11-10T23:00:00+00:00\" \/>\n<meta property=\"article:modified_time\" content=\"2025-12-01T07:49:24+00:00\" \/>\n<meta property=\"og:image\" content=\"https:\/\/www.blackfridaydeals.ch\/wp-content\/uploads\/2025\/11\/c5e96489-8c40-4dfb-beef-db5aa0579b28__theone2.png\" \/>\n\t<meta property=\"og:image:width\" content=\"1200\" \/>\n\t<meta property=\"og:image:height\" content=\"800\" \/>\n\t<meta property=\"og:image:type\" content=\"image\/png\" \/>\n<meta name=\"author\" content=\"Luca Keller\" \/>\n<meta name=\"twitter:card\" content=\"summary_large_image\" \/>\n<meta name=\"twitter:creator\" content=\"@blackfridaych\" \/>\n<meta name=\"twitter:site\" content=\"@blackfridaych\" \/>\n<meta name=\"twitter:label1\" content=\"Written by\" \/>\n\t<meta name=\"twitter:data1\" content=\"Luca Keller\" \/>\n<script type=\"application\/ld+json\" class=\"yoast-schema-graph\">{\"@context\":\"https:\/\/schema.org\",\"@graph\":[{\"@type\":\"Article\",\"@id\":\"https:\/\/www.blackfridaydeals.ch\/fr\/dolce-gabbana-the-one-pour-homme-edp\/#article\",\"isPartOf\":{\"@id\":\"https:\/\/www.blackfridaydeals.ch\/fr\/dolce-gabbana-the-one-pour-homme-edp\/\"},\"author\":{\"name\":\"Luca Keller\",\"@id\":\"https:\/\/www.blackfridaydeals.ch\/fr\/#\/schema\/person\/0aa4f873dece3b5c2303f1e386ff9e1b\"},\"headline\":\"Dolce &amp; Gabbana The One Pour Homme EdP\",\"datePublished\":\"2025-11-10T23:00:00+00:00\",\"dateModified\":\"2025-12-01T07:49:24+00:00\",\"mainEntityOfPage\":{\"@id\":\"https:\/\/www.blackfridaydeals.ch\/fr\/dolce-gabbana-the-one-pour-homme-edp\/\"},\"wordCount\":57,\"commentCount\":0,\"publisher\":{\"@id\":\"https:\/\/www.blackfridaydeals.ch\/fr\/#organization\"},\"keywords\":[\"red-beauty-fr\"],\"articleSection\":[\"Top-Deals\"],\"inLanguage\":\"fr-CH\",\"potentialAction\":[{\"@type\":\"CommentAction\",\"name\":\"Comment\",\"target\":[\"https:\/\/www.blackfridaydeals.ch\/fr\/dolce-gabbana-the-one-pour-homme-edp\/#respond\"]}]},{\"@type\":\"WebPage\",\"@id\":\"https:\/\/www.blackfridaydeals.ch\/fr\/dolce-gabbana-the-one-pour-homme-edp\/\",\"url\":\"https:\/\/www.blackfridaydeals.ch\/fr\/dolce-gabbana-the-one-pour-homme-edp\/\",\"name\":\"Dolce &amp; Gabbana The One Pour Homme EdP - blackfridaydeals.ch\",\"isPartOf\":{\"@id\":\"https:\/\/www.blackfridaydeals.ch\/fr\/#website\"},\"datePublished\":\"2025-11-10T23:00:00+00:00\",\"dateModified\":\"2025-12-01T07:49:24+00:00\",\"description\":\"Le parfum masculin \u00e9pic\u00e9-oriental Dolce &amp; Gabbana The One for Men repose sur la coriandre, le pamplemousse et le basilic, cr\u00e9ant une note de t\u00eate\",\"breadcrumb\":{\"@id\":\"https:\/\/www.blackfridaydeals.ch\/fr\/dolce-gabbana-the-one-pour-homme-edp\/#breadcrumb\"},\"inLanguage\":\"fr-CH\",\"potentialAction\":[{\"@type\":\"ReadAction\",\"target\":[\"https:\/\/www.blackfridaydeals.ch\/fr\/dolce-gabbana-the-one-pour-homme-edp\/\"]}]},{\"@type\":\"BreadcrumbList\",\"@id\":\"https:\/\/www.blackfridaydeals.ch\/fr\/dolce-gabbana-the-one-pour-homme-edp\/#breadcrumb\",\"itemListElement\":[{\"@type\":\"ListItem\",\"position\":1,\"name\":\"Startseite\",\"item\":\"https:\/\/www.blackfridaydeals.ch\/fr\/\"},{\"@type\":\"ListItem\",\"position\":2,\"name\":\"Dolce &amp; Gabbana The One For Men EdP\",\"item\":\"https:\/\/www.blackfridaydeals.ch\/fr\/dolce-gabbana-the-one-for-men-edp\/\"},{\"@type\":\"ListItem\",\"position\":3,\"name\":\"Dolce &amp; Gabbana The One Pour Homme EdP\"}]},{\"@type\":\"WebSite\",\"@id\":\"https:\/\/www.blackfridaydeals.ch\/fr\/#website\",\"url\":\"https:\/\/www.blackfridaydeals.ch\/fr\/\",\"name\":\"blackfridaydeals.ch\",\"description\":\"Toutes les offres du Black Friday 2025 en Suisse\",\"publisher\":{\"@id\":\"https:\/\/www.blackfridaydeals.ch\/fr\/#organization\"},\"alternateName\":\"Black Friday Deals\",\"potentialAction\":[{\"@type\":\"SearchAction\",\"target\":{\"@type\":\"EntryPoint\",\"urlTemplate\":\"https:\/\/www.blackfridaydeals.ch\/fr\/?s={search_term_string}\"},\"query-input\":\"required name=search_term_string\"}],\"inLanguage\":\"fr-CH\"},{\"@type\":\"Organization\",\"@id\":\"https:\/\/www.blackfridaydeals.ch\/fr\/#organization\",\"name\":\"blackfridaydeals.ch\",\"alternateName\":\"Black Friday Deals\",\"url\":\"https:\/\/www.blackfridaydeals.ch\/fr\/\",\"logo\":{\"@type\":\"ImageObject\",\"inLanguage\":\"fr-CH\",\"@id\":\"https:\/\/www.blackfridaydeals.ch\/fr\/#\/schema\/logo\/image\/\",\"url\":\"https:\/\/www.blackfridaydeals.ch\/wp-content\/uploads\/2023\/03\/app-icon-white-bg-jpg.jpg\",\"contentUrl\":\"https:\/\/www.blackfridaydeals.ch\/wp-content\/uploads\/2023\/03\/app-icon-white-bg-jpg.jpg\",\"width\":512,\"height\":512,\"caption\":\"blackfridaydeals.ch\"},\"image\":{\"@id\":\"https:\/\/www.blackfridaydeals.ch\/fr\/#\/schema\/logo\/image\/\"},\"sameAs\":[\"https:\/\/www.facebook.com\/blackfridaydealsch\/\",\"https:\/\/twitter.com\/blackfridaych\",\"https:\/\/www.youtube.com\/channel\/UCNKXHacMw8AS34mBgzVx3FQ\",\"https:\/\/www.instagram.com\/blackfridaydeals.ch\/\"]},{\"@type\":\"Person\",\"@id\":\"https:\/\/www.blackfridaydeals.ch\/fr\/#\/schema\/person\/0aa4f873dece3b5c2303f1e386ff9e1b\",\"name\":\"Luca Keller\",\"image\":{\"@type\":\"ImageObject\",\"inLanguage\":\"fr-CH\",\"@id\":\"https:\/\/www.blackfridaydeals.ch\/fr\/#\/schema\/person\/image\/\",\"url\":\"https:\/\/secure.gravatar.com\/avatar\/f554621003806b1ce1b9a9a6ea54c40b?s=96&d=blank&r=g\",\"contentUrl\":\"https:\/\/secure.gravatar.com\/avatar\/f554621003806b1ce1b9a9a6ea54c40b?s=96&d=blank&r=g\",\"caption\":\"Luca Keller\"},\"sameAs\":[\"https:\/\/www.linkedin.com\/in\/frank-hartmann-a1b335297\/\"],\"url\":\"https:\/\/www.blackfridaydeals.ch\/fr\/author\/frank\/\"}]}<\/script>\n<!-- \/ Yoast SEO plugin. -->","yoast_head_json":{"title":"Dolce &amp; Gabbana The One Pour Homme EdP - blackfridaydeals.ch","description":"Le parfum masculin \u00e9pic\u00e9-oriental Dolce &amp; Gabbana The One for Men repose sur la coriandre, le pamplemousse et le basilic, cr\u00e9ant une note de t\u00eate","robots":{"index":"noindex","follow":"nofollow"},"og_locale":"fr_FR","og_type":"article","og_title":"Dolce &amp; Gabbana The One Pour Homme EdP - blackfridaydeals.ch","og_description":"Le parfum masculin \u00e9pic\u00e9-oriental Dolce &amp; Gabbana The One for Men repose sur la coriandre, le pamplemousse et le basilic, cr\u00e9ant une note de t\u00eate","og_url":"https:\/\/www.blackfridaydeals.ch\/fr\/dolce-gabbana-the-one-pour-homme-edp\/","og_site_name":"blackfridaydeals.ch","article_publisher":"https:\/\/www.facebook.com\/blackfridaydealsch\/","article_published_time":"2025-11-10T23:00:00+00:00","article_modified_time":"2025-12-01T07:49:24+00:00","og_image":[{"width":1200,"height":800,"url":"https:\/\/www.blackfridaydeals.ch\/wp-content\/uploads\/2025\/11\/c5e96489-8c40-4dfb-beef-db5aa0579b28__theone2.png","type":"image\/png"}],"author":"Luca Keller","twitter_card":"summary_large_image","twitter_creator":"@blackfridaych","twitter_site":"@blackfridaych","twitter_misc":{"Written by":"Luca Keller"},"schema":{"@context":"https:\/\/schema.org","@graph":[{"@type":"Article","@id":"https:\/\/www.blackfridaydeals.ch\/fr\/dolce-gabbana-the-one-pour-homme-edp\/#article","isPartOf":{"@id":"https:\/\/www.blackfridaydeals.ch\/fr\/dolce-gabbana-the-one-pour-homme-edp\/"},"author":{"name":"Luca Keller","@id":"https:\/\/www.blackfridaydeals.ch\/fr\/#\/schema\/person\/0aa4f873dece3b5c2303f1e386ff9e1b"},"headline":"Dolce &amp; Gabbana The One Pour Homme EdP","datePublished":"2025-11-10T23:00:00+00:00","dateModified":"2025-12-01T07:49:24+00:00","mainEntityOfPage":{"@id":"https:\/\/www.blackfridaydeals.ch\/fr\/dolce-gabbana-the-one-pour-homme-edp\/"},"wordCount":57,"commentCount":0,"publisher":{"@id":"https:\/\/www.blackfridaydeals.ch\/fr\/#organization"},"keywords":["red-beauty-fr"],"articleSection":["Top-Deals"],"inLanguage":"fr-CH","potentialAction":[{"@type":"CommentAction","name":"Comment","target":["https:\/\/www.blackfridaydeals.ch\/fr\/dolce-gabbana-the-one-pour-homme-edp\/#respond"]}]},{"@type":"WebPage","@id":"https:\/\/www.blackfridaydeals.ch\/fr\/dolce-gabbana-the-one-pour-homme-edp\/","url":"https:\/\/www.blackfridaydeals.ch\/fr\/dolce-gabbana-the-one-pour-homme-edp\/","name":"Dolce &amp; Gabbana The One Pour Homme EdP - blackfridaydeals.ch","isPartOf":{"@id":"https:\/\/www.blackfridaydeals.ch\/fr\/#website"},"datePublished":"2025-11-10T23:00:00+00:00","dateModified":"2025-12-01T07:49:24+00:00","description":"Le parfum masculin \u00e9pic\u00e9-oriental Dolce &amp; Gabbana The One for Men repose sur la coriandre, le pamplemousse et le basilic, cr\u00e9ant une note de t\u00eate","breadcrumb":{"@id":"https:\/\/www.blackfridaydeals.ch\/fr\/dolce-gabbana-the-one-pour-homme-edp\/#breadcrumb"},"inLanguage":"fr-CH","potentialAction":[{"@type":"ReadAction","target":["https:\/\/www.blackfridaydeals.ch\/fr\/dolce-gabbana-the-one-pour-homme-edp\/"]}]},{"@type":"BreadcrumbList","@id":"https:\/\/www.blackfridaydeals.ch\/fr\/dolce-gabbana-the-one-pour-homme-edp\/#breadcrumb","itemListElement":[{"@type":"ListItem","position":1,"name":"Startseite","item":"https:\/\/www.blackfridaydeals.ch\/fr\/"},{"@type":"ListItem","position":2,"name":"Dolce &amp; Gabbana The One For Men EdP","item":"https:\/\/www.blackfridaydeals.ch\/fr\/dolce-gabbana-the-one-for-men-edp\/"},{"@type":"ListItem","position":3,"name":"Dolce &amp; Gabbana The One Pour Homme EdP"}]},{"@type":"WebSite","@id":"https:\/\/www.blackfridaydeals.ch\/fr\/#website","url":"https:\/\/www.blackfridaydeals.ch\/fr\/","name":"blackfridaydeals.ch","description":"Toutes les offres du Black Friday 2025 en Suisse","publisher":{"@id":"https:\/\/www.blackfridaydeals.ch\/fr\/#organization"},"alternateName":"Black Friday Deals","potentialAction":[{"@type":"SearchAction","target":{"@type":"EntryPoint","urlTemplate":"https:\/\/www.blackfridaydeals.ch\/fr\/?s={search_term_string}"},"query-input":"required name=search_term_string"}],"inLanguage":"fr-CH"},{"@type":"Organization","@id":"https:\/\/www.blackfridaydeals.ch\/fr\/#organization","name":"blackfridaydeals.ch","alternateName":"Black Friday Deals","url":"https:\/\/www.blackfridaydeals.ch\/fr\/","logo":{"@type":"ImageObject","inLanguage":"fr-CH","@id":"https:\/\/www.blackfridaydeals.ch\/fr\/#\/schema\/logo\/image\/","url":"https:\/\/www.blackfridaydeals.ch\/wp-content\/uploads\/2023\/03\/app-icon-white-bg-jpg.jpg","contentUrl":"https:\/\/www.blackfridaydeals.ch\/wp-content\/uploads\/2023\/03\/app-icon-white-bg-jpg.jpg","width":512,"height":512,"caption":"blackfridaydeals.ch"},"image":{"@id":"https:\/\/www.blackfridaydeals.ch\/fr\/#\/schema\/logo\/image\/"},"sameAs":["https:\/\/www.facebook.com\/blackfridaydealsch\/","https:\/\/twitter.com\/blackfridaych","https:\/\/www.youtube.com\/channel\/UCNKXHacMw8AS34mBgzVx3FQ","https:\/\/www.instagram.com\/blackfridaydeals.ch\/"]},{"@type":"Person","@id":"https:\/\/www.blackfridaydeals.ch\/fr\/#\/schema\/person\/0aa4f873dece3b5c2303f1e386ff9e1b","name":"Luca Keller","image":{"@type":"ImageObject","inLanguage":"fr-CH","@id":"https:\/\/www.blackfridaydeals.ch\/fr\/#\/schema\/person\/image\/","url":"https:\/\/secure.gravatar.com\/avatar\/f554621003806b1ce1b9a9a6ea54c40b?s=96&d=blank&r=g","contentUrl":"https:\/\/secure.gravatar.com\/avatar\/f554621003806b1ce1b9a9a6ea54c40b?s=96&d=blank&r=g","caption":"Luca Keller"},"sameAs":["https:\/\/www.linkedin.com\/in\/frank-hartmann-a1b335297\/"],"url":"https:\/\/www.blackfridaydeals.ch\/fr\/author\/frank\/"}]}},"amp_enabled":true,"_links":{"self":[{"href":"https:\/\/www.blackfridaydeals.ch\/fr\/wp-json\/wp\/v2\/posts\/102795"}],"collection":[{"href":"https:\/\/www.blackfridaydeals.ch\/fr\/wp-json\/wp\/v2\/posts"}],"about":[{"href":"https:\/\/www.blackfridaydeals.ch\/fr\/wp-json\/wp\/v2\/types\/post"}],"author":[{"embeddable":true,"href":"https:\/\/www.blackfridaydeals.ch\/fr\/wp-json\/wp\/v2\/users\/348"}],"replies":[{"embeddable":true,"href":"https:\/\/www.blackfridaydeals.ch\/fr\/wp-json\/wp\/v2\/comments?post=102795"}],"version-history":[{"count":1,"href":"https:\/\/www.blackfridaydeals.ch\/fr\/wp-json\/wp\/v2\/posts\/102795\/revisions"}],"predecessor-version":[{"id":102968,"href":"https:\/\/www.blackfridaydeals.ch\/fr\/wp-json\/wp\/v2\/posts\/102795\/revisions\/102968"}],"wp:featuredmedia":[{"embeddable":true,"href":"https:\/\/www.blackfridaydeals.ch\/fr\/wp-json\/wp\/v2\/media\/102791"}],"wp:attachment":[{"href":"https:\/\/www.blackfridaydeals.ch\/fr\/wp-json\/wp\/v2\/media?parent=102795"}],"wp:term":[{"taxonomy":"category","embeddable":true,"href":"https:\/\/www.blackfridaydeals.ch\/fr\/wp-json\/wp\/v2\/categories?post=102795"},{"taxonomy":"post_tag","embeddable":true,"href":"https:\/\/www.blackfridaydeals.ch\/fr\/wp-json\/wp\/v2\/tags?post=102795"},{"taxonomy":"dealstore","embeddable":true,"href":"https:\/\/www.blackfridaydeals.ch\/fr\/wp-json\/wp\/v2\/dealstore?post=102795"},{"taxonomy":"offerexpiration","embeddable":true,"href":"https:\/\/www.blackfridaydeals.ch\/fr\/wp-json\/wp\/v2\/offerexpiration?post=102795"}],"curies":[{"name":"wp","href":"https:\/\/api.w.org\/{rel}","templated":true}]}}