{"id":9994,"count":0,"description":"Denner est probablement le plus ancien discompteur alimentaire de Suisse. Et avec ALDI et LIDL, l\u2019entreprise rachet\u00e9e par <a href=\"https:\/\/www.blackfridaydeals.ch\/fr\/shops\/migros-fr\/\">Migros<\/a> (\u00e0 hauteur de 70\u00a0%) est l\u2019une des \u00e9piceries les moins ch\u00e8res de Suisse.\r\n\r\nSur cette page, vous trouverez toutes les informations sur le <a href=\"https:\/\/www.blackfridaydeals.ch\/fr\/black-friday-2026\/\">Black Friday [year]<\/a> chez Denner.\r\n<h2>Quelles offres pouvez-vous attendre de Denner pour le Black Friday [year]\u00a0?<\/h2>\r\nAfin de pr\u00e9voir les offres de cette ann\u00e9e, vous devez d\u2019abord regarder ce que Denner avait propos\u00e9 comme offres pour le Black Friday dans les derni\u00e8res ann\u00e9es.\r\n\r\nEt c\u2019est un peu surprenant\u00a0:\r\n\r\nL\u2019ann\u00e9e derni\u00e8re Denner avait lanc\u00e9 sa propre campagne Black Friday via la presse \u00e9crite, et dans les points de vente (autrement dit dans les magasins), sous forme num\u00e9rique et par marketing direct.\r\n\r\n<img class=\"size-medium wp-image-16584 alignright\" src=\"https:\/\/www.blackfridaydeals.ch\/wp-content\/uploads\/2019\/08\/Denner-Black-Friday-300x143.jpeg\" alt=\"\" width=\"300\" height=\"143\" \/>Le message proclamait\u00a0: \"Chez nous, chaque jour est un Black Friday, tout simplement plus color\u00e9\u00a0: avec des prix toujours bas et de nombreuses promotions attrayantes\".\r\n\r\nLes clients ont-ils aim\u00e9 \u00e7a\u00a0?\r\n\r\nD\u2019un autre c\u00f4t\u00e9, les deux discompteurs allemands <a href=\"https:\/\/www.blackfridaydeals.ch\/fr\/shops\/aldi-fr\/\">ALDI<\/a> et <a href=\"https:\/\/www.blackfridaydeals.ch\/fr\/shops\/lidl-fr\/\">LIDL<\/a> avaient lanc\u00e9 de v\u00e9ritables offres pour le Black Friday. En outre, il appara\u00eet que la campagne de Denner fut peut-\u00eatre escamot\u00e9e par les diverses campagnes du Black Friday men\u00e9es par les innombrables concurrents\u00a0: les clients s\u2019attendent \u00e0 des offres sp\u00e9ciales et r\u00e9elles durant l\u2019\u00e9v\u00e9nement de magasinage le plus important de l\u2019ann\u00e9e. Alors, si pendant ce temps, passer son temps \u00e0 crier haut et fort qu\u2019on fait des prix bas toute l\u2019ann\u00e9e n\u2019est pas vraiment tr\u00e8s payant, ni peut-\u00eatre tr\u00e8s astucieux.\r\n\r\nBeaucoup de clients se sont peut-\u00eatre dit\u00a0: \"Oh, il n\u2019y a pas donc de campagnes de rabais chez Denner\" et ils se sont dirig\u00e9s par cons\u00e9quent vers le magasin concurrent. Avec une <a href=\"https:\/\/www.blackfridaydeals.ch\/fr\/\">offre Black Friday<\/a>, un magasin montre qu\u2019il propose des produits \u00e0 un prix raisonnable. Apr\u00e8s avoir conclu une bonne affaire dans un magasin, le client se sentira satisfait et pensera automatiquement que le discompteur est vraiment bon march\u00e9.\r\n\r\nCela a-t-il des r\u00e9percussions pour [year]\u00a0?\r\n\r\nDenner perdrait presque sa cr\u00e9dibilit\u00e9 s\u2019il proposait \u00e9galement des offres sp\u00e9ciales pour le Black Friday de cette ann\u00e9e.\r\n\r\nN\u00e9anmoins, Denner risque de perdre ses clients qui vont migrer vers ses concurrents directs comme ALDI et LIDL Suisse o\u00f9 ils pourront faire de bonnes affaires et se r\u00e9galer des bas prix propos\u00e9s.\r\n\r\nMais, malgr\u00e9 tout, Il y a toujours de grandes chances que Denner ait des promotions sp\u00e9ciales pour le Black Friday [year].\r\n\r\nEst-ce difficile \u00e0 pr\u00e9dire les offres\u00a0? Il est fort possible que des promotions populaires soient offertes au cours de l\u2019ann\u00e9e. Par exemple 20\u00a0% sur toutes les bi\u00e8res ou 20\u00a0% sur tous les vins. Ou une promotion sp\u00e9ciale avec Coca-Cola.\r\n<h2>Quelles \u00e9taient les derni\u00e8res bonnes affaires au Black Friday chez Denner\u00a0?<\/h2>\r\nNous n\u2019avons pas trouv\u00e9 d\u2019offres Black Friday chez Denner pour les ann\u00e9es pr\u00e9c\u00e9dentes. Mais cela ne signifie pas n\u00e9cessairement qu\u2019il n\u2019y en avait pas eu\u00a0: comme il y a toujours une pl\u00e9thore d\u2019offres diff\u00e9rentes durant l\u2019\u00e9v\u00e9nement de magasinage, il peut nous arriver de ne pas trouver une offre.\r\n<h2>\u00c0 propos de Denner<\/h2>\r\nEn termes de chiffre d\u2019affaires, Denner est le troisi\u00e8me plus grand distributeur alimentaire de Suisse. Denner appartient \u00e0 la coop\u00e9rative Migros depuis 2009. La gamme comprend environ 1 900 articles, dont pr\u00e8s des trois quarts sont des articles de marque. Denner a un total de plus de 800 magasins.","link":"https:\/\/www.blackfridaydeals.ch\/fr\/shops\/denner-fr\/","name":"Denner","slug":"denner-fr","taxonomy":"dealstore","parent":0,"meta":[],"yoast_head":"<!-- This site is optimized with the Yoast SEO plugin v20.5 - https:\/\/yoast.com\/wordpress\/plugins\/seo\/ -->\n<title>Denner Black Friday 2026 | Toutes les promos<\/title>\n<meta name=\"description\" content=\"Black Friday Denner le 27 novembre 2026 \u2705 Aper\u00e7u de toutes les offres \u2705 Mise \u00e0 jour en temps r\u00e9el. \u00c9conomisez maintenant!\" \/>\n<meta name=\"robots\" content=\"index, follow, max-snippet:-1, max-image-preview:large, max-video-preview:-1\" \/>\n<link rel=\"canonical\" href=\"https:\/\/www.blackfridaydeals.ch\/fr\/shops\/denner-fr\/\" \/>\n<meta property=\"og:locale\" content=\"fr_FR\" \/>\n<meta property=\"og:type\" content=\"article\" \/>\n<meta property=\"og:title\" content=\"Denner Black Friday 2026 | Toutes les promos\" \/>\n<meta property=\"og:description\" content=\"Black Friday Denner le 27 novembre 2026 \u2705 Aper\u00e7u de toutes les offres \u2705 Mise \u00e0 jour en temps r\u00e9el. \u00c9conomisez maintenant!\" \/>\n<meta property=\"og:url\" content=\"https:\/\/www.blackfridaydeals.ch\/fr\/shops\/denner-fr\/\" \/>\n<meta property=\"og:site_name\" content=\"blackfridaydeals.ch\" \/>\n<meta property=\"og:image\" content=\"https:\/\/www.blackfridaydeals.ch\/wp-content\/uploads\/2019\/08\/Denner-Black-Friday-300x143.jpeg\" \/>\n<meta name=\"twitter:card\" content=\"summary_large_image\" \/>\n<meta name=\"twitter:site\" content=\"@blackfridaych\" \/>\n<script type=\"application\/ld+json\" class=\"yoast-schema-graph\">{\"@context\":\"https:\/\/schema.org\",\"@graph\":[{\"@type\":\"CollectionPage\",\"@id\":\"https:\/\/www.blackfridaydeals.ch\/fr\/shops\/denner-fr\/\",\"url\":\"https:\/\/www.blackfridaydeals.ch\/fr\/shops\/denner-fr\/\",\"name\":\"Denner Black Friday 2026 | Toutes les promos\",\"isPartOf\":{\"@id\":\"https:\/\/www.blackfridaydeals.ch\/fr\/#website\"},\"description\":\"Black Friday Denner le 27 novembre 2026 \u2705 Aper\u00e7u de toutes les offres \u2705 Mise \u00e0 jour en temps r\u00e9el. \u00c9conomisez maintenant!\",\"breadcrumb\":{\"@id\":\"https:\/\/www.blackfridaydeals.ch\/fr\/shops\/denner-fr\/#breadcrumb\"},\"inLanguage\":\"fr-CH\"},{\"@type\":\"BreadcrumbList\",\"@id\":\"https:\/\/www.blackfridaydeals.ch\/fr\/shops\/denner-fr\/#breadcrumb\",\"itemListElement\":[{\"@type\":\"ListItem\",\"position\":1,\"name\":\"Startseite\",\"item\":\"https:\/\/www.blackfridaydeals.ch\/fr\/\"},{\"@type\":\"ListItem\",\"position\":2,\"name\":\"Denner\"}]},{\"@type\":\"WebSite\",\"@id\":\"https:\/\/www.blackfridaydeals.ch\/fr\/#website\",\"url\":\"https:\/\/www.blackfridaydeals.ch\/fr\/\",\"name\":\"blackfridaydeals.ch\",\"description\":\"Toutes les offres du Black Friday 2025 en Suisse\",\"publisher\":{\"@id\":\"https:\/\/www.blackfridaydeals.ch\/fr\/#organization\"},\"alternateName\":\"Black Friday Deals\",\"potentialAction\":[{\"@type\":\"SearchAction\",\"target\":{\"@type\":\"EntryPoint\",\"urlTemplate\":\"https:\/\/www.blackfridaydeals.ch\/fr\/?s={search_term_string}\"},\"query-input\":\"required name=search_term_string\"}],\"inLanguage\":\"fr-CH\"},{\"@type\":\"Organization\",\"@id\":\"https:\/\/www.blackfridaydeals.ch\/fr\/#organization\",\"name\":\"blackfridaydeals.ch\",\"alternateName\":\"Black Friday Deals\",\"url\":\"https:\/\/www.blackfridaydeals.ch\/fr\/\",\"logo\":{\"@type\":\"ImageObject\",\"inLanguage\":\"fr-CH\",\"@id\":\"https:\/\/www.blackfridaydeals.ch\/fr\/#\/schema\/logo\/image\/\",\"url\":\"https:\/\/www.blackfridaydeals.ch\/wp-content\/uploads\/2023\/03\/app-icon-white-bg-jpg.jpg\",\"contentUrl\":\"https:\/\/www.blackfridaydeals.ch\/wp-content\/uploads\/2023\/03\/app-icon-white-bg-jpg.jpg\",\"width\":512,\"height\":512,\"caption\":\"blackfridaydeals.ch\"},\"image\":{\"@id\":\"https:\/\/www.blackfridaydeals.ch\/fr\/#\/schema\/logo\/image\/\"},\"sameAs\":[\"https:\/\/www.facebook.com\/blackfridaydealsch\/\",\"https:\/\/twitter.com\/blackfridaych\",\"https:\/\/www.youtube.com\/channel\/UCNKXHacMw8AS34mBgzVx3FQ\",\"https:\/\/www.instagram.com\/blackfridaydeals.ch\/\"]}]}<\/script>\n<!-- \/ Yoast SEO plugin. -->","yoast_head_json":{"title":"Denner Black Friday 2026 | Toutes les promos","description":"Black Friday Denner le 27 novembre 2026 \u2705 Aper\u00e7u de toutes les offres \u2705 Mise \u00e0 jour en temps r\u00e9el. \u00c9conomisez maintenant!","robots":{"index":"index","follow":"follow","max-snippet":"max-snippet:-1","max-image-preview":"max-image-preview:large","max-video-preview":"max-video-preview:-1"},"canonical":"https:\/\/www.blackfridaydeals.ch\/fr\/shops\/denner-fr\/","og_locale":"fr_FR","og_type":"article","og_title":"Denner Black Friday 2026 | Toutes les promos","og_description":"Black Friday Denner le 27 novembre 2026 \u2705 Aper\u00e7u de toutes les offres \u2705 Mise \u00e0 jour en temps r\u00e9el. \u00c9conomisez maintenant!","og_url":"https:\/\/www.blackfridaydeals.ch\/fr\/shops\/denner-fr\/","og_site_name":"blackfridaydeals.ch","og_image":[{"url":"https:\/\/www.blackfridaydeals.ch\/wp-content\/uploads\/2019\/08\/Denner-Black-Friday-300x143.jpeg"}],"twitter_card":"summary_large_image","twitter_site":"@blackfridaych","schema":{"@context":"https:\/\/schema.org","@graph":[{"@type":"CollectionPage","@id":"https:\/\/www.blackfridaydeals.ch\/fr\/shops\/denner-fr\/","url":"https:\/\/www.blackfridaydeals.ch\/fr\/shops\/denner-fr\/","name":"Denner Black Friday 2026 | Toutes les promos","isPartOf":{"@id":"https:\/\/www.blackfridaydeals.ch\/fr\/#website"},"description":"Black Friday Denner le 27 novembre 2026 \u2705 Aper\u00e7u de toutes les offres \u2705 Mise \u00e0 jour en temps r\u00e9el. \u00c9conomisez maintenant!","breadcrumb":{"@id":"https:\/\/www.blackfridaydeals.ch\/fr\/shops\/denner-fr\/#breadcrumb"},"inLanguage":"fr-CH"},{"@type":"BreadcrumbList","@id":"https:\/\/www.blackfridaydeals.ch\/fr\/shops\/denner-fr\/#breadcrumb","itemListElement":[{"@type":"ListItem","position":1,"name":"Startseite","item":"https:\/\/www.blackfridaydeals.ch\/fr\/"},{"@type":"ListItem","position":2,"name":"Denner"}]},{"@type":"WebSite","@id":"https:\/\/www.blackfridaydeals.ch\/fr\/#website","url":"https:\/\/www.blackfridaydeals.ch\/fr\/","name":"blackfridaydeals.ch","description":"Toutes les offres du Black Friday 2025 en Suisse","publisher":{"@id":"https:\/\/www.blackfridaydeals.ch\/fr\/#organization"},"alternateName":"Black Friday Deals","potentialAction":[{"@type":"SearchAction","target":{"@type":"EntryPoint","urlTemplate":"https:\/\/www.blackfridaydeals.ch\/fr\/?s={search_term_string}"},"query-input":"required name=search_term_string"}],"inLanguage":"fr-CH"},{"@type":"Organization","@id":"https:\/\/www.blackfridaydeals.ch\/fr\/#organization","name":"blackfridaydeals.ch","alternateName":"Black Friday Deals","url":"https:\/\/www.blackfridaydeals.ch\/fr\/","logo":{"@type":"ImageObject","inLanguage":"fr-CH","@id":"https:\/\/www.blackfridaydeals.ch\/fr\/#\/schema\/logo\/image\/","url":"https:\/\/www.blackfridaydeals.ch\/wp-content\/uploads\/2023\/03\/app-icon-white-bg-jpg.jpg","contentUrl":"https:\/\/www.blackfridaydeals.ch\/wp-content\/uploads\/2023\/03\/app-icon-white-bg-jpg.jpg","width":512,"height":512,"caption":"blackfridaydeals.ch"},"image":{"@id":"https:\/\/www.blackfridaydeals.ch\/fr\/#\/schema\/logo\/image\/"},"sameAs":["https:\/\/www.facebook.com\/blackfridaydealsch\/","https:\/\/twitter.com\/blackfridaych","https:\/\/www.youtube.com\/channel\/UCNKXHacMw8AS34mBgzVx3FQ","https:\/\/www.instagram.com\/blackfridaydeals.ch\/"]}]}},"_links":{"self":[{"href":"https:\/\/www.blackfridaydeals.ch\/fr\/wp-json\/wp\/v2\/dealstore\/9994"}],"collection":[{"href":"https:\/\/www.blackfridaydeals.ch\/fr\/wp-json\/wp\/v2\/dealstore"}],"about":[{"href":"https:\/\/www.blackfridaydeals.ch\/fr\/wp-json\/wp\/v2\/taxonomies\/dealstore"}],"wp:post_type":[{"href":"https:\/\/www.blackfridaydeals.ch\/fr\/wp-json\/wp\/v2\/posts?dealstore=9994"}],"curies":[{"name":"wp","href":"https:\/\/api.w.org\/{rel}","templated":true}]}}