{"id":9930,"count":1,"description":"myposter s\u2019est enti\u00e8rement sp\u00e9cialis\u00e9 dans l\u2018impression photo sur le support de votre choix. Vous pouvez faire imprimer vos photos en grand format sur\u00a0: poster ou affiche, sur toile, dans un cadre photo, ou sur Alu-Dibond. Mais \u00e0 chaque fois vous allez \u00eatre pleinement satisfait de voir vos souvenirs mis en sc\u00e8ne de la plus belle fa\u00e7on.\r\n<h2>Ces offres sont envisageables chez myposter pour le Black Friday [year]\u00a0!<\/h2>\r\nNous supposons que myposter lancera une action au Black Friday [year]. Notre certitude s\u2019explique principalement par le fait que le d\u00e9taillant avait d\u00e9j\u00e0 c\u00e9l\u00e9br\u00e9 le <a href=\"https:\/\/www.blackfridaydeals.ch\/fr\/\">Black Friday<\/a> et qu\u2019il s\u2019est souvent distingu\u00e9 dans d\u2019autres occasions par les rabais qu\u2019il offre.\r\n\r\nUn autre facteur de taille qui pourrait \u00e9tayer notre conviction est la forte concurrence qui se d\u00e9veloppe dans ce secteur de l\u2019impression photo.\r\n\r\n<img class=\"alignright size-medium wp-image-16710\" src=\"https:\/\/www.blackfridaydeals.ch\/wp-content\/uploads\/2019\/08\/myposter-Black-Friday-300x219.jpg\" alt=\"\" width=\"300\" height=\"219\" \/>Par exemple, vous pouvez faire d\u00e9velopper vos photos par de nombreux autres marchands, et beaucoup de ces fournisseurs offrent souvent des rabais. Par exemple, chez <a href=\"https:\/\/www.blackfridaydeals.ch\/fr\/shops\/ifolor-fr\/\">ifolor<\/a> ou chez <a href=\"https:\/\/www.blackfridaydeals.ch\/fr\/shops\/smartphoto-fr\/\">Smartphoto<\/a>, vous pouvez acheter des d\u00e9corations murales \u00e0 prix r\u00e9duit, sans oublier les d\u00e9taillants de mode comme <a href=\"https:\/\/www.blackfridaydeals.ch\/fr\/shops\/hm-fr\/\">H &amp; M<\/a> qui commencent \u00e0 investir dans ce domaine. Par cons\u00e9quent, il serait fructueux pour myposter de concevoir des offres pour le <a href=\"https:\/\/www.blackfridaydeals.ch\/fr\/black-friday-2026\/\">Black Friday [year]<\/a>.\r\n\r\nNous avons d\u00e9j\u00e0 quelques id\u00e9es sur la fa\u00e7on dont ces offres pourraient \u00eatre orchestr\u00e9es. On voit souvent chez les experts de l\u2019impression photo une action, qui consiste \u00e0 escompter les produits les plus populaires. Celles-ci sont g\u00e9n\u00e9ralement s\u00e9lectionn\u00e9es de mani\u00e8re tr\u00e8s sp\u00e9cifique, de sorte que, par exemple, seule une certaine taille du livre photo est disponible.\r\n\r\nD\u2019un autre c\u00f4t\u00e9, les remises sont tr\u00e8s \u00e9lev\u00e9es ; souvent on \u00e9conomise 60 % ou plus ici. Nous consid\u00e9rons cette offre comme la plus probable pour le Black Friday [year] chez myposter.\r\n\r\nIl serait toutefois plus simple pour le d\u00e9taillant de proposer une offre plus large. Ici, la remise s\u2019applique sur une large partie de la gamme, qui est g\u00e9n\u00e9ralement compos\u00e9e d\u2019une cat\u00e9gorie de produits. Par exemple, toutes les d\u00e9corations murales ou tous les livres photos pourraient \u00eatre offerts \u00e0 prix r\u00e9duit. Avec une telle promotion, le rabais sera moins \u00e9lev\u00e9 avec un maximum de 40 %. Bien entendu, des combinaisons sont \u00e9galement possibles, de sorte que plusieurs cat\u00e9gories de produits sont propos\u00e9es avec des remises similaires ou diff\u00e9rentes.\r\n<h2>myposter avait d\u00e9j\u00e0 eu ces bons plans au Black Friday\u00a0!<\/h2>\r\nComme d\u00e9j\u00e0 mentionn\u00e9 ci-dessus, myposter avait d\u00e9j\u00e0 lanc\u00e9 des offres au Black Friday. Ici, nous n\u2019avons pas pu trouver une offre suisse, mais une offre allemande. Mais cela ne veut pas dire qu\u2019il n\u2019y avait pas eu d\u2019offres de myposter pour le Black Friday en Suisse.\r\n\r\nConcernant l\u2019offre que nous avons d\u00e9nich\u00e9e, myposter avait s\u00e9lectionn\u00e9 quelques articles et les a r\u00e9duits individuellement, les remises \u00e9tant comprises entre 30 et 65\u00a0%. Le point culminant fut le tirage photo sur toile (dimensions 75 x 50\u00a0cm), offert \u00e0 19,99\u00a0\u20ac, soit avec une r\u00e9duction de 65\u00a0%.","link":"https:\/\/www.blackfridaydeals.ch\/fr\/shops\/myposter-fr\/","name":"MyPoster","slug":"myposter-fr","taxonomy":"dealstore","parent":0,"meta":[],"yoast_head":"<!-- This site is optimized with the Yoast SEO plugin v20.5 - https:\/\/yoast.com\/wordpress\/plugins\/seo\/ -->\n<title>MyPoster Black Friday 2026 | Toutes les promos<\/title>\n<meta name=\"description\" content=\"Black Friday MyPoster le 27 novembre 2026 \u2705 Aper\u00e7u de toutes les offres \u2705 Mise \u00e0 jour en temps r\u00e9el. \u00c9conomisez maintenant!\" \/>\n<meta name=\"robots\" content=\"index, follow, max-snippet:-1, max-image-preview:large, max-video-preview:-1\" \/>\n<link rel=\"canonical\" href=\"https:\/\/www.blackfridaydeals.ch\/fr\/shops\/myposter-fr\/\" \/>\n<meta property=\"og:locale\" content=\"fr_FR\" \/>\n<meta property=\"og:type\" content=\"article\" \/>\n<meta property=\"og:title\" content=\"MyPoster Black Friday 2026 | Toutes les promos\" \/>\n<meta property=\"og:description\" content=\"Black Friday MyPoster le 27 novembre 2026 \u2705 Aper\u00e7u de toutes les offres \u2705 Mise \u00e0 jour en temps r\u00e9el. \u00c9conomisez maintenant!\" \/>\n<meta property=\"og:url\" content=\"https:\/\/www.blackfridaydeals.ch\/fr\/shops\/myposter-fr\/\" \/>\n<meta property=\"og:site_name\" content=\"blackfridaydeals.ch\" \/>\n<meta property=\"og:image\" content=\"https:\/\/www.blackfridaydeals.ch\/wp-content\/uploads\/2019\/08\/myposter-Black-Friday-300x219.jpg\" \/>\n<meta name=\"twitter:card\" content=\"summary_large_image\" \/>\n<meta name=\"twitter:site\" content=\"@blackfridaych\" \/>\n<script type=\"application\/ld+json\" class=\"yoast-schema-graph\">{\"@context\":\"https:\/\/schema.org\",\"@graph\":[{\"@type\":\"CollectionPage\",\"@id\":\"https:\/\/www.blackfridaydeals.ch\/fr\/shops\/myposter-fr\/\",\"url\":\"https:\/\/www.blackfridaydeals.ch\/fr\/shops\/myposter-fr\/\",\"name\":\"MyPoster Black Friday 2026 | Toutes les promos\",\"isPartOf\":{\"@id\":\"https:\/\/www.blackfridaydeals.ch\/fr\/#website\"},\"description\":\"Black Friday MyPoster le 27 novembre 2026 \u2705 Aper\u00e7u de toutes les offres \u2705 Mise \u00e0 jour en temps r\u00e9el. \u00c9conomisez maintenant!\",\"breadcrumb\":{\"@id\":\"https:\/\/www.blackfridaydeals.ch\/fr\/shops\/myposter-fr\/#breadcrumb\"},\"inLanguage\":\"fr-CH\"},{\"@type\":\"BreadcrumbList\",\"@id\":\"https:\/\/www.blackfridaydeals.ch\/fr\/shops\/myposter-fr\/#breadcrumb\",\"itemListElement\":[{\"@type\":\"ListItem\",\"position\":1,\"name\":\"Startseite\",\"item\":\"https:\/\/www.blackfridaydeals.ch\/fr\/\"},{\"@type\":\"ListItem\",\"position\":2,\"name\":\"MyPoster\"}]},{\"@type\":\"WebSite\",\"@id\":\"https:\/\/www.blackfridaydeals.ch\/fr\/#website\",\"url\":\"https:\/\/www.blackfridaydeals.ch\/fr\/\",\"name\":\"blackfridaydeals.ch\",\"description\":\"Toutes les offres du Black Friday 2025 en Suisse\",\"publisher\":{\"@id\":\"https:\/\/www.blackfridaydeals.ch\/fr\/#organization\"},\"alternateName\":\"Black Friday Deals\",\"potentialAction\":[{\"@type\":\"SearchAction\",\"target\":{\"@type\":\"EntryPoint\",\"urlTemplate\":\"https:\/\/www.blackfridaydeals.ch\/fr\/?s={search_term_string}\"},\"query-input\":\"required name=search_term_string\"}],\"inLanguage\":\"fr-CH\"},{\"@type\":\"Organization\",\"@id\":\"https:\/\/www.blackfridaydeals.ch\/fr\/#organization\",\"name\":\"blackfridaydeals.ch\",\"alternateName\":\"Black Friday Deals\",\"url\":\"https:\/\/www.blackfridaydeals.ch\/fr\/\",\"logo\":{\"@type\":\"ImageObject\",\"inLanguage\":\"fr-CH\",\"@id\":\"https:\/\/www.blackfridaydeals.ch\/fr\/#\/schema\/logo\/image\/\",\"url\":\"https:\/\/www.blackfridaydeals.ch\/wp-content\/uploads\/2023\/03\/app-icon-white-bg-jpg.jpg\",\"contentUrl\":\"https:\/\/www.blackfridaydeals.ch\/wp-content\/uploads\/2023\/03\/app-icon-white-bg-jpg.jpg\",\"width\":512,\"height\":512,\"caption\":\"blackfridaydeals.ch\"},\"image\":{\"@id\":\"https:\/\/www.blackfridaydeals.ch\/fr\/#\/schema\/logo\/image\/\"},\"sameAs\":[\"https:\/\/www.facebook.com\/blackfridaydealsch\/\",\"https:\/\/twitter.com\/blackfridaych\",\"https:\/\/www.youtube.com\/channel\/UCNKXHacMw8AS34mBgzVx3FQ\",\"https:\/\/www.instagram.com\/blackfridaydeals.ch\/\"]}]}<\/script>\n<!-- \/ Yoast SEO plugin. -->","yoast_head_json":{"title":"MyPoster Black Friday 2026 | Toutes les promos","description":"Black Friday MyPoster le 27 novembre 2026 \u2705 Aper\u00e7u de toutes les offres \u2705 Mise \u00e0 jour en temps r\u00e9el. \u00c9conomisez maintenant!","robots":{"index":"index","follow":"follow","max-snippet":"max-snippet:-1","max-image-preview":"max-image-preview:large","max-video-preview":"max-video-preview:-1"},"canonical":"https:\/\/www.blackfridaydeals.ch\/fr\/shops\/myposter-fr\/","og_locale":"fr_FR","og_type":"article","og_title":"MyPoster Black Friday 2026 | Toutes les promos","og_description":"Black Friday MyPoster le 27 novembre 2026 \u2705 Aper\u00e7u de toutes les offres \u2705 Mise \u00e0 jour en temps r\u00e9el. \u00c9conomisez maintenant!","og_url":"https:\/\/www.blackfridaydeals.ch\/fr\/shops\/myposter-fr\/","og_site_name":"blackfridaydeals.ch","og_image":[{"url":"https:\/\/www.blackfridaydeals.ch\/wp-content\/uploads\/2019\/08\/myposter-Black-Friday-300x219.jpg"}],"twitter_card":"summary_large_image","twitter_site":"@blackfridaych","schema":{"@context":"https:\/\/schema.org","@graph":[{"@type":"CollectionPage","@id":"https:\/\/www.blackfridaydeals.ch\/fr\/shops\/myposter-fr\/","url":"https:\/\/www.blackfridaydeals.ch\/fr\/shops\/myposter-fr\/","name":"MyPoster Black Friday 2026 | Toutes les promos","isPartOf":{"@id":"https:\/\/www.blackfridaydeals.ch\/fr\/#website"},"description":"Black Friday MyPoster le 27 novembre 2026 \u2705 Aper\u00e7u de toutes les offres \u2705 Mise \u00e0 jour en temps r\u00e9el. \u00c9conomisez maintenant!","breadcrumb":{"@id":"https:\/\/www.blackfridaydeals.ch\/fr\/shops\/myposter-fr\/#breadcrumb"},"inLanguage":"fr-CH"},{"@type":"BreadcrumbList","@id":"https:\/\/www.blackfridaydeals.ch\/fr\/shops\/myposter-fr\/#breadcrumb","itemListElement":[{"@type":"ListItem","position":1,"name":"Startseite","item":"https:\/\/www.blackfridaydeals.ch\/fr\/"},{"@type":"ListItem","position":2,"name":"MyPoster"}]},{"@type":"WebSite","@id":"https:\/\/www.blackfridaydeals.ch\/fr\/#website","url":"https:\/\/www.blackfridaydeals.ch\/fr\/","name":"blackfridaydeals.ch","description":"Toutes les offres du Black Friday 2025 en Suisse","publisher":{"@id":"https:\/\/www.blackfridaydeals.ch\/fr\/#organization"},"alternateName":"Black Friday Deals","potentialAction":[{"@type":"SearchAction","target":{"@type":"EntryPoint","urlTemplate":"https:\/\/www.blackfridaydeals.ch\/fr\/?s={search_term_string}"},"query-input":"required name=search_term_string"}],"inLanguage":"fr-CH"},{"@type":"Organization","@id":"https:\/\/www.blackfridaydeals.ch\/fr\/#organization","name":"blackfridaydeals.ch","alternateName":"Black Friday Deals","url":"https:\/\/www.blackfridaydeals.ch\/fr\/","logo":{"@type":"ImageObject","inLanguage":"fr-CH","@id":"https:\/\/www.blackfridaydeals.ch\/fr\/#\/schema\/logo\/image\/","url":"https:\/\/www.blackfridaydeals.ch\/wp-content\/uploads\/2023\/03\/app-icon-white-bg-jpg.jpg","contentUrl":"https:\/\/www.blackfridaydeals.ch\/wp-content\/uploads\/2023\/03\/app-icon-white-bg-jpg.jpg","width":512,"height":512,"caption":"blackfridaydeals.ch"},"image":{"@id":"https:\/\/www.blackfridaydeals.ch\/fr\/#\/schema\/logo\/image\/"},"sameAs":["https:\/\/www.facebook.com\/blackfridaydealsch\/","https:\/\/twitter.com\/blackfridaych","https:\/\/www.youtube.com\/channel\/UCNKXHacMw8AS34mBgzVx3FQ","https:\/\/www.instagram.com\/blackfridaydeals.ch\/"]}]}},"_links":{"self":[{"href":"https:\/\/www.blackfridaydeals.ch\/fr\/wp-json\/wp\/v2\/dealstore\/9930"}],"collection":[{"href":"https:\/\/www.blackfridaydeals.ch\/fr\/wp-json\/wp\/v2\/dealstore"}],"about":[{"href":"https:\/\/www.blackfridaydeals.ch\/fr\/wp-json\/wp\/v2\/taxonomies\/dealstore"}],"wp:post_type":[{"href":"https:\/\/www.blackfridaydeals.ch\/fr\/wp-json\/wp\/v2\/posts?dealstore=9930"}],"curies":[{"name":"wp","href":"https:\/\/api.w.org\/{rel}","templated":true}]}}