{"id":9873,"count":2,"description":"OBI est probablement bien connu de la plupart des lecteurs, car l\u2019entreprise est apr\u00e8s tout l\u2019un des plus grands march\u00e9s du bricolage et de la r\u00e9novation domiciliaire en Europe. En Suisse aussi, il y a des succursales et une boutique en ligne, o\u00f9 les artisans et les particuliers peuvent trouver tous les outils et les mat\u00e9riaux importants dont ils ont besoin.\r\n<h2>Ces offres sont possibles chez OBI pour le Black Friday [year]<\/h2>\r\nNous ne savons pas encore s\u2019il y aura des rabais chez OBI pour le <a href=\"https:\/\/www.blackfridaydeals.ch\/fr\/black-friday-2026\/\">Black Friday [year]<\/a>. Mais cela reste envisageable dans tous les cas, parce que l\u2019industrie du bricolage et du jardinage commence \u00e0 d\u00e9couvrir par elle-m\u00eame lentement la grande <a href=\"https:\/\/www.blackfridaydeals.ch\/fr\/\">r\u00e9percussion du Black Friday sur les affaires<\/a>.\r\n\r\nL\u2019an dernier, seuls quelques concessionnaires de l\u2019industrie de la construction ont particip\u00e9 \u00e0 l\u2019\u00e9v\u00e9nement. Par exemple, on pouvait \u00e9conomiser chez <a href=\"https:\/\/www.blackfridaydeals.ch\/fr\/shops\/jumbo-fr\/\">Jumbo<\/a>, ce qui n\u2019\u00e9tait pas le cas avec <a href=\"https:\/\/www.blackfridaydeals.ch\/fr\/shops\/hornbach-fr\/\">Hornbach<\/a>, ni avec la plupart des autres fournisseurs qui n\u2019avaient pas offert de rabais.\r\n\r\nPour le Black Friday [year], cependant, nous nous attendons \u00e0 une participation plus \u00e9largie, car on a plut\u00f4t tendance dans tous les secteurs \u00e0 accorder une grande importance \u00e0 ce grandiose festival du shopping.\r\n\r\n<img class=\"alignright size-medium wp-image-16371\" src=\"https:\/\/www.blackfridaydeals.ch\/wp-content\/uploads\/2019\/08\/OBI-Black-Friday-300x201.jpg\" alt=\"\" width=\"300\" height=\"201\" \/><em>Mais comment OBI va-t-il organiser sa campagne pour le Black Friday [year] si jamais la direction d\u00e9cide de faire des affaires pour cette occasion\u00a0?<\/em>\r\n\r\nOn pourrait envisager soit une remise forfaitaire sur l\u2019ensemble de l\u2019assortiment, soit des remises individuelles sur des articles s\u00e9lectionn\u00e9s.\r\n\r\nDans le cas d\u2019une remise forfaitaire, la r\u00e9duction est g\u00e9n\u00e9ralement peu \u00e9lev\u00e9e. On pourrait s\u2019attendre \u00e0 des r\u00e9ductions entre 5 et 15\u00a0% pour le Black Friday [year]. Mais tout le monde peut en profiter, car il n\u2019y a pas ou peu d\u2019exceptions (les articles d\u00e9j\u00e0 r\u00e9duits sont parfois exclus). Ce type d\u2019accord rend la promotion attrayante pour de nombreux clients, mais \u00e9ventuellement tr\u00e8s co\u00fbteuse pour le d\u00e9taillant.\r\n\r\nDans le cas d\u2019une remise individuelle sur des articles s\u00e9lectionn\u00e9s, le concessionnaire aura la possibilit\u00e9 de tenir les r\u00eanes et de contr\u00f4ler les co\u00fbts plus facilement, car le nombre d\u2019articles \u00e0 prix r\u00e9duit est souvent limit\u00e9. En retour, pour le Black Friday, les clients pourront b\u00e9n\u00e9ficier de rabais allant jusqu\u2019\u00e0 70 %. Le hic, ici c\u2019est que la r\u00e9duction ne touchera que quelques articles de sorte que l\u2019offre ne sera pas n\u00e9cessairement int\u00e9ressante pour tout le monde. La s\u00e9lection des articles se fait de mani\u00e8re \u00e0 r\u00e9duire les produits de toutes sortes.\r\n<h2>OBI n'avait pas d\u00e9j\u00e0 eu ces offres le Black Friday\u00a0!<\/h2>\r\nAutant que nous le sachions, OBI n\u2019avait pas encore particip\u00e9 au Black Friday. Mais, cela ne signifie pas automatiquement que cela sera le cas pour le Black Friday [year]. On peut donc esp\u00e9rer qu\u2019il y aura des accords cette ann\u00e9e.","link":"https:\/\/www.blackfridaydeals.ch\/fr\/shops\/obi-fr\/","name":"OBI","slug":"obi-fr","taxonomy":"dealstore","parent":0,"meta":[],"yoast_head":"<!-- This site is optimized with the Yoast SEO plugin v20.5 - https:\/\/yoast.com\/wordpress\/plugins\/seo\/ -->\n<title>OBI Black Friday 2026 | Toutes les promos<\/title>\n<meta name=\"description\" content=\"Black Friday OBI le 27 novembre 2026 \u2705 Aper\u00e7u de toutes les offres \u2705 Mise \u00e0 jour en temps r\u00e9el. \u00c9conomisez maintenant!\" \/>\n<meta name=\"robots\" content=\"index, follow, max-snippet:-1, max-image-preview:large, max-video-preview:-1\" \/>\n<link rel=\"canonical\" href=\"https:\/\/www.blackfridaydeals.ch\/fr\/shops\/obi-fr\/\" \/>\n<meta property=\"og:locale\" content=\"fr_FR\" \/>\n<meta property=\"og:type\" content=\"article\" \/>\n<meta property=\"og:title\" content=\"OBI Black Friday 2026 | Toutes les promos\" \/>\n<meta property=\"og:description\" content=\"Black Friday OBI le 27 novembre 2026 \u2705 Aper\u00e7u de toutes les offres \u2705 Mise \u00e0 jour en temps r\u00e9el. \u00c9conomisez maintenant!\" \/>\n<meta property=\"og:url\" content=\"https:\/\/www.blackfridaydeals.ch\/fr\/shops\/obi-fr\/\" \/>\n<meta property=\"og:site_name\" content=\"blackfridaydeals.ch\" \/>\n<meta property=\"og:image\" content=\"https:\/\/www.blackfridaydeals.ch\/wp-content\/uploads\/2019\/08\/OBI-Black-Friday-300x201.jpg\" \/>\n<meta name=\"twitter:card\" content=\"summary_large_image\" \/>\n<meta name=\"twitter:site\" content=\"@blackfridaych\" \/>\n<script type=\"application\/ld+json\" class=\"yoast-schema-graph\">{\"@context\":\"https:\/\/schema.org\",\"@graph\":[{\"@type\":\"CollectionPage\",\"@id\":\"https:\/\/www.blackfridaydeals.ch\/fr\/shops\/obi-fr\/\",\"url\":\"https:\/\/www.blackfridaydeals.ch\/fr\/shops\/obi-fr\/\",\"name\":\"OBI Black Friday 2026 | Toutes les promos\",\"isPartOf\":{\"@id\":\"https:\/\/www.blackfridaydeals.ch\/fr\/#website\"},\"description\":\"Black Friday OBI le 27 novembre 2026 \u2705 Aper\u00e7u de toutes les offres \u2705 Mise \u00e0 jour en temps r\u00e9el. \u00c9conomisez maintenant!\",\"breadcrumb\":{\"@id\":\"https:\/\/www.blackfridaydeals.ch\/fr\/shops\/obi-fr\/#breadcrumb\"},\"inLanguage\":\"fr-CH\"},{\"@type\":\"BreadcrumbList\",\"@id\":\"https:\/\/www.blackfridaydeals.ch\/fr\/shops\/obi-fr\/#breadcrumb\",\"itemListElement\":[{\"@type\":\"ListItem\",\"position\":1,\"name\":\"Startseite\",\"item\":\"https:\/\/www.blackfridaydeals.ch\/fr\/\"},{\"@type\":\"ListItem\",\"position\":2,\"name\":\"OBI\"}]},{\"@type\":\"WebSite\",\"@id\":\"https:\/\/www.blackfridaydeals.ch\/fr\/#website\",\"url\":\"https:\/\/www.blackfridaydeals.ch\/fr\/\",\"name\":\"blackfridaydeals.ch\",\"description\":\"Toutes les offres du Black Friday 2025 en Suisse\",\"publisher\":{\"@id\":\"https:\/\/www.blackfridaydeals.ch\/fr\/#organization\"},\"alternateName\":\"Black Friday Deals\",\"potentialAction\":[{\"@type\":\"SearchAction\",\"target\":{\"@type\":\"EntryPoint\",\"urlTemplate\":\"https:\/\/www.blackfridaydeals.ch\/fr\/?s={search_term_string}\"},\"query-input\":\"required name=search_term_string\"}],\"inLanguage\":\"fr-CH\"},{\"@type\":\"Organization\",\"@id\":\"https:\/\/www.blackfridaydeals.ch\/fr\/#organization\",\"name\":\"blackfridaydeals.ch\",\"alternateName\":\"Black Friday Deals\",\"url\":\"https:\/\/www.blackfridaydeals.ch\/fr\/\",\"logo\":{\"@type\":\"ImageObject\",\"inLanguage\":\"fr-CH\",\"@id\":\"https:\/\/www.blackfridaydeals.ch\/fr\/#\/schema\/logo\/image\/\",\"url\":\"https:\/\/www.blackfridaydeals.ch\/wp-content\/uploads\/2023\/03\/app-icon-white-bg-jpg.jpg\",\"contentUrl\":\"https:\/\/www.blackfridaydeals.ch\/wp-content\/uploads\/2023\/03\/app-icon-white-bg-jpg.jpg\",\"width\":512,\"height\":512,\"caption\":\"blackfridaydeals.ch\"},\"image\":{\"@id\":\"https:\/\/www.blackfridaydeals.ch\/fr\/#\/schema\/logo\/image\/\"},\"sameAs\":[\"https:\/\/www.facebook.com\/blackfridaydealsch\/\",\"https:\/\/twitter.com\/blackfridaych\",\"https:\/\/www.youtube.com\/channel\/UCNKXHacMw8AS34mBgzVx3FQ\",\"https:\/\/www.instagram.com\/blackfridaydeals.ch\/\"]}]}<\/script>\n<!-- \/ Yoast SEO plugin. -->","yoast_head_json":{"title":"OBI Black Friday 2026 | Toutes les promos","description":"Black Friday OBI le 27 novembre 2026 \u2705 Aper\u00e7u de toutes les offres \u2705 Mise \u00e0 jour en temps r\u00e9el. \u00c9conomisez maintenant!","robots":{"index":"index","follow":"follow","max-snippet":"max-snippet:-1","max-image-preview":"max-image-preview:large","max-video-preview":"max-video-preview:-1"},"canonical":"https:\/\/www.blackfridaydeals.ch\/fr\/shops\/obi-fr\/","og_locale":"fr_FR","og_type":"article","og_title":"OBI Black Friday 2026 | Toutes les promos","og_description":"Black Friday OBI le 27 novembre 2026 \u2705 Aper\u00e7u de toutes les offres \u2705 Mise \u00e0 jour en temps r\u00e9el. \u00c9conomisez maintenant!","og_url":"https:\/\/www.blackfridaydeals.ch\/fr\/shops\/obi-fr\/","og_site_name":"blackfridaydeals.ch","og_image":[{"url":"https:\/\/www.blackfridaydeals.ch\/wp-content\/uploads\/2019\/08\/OBI-Black-Friday-300x201.jpg"}],"twitter_card":"summary_large_image","twitter_site":"@blackfridaych","schema":{"@context":"https:\/\/schema.org","@graph":[{"@type":"CollectionPage","@id":"https:\/\/www.blackfridaydeals.ch\/fr\/shops\/obi-fr\/","url":"https:\/\/www.blackfridaydeals.ch\/fr\/shops\/obi-fr\/","name":"OBI Black Friday 2026 | Toutes les promos","isPartOf":{"@id":"https:\/\/www.blackfridaydeals.ch\/fr\/#website"},"description":"Black Friday OBI le 27 novembre 2026 \u2705 Aper\u00e7u de toutes les offres \u2705 Mise \u00e0 jour en temps r\u00e9el. \u00c9conomisez maintenant!","breadcrumb":{"@id":"https:\/\/www.blackfridaydeals.ch\/fr\/shops\/obi-fr\/#breadcrumb"},"inLanguage":"fr-CH"},{"@type":"BreadcrumbList","@id":"https:\/\/www.blackfridaydeals.ch\/fr\/shops\/obi-fr\/#breadcrumb","itemListElement":[{"@type":"ListItem","position":1,"name":"Startseite","item":"https:\/\/www.blackfridaydeals.ch\/fr\/"},{"@type":"ListItem","position":2,"name":"OBI"}]},{"@type":"WebSite","@id":"https:\/\/www.blackfridaydeals.ch\/fr\/#website","url":"https:\/\/www.blackfridaydeals.ch\/fr\/","name":"blackfridaydeals.ch","description":"Toutes les offres du Black Friday 2025 en Suisse","publisher":{"@id":"https:\/\/www.blackfridaydeals.ch\/fr\/#organization"},"alternateName":"Black Friday Deals","potentialAction":[{"@type":"SearchAction","target":{"@type":"EntryPoint","urlTemplate":"https:\/\/www.blackfridaydeals.ch\/fr\/?s={search_term_string}"},"query-input":"required name=search_term_string"}],"inLanguage":"fr-CH"},{"@type":"Organization","@id":"https:\/\/www.blackfridaydeals.ch\/fr\/#organization","name":"blackfridaydeals.ch","alternateName":"Black Friday Deals","url":"https:\/\/www.blackfridaydeals.ch\/fr\/","logo":{"@type":"ImageObject","inLanguage":"fr-CH","@id":"https:\/\/www.blackfridaydeals.ch\/fr\/#\/schema\/logo\/image\/","url":"https:\/\/www.blackfridaydeals.ch\/wp-content\/uploads\/2023\/03\/app-icon-white-bg-jpg.jpg","contentUrl":"https:\/\/www.blackfridaydeals.ch\/wp-content\/uploads\/2023\/03\/app-icon-white-bg-jpg.jpg","width":512,"height":512,"caption":"blackfridaydeals.ch"},"image":{"@id":"https:\/\/www.blackfridaydeals.ch\/fr\/#\/schema\/logo\/image\/"},"sameAs":["https:\/\/www.facebook.com\/blackfridaydealsch\/","https:\/\/twitter.com\/blackfridaych","https:\/\/www.youtube.com\/channel\/UCNKXHacMw8AS34mBgzVx3FQ","https:\/\/www.instagram.com\/blackfridaydeals.ch\/"]}]}},"_links":{"self":[{"href":"https:\/\/www.blackfridaydeals.ch\/fr\/wp-json\/wp\/v2\/dealstore\/9873"}],"collection":[{"href":"https:\/\/www.blackfridaydeals.ch\/fr\/wp-json\/wp\/v2\/dealstore"}],"about":[{"href":"https:\/\/www.blackfridaydeals.ch\/fr\/wp-json\/wp\/v2\/taxonomies\/dealstore"}],"wp:post_type":[{"href":"https:\/\/www.blackfridaydeals.ch\/fr\/wp-json\/wp\/v2\/posts?dealstore=9873"}],"curies":[{"name":"wp","href":"https:\/\/api.w.org\/{rel}","templated":true}]}}