{"id":9260,"count":1,"description":"Clarins est reconnue pour la qualit\u00e9 sup\u00e9rieure de ses produits de beaut\u00e9 et de soins esth\u00e9tiques pour le visage et le corps. On y trouve aussi des produits de cr\u00e8mes solaires et des soins pour les femmes enceintes. Les produits de maquillage comme le mascara, le rouge \u00e0 l\u00e8vres et les diff\u00e9rents types de fards ne devraient pas aussi manquer.\r\n<h2>Les belles affaires pour le Black Friday [year] chez Clarins\u00a0!<\/h2>\r\n<a href=\"https:\/\/www.blackfridaydeals.ch\/wp-content\/uploads\/2019\/03\/Clarins-Black-Friday.jpg\"><img class=\"alignright size-medium wp-image-15539\" src=\"https:\/\/www.blackfridaydeals.ch\/wp-content\/uploads\/2019\/03\/Clarins-Black-Friday-300x300.jpg\" alt=\"\" width=\"300\" height=\"300\" \/><\/a>On imagine bien Clarins en train de pr\u00e9parer des bons plans pour le <a href=\"https:\/\/www.blackfridaydeals.ch\/fr\/black-friday-2026\/\">Black Friday [year]<\/a>. Mais nous ne sommes pas en mesure actuellement de pr\u00e9dire ce que cela va donner. Toutefois, les offres pr\u00e9c\u00e9dentes de Clarins et les offres de la concurrence nous aideront \u00e0 anticiper et \u00e0 avancer des pr\u00e9visions.\r\n\r\nL\u2019univers de la mode est un monde impitoyable o\u00f9 la concurrence est rude. Les clients pourront donc choisir d\u2019autres fabricants tels que MAC Cosmetics, NYX et Est\u00e9e Lauder, si Clarins n\u2019arrive pas \u00e0 les s\u00e9duire. Bien que de nombreux clients aient une certaine pr\u00e9f\u00e9rence de marque pour leurs produits cosm\u00e9tiques, presque tous les d\u00e9taillants offrent des alternatives pour tous les produits imaginables.\r\n\r\nLa concurrence ne se limite pas aux fabricants, mais peut s\u2019\u00e9tendre aux interm\u00e9diaires qui ne manqueront pas de lancer leurs offres pour le <a href=\"https:\/\/www.blackfridaydeals.ch\/fr\/\">Black Friday<\/a>. C\u2019est pourquoi Clarins doit \u00e9galement prendre en compte les offres des pharmacies comme <a href=\"https:\/\/www.blackfridaydeals.ch\/fr\/shops\/douglas-fr\/\">Douglas<\/a> et <a href=\"https:\/\/www.blackfridaydeals.ch\/fr\/shops\/import-parfumerie\/\">Import Parfumerie<\/a>, et m\u00eame les d\u00e9taillants de mode comme <a href=\"https:\/\/www.blackfridaydeals.ch\/fr\/shops\/hm-fr\/\">H&amp;M<\/a> et <a href=\"https:\/\/www.blackfridaydeals.ch\/fr\/shops\/zalando-fr\/\">Zalando<\/a> qui proposent d\u00e9sormais des produits de beaut\u00e9. En plus, la plupart des pharmacies et les magasins de mode ont tendance \u00e0 proposer les produits Clarins \u00e0 un prix inf\u00e9rieur \u00e0 celui du fabricant. Et cela pourrait se reproduire durant le Black Friday [year].\r\n\r\nDans ces conditions, quelle strat\u00e9gie Clarins va mettre en \u0153uvre pour attirer l\u2019attention des clients et les fid\u00e9liser pour le Black Friday [year] ?\r\n\r\nEh bien, ce n\u2019est seulement possible que si Clarins offre des r\u00e9ductions assez all\u00e9chantes qui pourraient s\u00e9duire les clients ce jour-l\u00e0.\r\n\r\nPour mener \u00e0 bien sa campagne promotionnelle, deux options s\u2019offrent \u00e0 Clarins\u00a0:\r\n\r\nLe fabricant de cosm\u00e9tiques pourrait offrir un rabais sur tout. Ce type de promotion est populaire dans l\u2019industrie, et tous les clients peuvent \u00eatre approch\u00e9s pour le Black Friday [year], m\u00eame avec une remise relativement faible.\r\n\r\nPar ailleurs, Clarins peut offrir une remise sur certaines parties de la gamme au cas o\u00f9 d\u00e9taillant souhaiterait contr\u00f4ler le comportement d\u2019achat de ses clients. Par exemple, pour le Black Friday [year], il pourrait lancer une remise de 25\u00a0% sur tous les produits de soins du visage ou sur une autre cat\u00e9gorie qu\u2019il aurait choisie.\r\n<h2>Clarins avait propos\u00e9 ces offres pour le Black Friday\u00a0!<\/h2>\r\nNous n\u2019avons pas pu trouver d\u2019offres de Clarins pour les Black Friday pr\u00e9c\u00e9dents en Suisse. Cependant, le fabricant des cosm\u00e9tiques avait lanc\u00e9 ce genre de promotion pour ses clients dans d\u2019autres pays. Il y avait bien eu un rabais de 15\u00a0% sur presque tout dans d'autres pays, ce qui est une offre int\u00e9ressante qui avait permis de faire des \u00e9conomies significatives sur les produits cosm\u00e9tiques de haute qualit\u00e9.\r\n\r\nPar cons\u00e9quent, une offre de ce genre en Suisse pour le Black Friday [year] ne semble \u00eatre ni chim\u00e9rique, ni totalement irr\u00e9alisable.\r\n\r\nPour les clients en Suisse, il y avait eu \u00e9galement \u00e0 l\u2019occasion du <a href=\"https:\/\/www.blackfridaydeals.ch\/fr\/singles-day\/\">Singles Day<\/a> une offre promettant de nombreux articles-cadeaux \u00e0 partir d\u2019une certaine valeur de commande.","link":"https:\/\/www.blackfridaydeals.ch\/fr\/shops\/clarins-fr\/","name":"Clarins","slug":"clarins-fr","taxonomy":"dealstore","parent":0,"meta":[],"yoast_head":"<!-- This site is optimized with the Yoast SEO plugin v20.5 - https:\/\/yoast.com\/wordpress\/plugins\/seo\/ -->\n<title>Clarins Black Friday 2026 | Toutes les promos<\/title>\n<meta name=\"description\" content=\"Black Friday Clarins le 27 novembre 2026 \u2705 Aper\u00e7u de toutes les offres \u2705 Mise \u00e0 jour en temps r\u00e9el. \u00c9conomisez maintenant!\" \/>\n<meta name=\"robots\" content=\"index, follow, max-snippet:-1, max-image-preview:large, max-video-preview:-1\" \/>\n<link rel=\"canonical\" href=\"https:\/\/www.blackfridaydeals.ch\/fr\/shops\/clarins-fr\/\" \/>\n<meta property=\"og:locale\" content=\"fr_FR\" \/>\n<meta property=\"og:type\" content=\"article\" \/>\n<meta property=\"og:title\" content=\"Clarins Black Friday 2026 | Toutes les promos\" \/>\n<meta property=\"og:description\" content=\"Black Friday Clarins le 27 novembre 2026 \u2705 Aper\u00e7u de toutes les offres \u2705 Mise \u00e0 jour en temps r\u00e9el. \u00c9conomisez maintenant!\" \/>\n<meta property=\"og:url\" content=\"https:\/\/www.blackfridaydeals.ch\/fr\/shops\/clarins-fr\/\" \/>\n<meta property=\"og:site_name\" content=\"blackfridaydeals.ch\" \/>\n<meta property=\"og:image\" content=\"https:\/\/www.blackfridaydeals.ch\/wp-content\/uploads\/2019\/03\/Clarins-Black-Friday-300x300.jpg\" \/>\n<meta name=\"twitter:card\" content=\"summary_large_image\" \/>\n<meta name=\"twitter:site\" content=\"@blackfridaych\" \/>\n<script type=\"application\/ld+json\" class=\"yoast-schema-graph\">{\"@context\":\"https:\/\/schema.org\",\"@graph\":[{\"@type\":\"CollectionPage\",\"@id\":\"https:\/\/www.blackfridaydeals.ch\/fr\/shops\/clarins-fr\/\",\"url\":\"https:\/\/www.blackfridaydeals.ch\/fr\/shops\/clarins-fr\/\",\"name\":\"Clarins Black Friday 2026 | Toutes les promos\",\"isPartOf\":{\"@id\":\"https:\/\/www.blackfridaydeals.ch\/fr\/#website\"},\"description\":\"Black Friday Clarins le 27 novembre 2026 \u2705 Aper\u00e7u de toutes les offres \u2705 Mise \u00e0 jour en temps r\u00e9el. \u00c9conomisez maintenant!\",\"breadcrumb\":{\"@id\":\"https:\/\/www.blackfridaydeals.ch\/fr\/shops\/clarins-fr\/#breadcrumb\"},\"inLanguage\":\"fr-CH\"},{\"@type\":\"BreadcrumbList\",\"@id\":\"https:\/\/www.blackfridaydeals.ch\/fr\/shops\/clarins-fr\/#breadcrumb\",\"itemListElement\":[{\"@type\":\"ListItem\",\"position\":1,\"name\":\"Startseite\",\"item\":\"https:\/\/www.blackfridaydeals.ch\/fr\/\"},{\"@type\":\"ListItem\",\"position\":2,\"name\":\"Clarins\"}]},{\"@type\":\"WebSite\",\"@id\":\"https:\/\/www.blackfridaydeals.ch\/fr\/#website\",\"url\":\"https:\/\/www.blackfridaydeals.ch\/fr\/\",\"name\":\"blackfridaydeals.ch\",\"description\":\"Toutes les offres du Black Friday 2025 en Suisse\",\"publisher\":{\"@id\":\"https:\/\/www.blackfridaydeals.ch\/fr\/#organization\"},\"alternateName\":\"Black Friday Deals\",\"potentialAction\":[{\"@type\":\"SearchAction\",\"target\":{\"@type\":\"EntryPoint\",\"urlTemplate\":\"https:\/\/www.blackfridaydeals.ch\/fr\/?s={search_term_string}\"},\"query-input\":\"required name=search_term_string\"}],\"inLanguage\":\"fr-CH\"},{\"@type\":\"Organization\",\"@id\":\"https:\/\/www.blackfridaydeals.ch\/fr\/#organization\",\"name\":\"blackfridaydeals.ch\",\"alternateName\":\"Black Friday Deals\",\"url\":\"https:\/\/www.blackfridaydeals.ch\/fr\/\",\"logo\":{\"@type\":\"ImageObject\",\"inLanguage\":\"fr-CH\",\"@id\":\"https:\/\/www.blackfridaydeals.ch\/fr\/#\/schema\/logo\/image\/\",\"url\":\"https:\/\/www.blackfridaydeals.ch\/wp-content\/uploads\/2023\/03\/app-icon-white-bg-jpg.jpg\",\"contentUrl\":\"https:\/\/www.blackfridaydeals.ch\/wp-content\/uploads\/2023\/03\/app-icon-white-bg-jpg.jpg\",\"width\":512,\"height\":512,\"caption\":\"blackfridaydeals.ch\"},\"image\":{\"@id\":\"https:\/\/www.blackfridaydeals.ch\/fr\/#\/schema\/logo\/image\/\"},\"sameAs\":[\"https:\/\/www.facebook.com\/blackfridaydealsch\/\",\"https:\/\/twitter.com\/blackfridaych\",\"https:\/\/www.youtube.com\/channel\/UCNKXHacMw8AS34mBgzVx3FQ\",\"https:\/\/www.instagram.com\/blackfridaydeals.ch\/\"]}]}<\/script>\n<!-- \/ Yoast SEO plugin. -->","yoast_head_json":{"title":"Clarins Black Friday 2026 | Toutes les promos","description":"Black Friday Clarins le 27 novembre 2026 \u2705 Aper\u00e7u de toutes les offres \u2705 Mise \u00e0 jour en temps r\u00e9el. \u00c9conomisez maintenant!","robots":{"index":"index","follow":"follow","max-snippet":"max-snippet:-1","max-image-preview":"max-image-preview:large","max-video-preview":"max-video-preview:-1"},"canonical":"https:\/\/www.blackfridaydeals.ch\/fr\/shops\/clarins-fr\/","og_locale":"fr_FR","og_type":"article","og_title":"Clarins Black Friday 2026 | Toutes les promos","og_description":"Black Friday Clarins le 27 novembre 2026 \u2705 Aper\u00e7u de toutes les offres \u2705 Mise \u00e0 jour en temps r\u00e9el. \u00c9conomisez maintenant!","og_url":"https:\/\/www.blackfridaydeals.ch\/fr\/shops\/clarins-fr\/","og_site_name":"blackfridaydeals.ch","og_image":[{"url":"https:\/\/www.blackfridaydeals.ch\/wp-content\/uploads\/2019\/03\/Clarins-Black-Friday-300x300.jpg"}],"twitter_card":"summary_large_image","twitter_site":"@blackfridaych","schema":{"@context":"https:\/\/schema.org","@graph":[{"@type":"CollectionPage","@id":"https:\/\/www.blackfridaydeals.ch\/fr\/shops\/clarins-fr\/","url":"https:\/\/www.blackfridaydeals.ch\/fr\/shops\/clarins-fr\/","name":"Clarins Black Friday 2026 | Toutes les promos","isPartOf":{"@id":"https:\/\/www.blackfridaydeals.ch\/fr\/#website"},"description":"Black Friday Clarins le 27 novembre 2026 \u2705 Aper\u00e7u de toutes les offres \u2705 Mise \u00e0 jour en temps r\u00e9el. \u00c9conomisez maintenant!","breadcrumb":{"@id":"https:\/\/www.blackfridaydeals.ch\/fr\/shops\/clarins-fr\/#breadcrumb"},"inLanguage":"fr-CH"},{"@type":"BreadcrumbList","@id":"https:\/\/www.blackfridaydeals.ch\/fr\/shops\/clarins-fr\/#breadcrumb","itemListElement":[{"@type":"ListItem","position":1,"name":"Startseite","item":"https:\/\/www.blackfridaydeals.ch\/fr\/"},{"@type":"ListItem","position":2,"name":"Clarins"}]},{"@type":"WebSite","@id":"https:\/\/www.blackfridaydeals.ch\/fr\/#website","url":"https:\/\/www.blackfridaydeals.ch\/fr\/","name":"blackfridaydeals.ch","description":"Toutes les offres du Black Friday 2025 en Suisse","publisher":{"@id":"https:\/\/www.blackfridaydeals.ch\/fr\/#organization"},"alternateName":"Black Friday Deals","potentialAction":[{"@type":"SearchAction","target":{"@type":"EntryPoint","urlTemplate":"https:\/\/www.blackfridaydeals.ch\/fr\/?s={search_term_string}"},"query-input":"required name=search_term_string"}],"inLanguage":"fr-CH"},{"@type":"Organization","@id":"https:\/\/www.blackfridaydeals.ch\/fr\/#organization","name":"blackfridaydeals.ch","alternateName":"Black Friday Deals","url":"https:\/\/www.blackfridaydeals.ch\/fr\/","logo":{"@type":"ImageObject","inLanguage":"fr-CH","@id":"https:\/\/www.blackfridaydeals.ch\/fr\/#\/schema\/logo\/image\/","url":"https:\/\/www.blackfridaydeals.ch\/wp-content\/uploads\/2023\/03\/app-icon-white-bg-jpg.jpg","contentUrl":"https:\/\/www.blackfridaydeals.ch\/wp-content\/uploads\/2023\/03\/app-icon-white-bg-jpg.jpg","width":512,"height":512,"caption":"blackfridaydeals.ch"},"image":{"@id":"https:\/\/www.blackfridaydeals.ch\/fr\/#\/schema\/logo\/image\/"},"sameAs":["https:\/\/www.facebook.com\/blackfridaydealsch\/","https:\/\/twitter.com\/blackfridaych","https:\/\/www.youtube.com\/channel\/UCNKXHacMw8AS34mBgzVx3FQ","https:\/\/www.instagram.com\/blackfridaydeals.ch\/"]}]}},"_links":{"self":[{"href":"https:\/\/www.blackfridaydeals.ch\/fr\/wp-json\/wp\/v2\/dealstore\/9260"}],"collection":[{"href":"https:\/\/www.blackfridaydeals.ch\/fr\/wp-json\/wp\/v2\/dealstore"}],"about":[{"href":"https:\/\/www.blackfridaydeals.ch\/fr\/wp-json\/wp\/v2\/taxonomies\/dealstore"}],"wp:post_type":[{"href":"https:\/\/www.blackfridaydeals.ch\/fr\/wp-json\/wp\/v2\/posts?dealstore=9260"}],"curies":[{"name":"wp","href":"https:\/\/api.w.org\/{rel}","templated":true}]}}