{"id":336,"count":27,"description":"Apple est l\u2019une des marques d\u2019\u00e9lectronique les plus connues au monde. En Suisse, on peut profiter d\u2019offres aussi bien dans les <strong>Apple Stores<\/strong> que via le <strong>Webshop<\/strong>.\r\n\r\nDes produits populaires comme le <a href=\"https:\/\/www.blackfridaydeals.ch\/fr\/macbooks-black-friday\/\">MacBook<\/a>, <a href=\"https:\/\/www.blackfridaydeals.ch\/fr\/iphone-black-friday\/\">iPhone<\/a>, <a href=\"https:\/\/www.blackfridaydeals.ch\/fr\/lipad-au-black-friday\/\">iPad<\/a>, <a href=\"https:\/\/www.blackfridaydeals.ch\/fr\/airpods-black-friday\/\">AirPods<\/a> ou la Apple Watch ont \u00e9t\u00e9 propos\u00e9s \u00e0 prix cass\u00e9 lors du Black Friday ces derni\u00e8res ann\u00e9es. Il se pourrait aussi que de bonnes offres soient disponibles cette ann\u00e9e pour la <a href=\"https:\/\/www.blackfridaydeals.ch\/fr\/apple-vision-pro-black-friday\/\">Apple Vision Pro<\/a>. Si Apple participera au <a href=\"https:\/\/www.blackfridaydeals.ch\/fr\/black-friday-[year]\/\">Black Friday [year]<\/a> et quelles offres sont attendues, nous vous l'expliquons dans l'article ci-dessous.\r\n[vc_row][vc_column][vc_custom_heading text=\"Aper\u00e7u des<strong> produits Apple les plus populaires<\/strong>\" font_container=\"tag:h2|font_size:30px|text_align:center|color:%2330343b|line_height:36px\" google_fonts=\"font_family:Raleway%3A100%2C200%2C300%2Cregular%2C500%2C600%2C700%2C800%2C900|font_style:400%20regular%3A400%3Anormal\"][vc_row_inner][\/vc_row_inner][\/vc_column][\/vc_row][vc_row bwd_tbc4vd_show_weekday=\"\"][vc_column width=\"1\/2\" offset=\"vc_col-xs-12\"][vc_column_text]<a href=\"https:\/\/www.blackfridaydeals.ch\/fr\/iphone-black-friday\/\"><img class=\"aligncenter wp-image-64334 size-full\" src=\"https:\/\/www.blackfridaydeals.ch\/wp-content\/uploads\/2024\/09\/Apple-iPhone.png\" alt=\"\" width=\"704\" height=\"211\" \/><\/a>[\/vc_column_text][\/vc_column][vc_column width=\"1\/2\" offset=\"vc_col-xs-12\"][vc_column_text]<a href=\"https:\/\/www.blackfridaydeals.ch\/fr\/apple-ipad-black-friday\/\"><img class=\"aligncenter wp-image-64340 size-full\" src=\"https:\/\/www.blackfridaydeals.ch\/wp-content\/uploads\/2024\/09\/Apple-iPad.png\" alt=\"\" width=\"704\" height=\"211\" \/><\/a>[\/vc_column_text][\/vc_column][\/vc_row]\r\n\r\n[vc_row bwd_tbc4vd_show_weekday=\"\"][vc_column width=\"1\/2\" offset=\"vc_col-xs-12\"][vc_column_text]<a href=\"https:\/\/www.blackfridaydeals.ch\/fr\/apple-airpods-black-friday\/\"><img class=\"aligncenter wp-image-64343 size-full\" src=\"https:\/\/www.blackfridaydeals.ch\/wp-content\/uploads\/2024\/09\/Apple-AirPods.png\" alt=\"\" width=\"704\" height=\"211\" \/><\/a>[\/vc_column_text][\/vc_column][vc_column width=\"1\/2\" offset=\"vc_col-xs-12\"][vc_column_text]<a href=\"https:\/\/www.blackfridaydeals.ch\/fr\/apple-watch-black-friday\/\"><img class=\"aligncenter wp-image-64346 size-full\" src=\"https:\/\/www.blackfridaydeals.ch\/wp-content\/uploads\/2024\/09\/Apple-Watch-Series-10-1-1.png\" alt=\"\" width=\"704\" height=\"211\" \/><\/a>[\/vc_column_text][\/vc_column][\/vc_row][vc_row bwd_tbc4vd_show_weekday=\"\"][vc_column width=\"1\/2\" offset=\"vc_col-xs-12\"][vc_column_text]<a href=\"https:\/\/www.blackfridaydeals.ch\/fr\/apple-watch-black-friday\/\"><img class=\"aligncenter wp-image-64331 size-full\" src=\"https:\/\/www.blackfridaydeals.ch\/wp-content\/uploads\/2023\/09\/apple-watch-series-7.png\" alt=\"\" width=\"704\" height=\"211\" \/><\/a>[\/vc_column_text][\/vc_column][vc_column width=\"1\/2\" offset=\"vc_col-xs-12\"][vc_column_text]<a href=\"https:\/\/www.blackfridaydeals.ch\/fr\/macbooks-black-friday\/\"><img class=\"aligncenter wp-image-64337 size-full\" src=\"https:\/\/www.blackfridaydeals.ch\/wp-content\/uploads\/2024\/09\/MacBook-Pro-von-Apple.png\" alt=\"\" width=\"704\" height=\"211\" \/><\/a>[\/vc_column_text][\/vc_column][\/vc_row]\r\n<h2>Pr\u00e9visions d'offres Apple pour le Black Friday [year]<\/h2>\r\n<a href=\"https:\/\/www.blackfridaydeals.ch\/wp-content\/uploads\/2025\/09\/Apple-iPhone-17.png\"><img class=\"alignright size-medium wp-image-100632\" src=\"https:\/\/www.blackfridaydeals.ch\/wp-content\/uploads\/2025\/09\/Apple-iPhone-17-300x221.png\" alt=\"\" width=\"300\" height=\"221\" \/><\/a>Au cours des derni\u00e8res ann\u00e9es, Apple a test\u00e9 diff\u00e9rentes strat\u00e9gies. Il y a quelques ann\u00e9es, il y avait de fortes r\u00e9ductions sur l\u2019iPad Air, l\u2019iPad mini, tous les iMacs et MacBooks ainsi que de nombreux accessoires. La plupart des produits b\u00e9n\u00e9ficiaient d'une remise d'au moins CHF 111.-. Il y a trois ans, Apple a organis\u00e9 une action o\u00f9 l\u2019on recevait une carte cadeau Apple allant jusqu\u2019\u00e0 250 francs selon le prix des articles achet\u00e9s. L\u2019action a dur\u00e9 plusieurs jours, du Black Friday jusqu\u2019au Cyber Monday.\r\n\r\nCependant, on ne trouve pas les produits Apple uniquement chez le fabricant. Si Apple ne participe pas au Black Friday [year], on pourrait trouver de bonnes offres chez d'autres revendeurs. Parmi eux : <a href=\"https:\/\/www.blackfridaydeals.ch\/fr\/shops\/manor-fr\/\">Manor<\/a>, <a href=\"https:\/\/www.blackfridaydeals.ch\/fr\/shops\/interdiscount-fr\/\">Interdiscount<\/a>, <a href=\"https:\/\/www.blackfridaydeals.ch\/fr\/shops\/digitec-fr\/\">digitec<\/a>, <a href=\"https:\/\/www.blackfridaydeals.ch\/fr\/shops\/fust-fr\/\">Fust<\/a> et <a href=\"https:\/\/www.blackfridaydeals.ch\/fr\/shops\/fnac\/\">fnac<\/a>, qui proposent tous des produits Apple dans leur assortiment.\r\n\r\nChaque ann\u00e9e, au moins un revendeur propose <strong>des r\u00e9ductions g\u00e9n\u00e9reuses<\/strong> sur <strong>les produits Apple<\/strong>. Chez Manor, par exemple, on a d\u00e9j\u00e0 vu \u00e0 plusieurs reprises <strong>10\u202f% de r\u00e9duction<\/strong> sur l\u2019ensemble de la gamme Apple \u2013 cela pourrait se reproduire en [year]. Les revendeurs d\u2019\u00e9lectronique comme Fust ou Interdiscount offrent g\u00e9n\u00e9ralement des produits s\u00e9lectionn\u00e9s \u00e0 prix r\u00e9duit durant la Black Week. Ces offres incluent souvent des appareils Apple. L\u2019ann\u00e9e derni\u00e8re, par exemple, <a href=\"https:\/\/www.blackfridaydeals.ch\/fr\/shops\/brack-fr\/\">Brack.ch<\/a> proposait l\u2019Apple Watch Series 10 au prix sp\u00e9cial de 349 francs pour le Black Friday. De nombreux autres <a href=\"https:\/\/www.blackfridaydeals.ch\/fr\/electronique-divertissement\/\">commer\u00e7ants \u00e9lectroniques suisses<\/a> proposaient aussi des r\u00e9ductions sur des produits Apple durant la Black Week. Nous conseillons donc aux fans d\u2019Apple d\u2019attendre avant d\u2019acheter et de consulter les offres chez les revendeurs pendant le Black Friday.\r\n\r\nIl est tr\u00e8s difficile de pr\u00e9voir quelles offres pr\u00e9cises seront lanc\u00e9es pour les produits Apple en [year]. Il est possible que Manor offre \u00e0 nouveau 10\u202f% sur tout l\u2019assortiment Apple. Interdiscount, <a href=\"https:\/\/www.blackfridaydeals.ch\/fr\/shops\/mediamarkt-fr\/\">MediaMarkt<\/a>, <a href=\"https:\/\/www.blackfridaydeals.ch\/fr\/shops\/amazon-fr\/\">Amazon<\/a> etc. restent souvent impr\u00e9visibles, ce qui rend les pr\u00e9visions difficiles.\r\n\r\nIl y a toutefois de bonnes chances que certains produits soient propos\u00e9s \u00e0 des prix sp\u00e9ciaux. Les revendeurs veulent souvent \u00e9couler leurs stocks et r\u00e9duisent alors les prix des iPhones, iPads ou iMacs des deux derni\u00e8res ann\u00e9es. Les mod\u00e8les les plus r\u00e9cents ne re\u00e7oivent en g\u00e9n\u00e9ral aucune r\u00e9duction significative. N\u00e9anmoins, si un revendeur souhaite faire un gros coup marketing, il pourrait proposer une tr\u00e8s bonne offre sur un mod\u00e8le r\u00e9cent comme le nouvel iPhone 17. Il faudra cependant r\u00e9agir vite, car les offres Apple du Black Friday partent tr\u00e8s rapidement.\r\n\r\nCela vaut donc clairement la peine d\u2019attendre jusqu\u2019au <a href=\"https:\/\/www.blackfridaydeals.ch\/fr\/\">Black Friday<\/a> \u2013 il y aura s\u00fbrement quelques offres de folie aussi cette ann\u00e9e !\r\n<h2>Quand commence la promotion Black Friday pour les produits Apple ?<\/h2>\r\nComme les produits Apple populaires sont vendus chez diff\u00e9rents revendeurs, il faut consulter ces derniers pendant la Black Week \u2013 notamment MediaMarkt, Interdiscount ou digitec.\r\n\r\nOfficiellement, chez beaucoup de ces marchands, la vente Black Friday commence le <strong>[bfwstart]. novembre [year]<\/strong> et dure jusqu\u2019au dimanche.\r\n\r\nOn peut \u00e9galement profiter de super offres sur les iPhones, iPads et autres produits Apple <strong>durant la Cyber Week \u00e0 partir du [cmtag]. d\u00e9cembre [year]<\/strong> ou d\u00e9j\u00e0 d\u00e8s le <strong>Singles Day, le 11 novembre [year]<\/strong>.\r\n\r\n\u00c0 ces moments-l\u00e0, les diff\u00e9rents revendeurs accordent \u00e9galement d\u2019importantes r\u00e9ductions sur les appareils Apple. Le Singles Day vaut particuli\u00e8rement la peine pour la toute derni\u00e8re g\u00e9n\u00e9ration de produits : de nombreux revendeurs offrent en effet une remise forfaitaire de 11\u202f%. \u00c9tant donn\u00e9 que les appareils r\u00e9cents sont g\u00e9n\u00e9ralement vendus \u00e0 leur prix conseill\u00e9, une telle r\u00e9duction est particuli\u00e8rement int\u00e9ressante. Cependant, il est d\u00e9j\u00e0 arriv\u00e9 que certains mod\u00e8les \u2013 comme les iPhones ou d\u2019autres appareils Apple \u2013 soient exclus de ces rabais forfaitaires du Singles Day. Il faut donc bien v\u00e9rifier cela \u00e0 l\u2019avance.\r\n<h2>Quels produits Apple seront propos\u00e9s \u00e0 prix r\u00e9duit lors du Black Friday [year] ?<\/h2>\r\nNous ne savons pas si les remises dans le shop Apple s\u2019appliqueront aussi aux derniers mod\u00e8les d\u2019iPhones et de Mac. C\u2019est possible, mais cela d\u00e9pend souvent de la disponibilit\u00e9. D\u2019apr\u00e8s les exp\u00e9riences des derni\u00e8res ann\u00e9es, il y a de bonnes chances que m\u00eame la toute derni\u00e8re g\u00e9n\u00e9ration d\u2019iPhone b\u00e9n\u00e9ficie de r\u00e9ductions.\r\n\r\nNous pouvons dire avec quasi-certitude que les mod\u00e8les des deux derni\u00e8res ann\u00e9es seront propos\u00e9s \u00e0 prix r\u00e9duit. Cela signifie qu\u2019on pourra probablement faire des \u00e9conomies sur les iPhones 16, 16 Plus, 16 Pro et 16 Pro Max, ainsi que sur toute la gamme iPhone 15.\r\n\r\n<a href=\"https:\/\/www.blackfridaydeals.ch\/wp-content\/uploads\/2023\/11\/Iphone-15-128GB-Midnight.jpg\"><img class=\"alignright wp-image-72556 size-medium\" src=\"https:\/\/www.blackfridaydeals.ch\/wp-content\/uploads\/2023\/11\/Iphone-15-128GB-Midnight-300x200.jpg\" alt=\"\" width=\"300\" height=\"200\" \/><\/a>Il est fort probable que l\u2019on atteigne un nouveau prix plancher pour certains de ces mod\u00e8les lors du Black Friday [year]. Dans le domaine de l\u2019\u00e9lectronique, il faut absolument faire un <strong>comparatif de prix<\/strong> rigoureux pour \u00eatre s\u00fbr d\u2019acheter l\u00e0 o\u00f9 les offres sont les meilleures.\r\n\r\nSouvent, les revendeurs annoncent des pourcentages \u00e9lev\u00e9s de r\u00e9duction dans leurs publicit\u00e9s ou sur leur site. Mais parfois, le m\u00eame article est encore un peu moins cher ailleurs. C\u2019est pourquoi tu devrais consulter r\u00e9guli\u00e8rement notre <a href=\"https:\/\/www.blackfridaydeals.ch\/fr\/\">page de r\u00e9ductions Black Friday<\/a> pour ne rien rater.\r\n<h2>Offres Apple pour le Cyber Monday [year]<\/h2>\r\nLes offres Apple du <a href=\"https:\/\/www.blackfridaydeals.ch\/fr\/cyber-monday\/\">Cyber Monday<\/a> sont encore plus impr\u00e9visibles que celles du Black Friday. Ces derni\u00e8res ann\u00e9es, Apple n\u2019a publi\u00e9 aucune offre sp\u00e9ciale.\r\n\r\nIl est toutefois certain que de nombreux revendeurs \u00e9lectroniques en Suisse lanceront des offres pour le Cyber Monday \u2013 il y aura donc de grandes chances de trouver de tr\u00e8s bons prix sur les produits Apple. Ces derni\u00e8res ann\u00e9es, il y avait de bonnes affaires notamment chez MediaMarkt, Fust et Interdiscount. Lors de la derni\u00e8re Cyber Week, Interdiscount proposait par exemple l\u2019iPhone 15 Plus avec 256 Go de stockage pour CHF 899.\u2013. Parfois, des r\u00e9ductions forfaitaires sont aussi propos\u00e9es pour le Cyber Monday, comme il y a quelques ann\u00e9es chez <a href=\"https:\/\/www.blackfridaydeals.ch\/fr\/shops\/ackermann-fr\/\">Ackermann<\/a>, o\u00f9 une remise de 15\u202f% \u00e9tait accord\u00e9e sur toute la cat\u00e9gorie Tech. Ce genre de promotions reste cependant assez rare dans l\u2019\u00e9lectronique \u2013 comme pour le Black Friday.\r\n<h2>Le Singles Day [year] chez Apple<\/h2>\r\nNous ne savons pas si Apple proposera des offres sp\u00e9ciales pour le <a href=\"https:\/\/www.blackfridaydeals.ch\/fr\/singles-day\/\">Singles Day<\/a> [year]. Ces derni\u00e8res ann\u00e9es, le fabricant n\u2019a pas lanc\u00e9 d\u2019offres \u00e0 cette occasion. Mais nous restons attentifs. Il est tr\u00e8s probable que les grands revendeurs \u00e9lectroniques ou m\u00eame les op\u00e9rateurs t\u00e9l\u00e9com proposent \u00e0 cette date des iPhones, iPads ou Apple Watch \u00e0 des prix sp\u00e9ciaux. Lors de cet \u00e9v\u00e9nement, on retrouve souvent des rabais avec des chiffres doubles (par exemple 11\u202f% ou 22\u202f%). Il y a deux ans, Interdiscount offrait 11\u202f% de remise sur ses appareils. Cela permettait d\u2019\u00e9conomiser plusieurs francs sur des produits Apple. Par exemple, l\u2019iPad mini Wi-Fi 2021 avec 64 Go \u00e9tait vendu 471.60 francs.\r\n<h3>\u00c9conomiser toute l\u2019ann\u00e9e dans l\u2019Apple Store<\/h3>\r\n<a href=\"https:\/\/www.blackfridaydeals.ch\/wp-content\/uploads\/2019\/09\/apple-bf.png\"><img class=\"alignright wp-image-17222 size-medium\" title=\"Offre appareils Apple\" src=\"https:\/\/www.blackfridaydeals.ch\/wp-content\/uploads\/2019\/09\/apple-bf-300x200.png\" alt=\"Offre appareils Apple\" width=\"300\" height=\"200\" \/><\/a>Apple propose r\u00e9guli\u00e8rement des r\u00e9ductions tout au long de l\u2019ann\u00e9e.\r\n\r\nCes promotions peuvent concerner <strong>diff\u00e9rents produits<\/strong> \u2013 iPhones, iPads, AirPods, Apple TV, Apple Watch, etc. En g\u00e9n\u00e9ral, seuls certains mod\u00e8les sont temporairement en r\u00e9duction.\r\n\r\nMais il existe d\u2019autres mani\u00e8res d\u2019\u00e9conomiser, m\u00eame hors p\u00e9riode de promotion.\r\n\r\nPar exemple, Apple propose des <strong>tarifs \u00e9ducation<\/strong> pour l\u2019achat d\u2019un nouvel iPad ou Mac. Ces prix peuvent parfois \u00eatre plus avantageux que ceux des revendeurs, mais restent rarement comp\u00e9titifs. Ils sont surtout int\u00e9ressants pour les mod\u00e8les r\u00e9cents qui ne sont g\u00e9n\u00e9ralement pas encore en promo.\r\n\r\nLes <strong>produits reconditionn\u00e9s<\/strong> sont aussi tr\u00e8s populaires \u2013 on en trouve chez <a href=\"https:\/\/www.blackfridaydeals.ch\/fr\/shops\/revendo-fr\/\">revendo<\/a> ou <a href=\"https:\/\/www.blackfridaydeals.ch\/fr\/shops\/mediamarkt-fr\/\">MediaMarkt<\/a>. Il s\u2019agit d\u2019appareils remis \u00e0 neuf : batterie neuve, c\u00e2bles inclus, accessoires d\u2019origine, dernier syst\u00e8me d\u2019exploitation, bo\u00eetier propre.\r\n\r\nCes produits incluent une garantie d\u2019un an et un acc\u00e8s au support technique.\r\n\r\nOn peut ainsi \u00e9conomiser jusqu\u2019\u00e0 <strong>15\u202f%<\/strong> \u2013 sans quasiment aucune perte de performance.\r\n<h3>Faire des \u00e9conomies via le recyclage \u2013 voil\u00e0 comment<\/h3>\r\nApple propose aussi toute l\u2019ann\u00e9e une option de reprise (\u00ab\u202fTrade-In\u202f\u00bb), qui permet de faire reprendre un ancien appareil pour obtenir une remise sur un nouveau. Le montant re\u00e7u d\u00e9pend du mod\u00e8le, comme dans une vente classique.\r\n\r\nCe qui est pratique : m\u00eame si tu ne souhaites pas acheter tout de suite, tu peux envoyer tes anciens appareils pour qu\u2019ils soient recycl\u00e9s.\r\n\r\nSelon la valeur, Apple te versera un montant. C\u2019est un bon moyen de r\u00e9cup\u00e9rer encore quelque chose \u2013 m\u00eame \u00e0 la fin du cycle d\u2019utilisation.\r\n<h2>Questions fr\u00e9quentes \u2013 Apple pendant les \u00e9v\u00e9nements shopping les plus populaires<\/h2>\r\n[wpsm_toggle class=\"active\" title=\"\u00c0 combien pourraient s\u2019\u00e9lever les r\u00e9ductions chez Apple au Black Friday cette ann\u00e9e ?\"]\r\n\r\nLes ann\u00e9es pass\u00e9es, Apple n\u2019a pas toujours propos\u00e9 de r\u00e9ductions pendant les grands \u00e9v\u00e9nements shopping. Une fois, il y avait des cartes cadeaux Apple \u00e0 la place de remises. Il est donc difficile de pr\u00e9dire s\u2019il y aura des rabais pour le Black Friday, le Cyber Monday ou le Singles Day cette ann\u00e9e. Si c\u2019est le cas, certains produits seront sans doute r\u00e9duits. On a parfois vu des remises allant jusqu\u2019\u00e0 50\u202f%, notamment sur les iPhones, iPads, AirPods, MacBooks ou iMacs. Il est n\u00e9anmoins crucial de comparer les prix \u2013 il se peut qu\u2019un autre shop soit encore moins cher.\r\n\r\n[\/wpsm_toggle]\r\n\r\n[wpsm_toggle class=\"active\" title=\"Comment \u00eatre inform\u00e9 des offres Apple pour le Black Friday ?\"]\r\n\r\nSi une promotion est lanc\u00e9e cette ann\u00e9e pour le Black Friday ou un autre \u00e9v\u00e9nement, nous t\u2019en informerons imm\u00e9diatement sur notre site. Un lien vers les offres sp\u00e9ciales devrait aussi appara\u00eetre sur la page d\u2019accueil du shop concern\u00e9. Pour ne rien rater, abonne-toi \u00e0 notre newsletter \u2013 on y partage les meilleures offres pendant la semaine du Black Friday.\r\n\r\n[\/wpsm_toggle]\r\n\r\n[wpsm_toggle class=\"active\" title=\"Que faire si j\u2019ai un souci avec un appareil Apple ?\"]\r\n\r\nSur le site officiel d\u2019Apple, tu trouveras des infos d\u00e9taill\u00e9es concernant la garantie, les r\u00e9parations, les services agr\u00e9\u00e9s, etc. Tu peux aussi te rendre dans un Apple Store proche de chez toi.\r\n\r\n[\/wpsm_toggle]\r\n\r\n[wpsm_toggle class=\"active\" title=\"Puis-je recevoir des conseils chez Apple ?\"]\r\n\r\nApple poss\u00e8de des boutiques physiques dans le monde entier. Gr\u00e2ce au Store Finder, tu peux trouver le magasin le plus proche o\u00f9 des conseillers Genius te r\u00e9pondront. Tu peux aussi contacter le support client en ligne si tu ne trouves pas ta r\u00e9ponse sur le site.\r\n\r\n[\/wpsm_toggle]","link":"https:\/\/www.blackfridaydeals.ch\/fr\/shops\/apple-fr\/","name":"Apple","slug":"apple-fr","taxonomy":"dealstore","parent":0,"meta":[],"yoast_head":"<!-- This site is optimized with the Yoast SEO plugin v20.5 - https:\/\/yoast.com\/wordpress\/plugins\/seo\/ -->\n<title>Apple Black Friday 2026 - iPhone, iPad, MacBook \u00e0 bas prix<\/title>\n<meta name=\"description\" content=\"Lors du Black Friday 2026, Apple propose des r\u00e9ductions substantielles sur l&#039;iPhone, l&#039;iPad, l&#039;Apple Watch, le MacBook et les Air Pods.\" \/>\n<meta name=\"robots\" content=\"index, follow, max-snippet:-1, max-image-preview:large, max-video-preview:-1\" \/>\n<link rel=\"canonical\" href=\"https:\/\/www.blackfridaydeals.ch\/fr\/shops\/apple-fr\/\" \/>\n<meta property=\"og:locale\" content=\"fr_FR\" \/>\n<meta property=\"og:type\" content=\"article\" \/>\n<meta property=\"og:title\" content=\"Apple Black Friday 2026 - iPhone, iPad, MacBook \u00e0 bas prix\" \/>\n<meta property=\"og:description\" content=\"Lors du Black Friday 2026, Apple propose des r\u00e9ductions substantielles sur l&#039;iPhone, l&#039;iPad, l&#039;Apple Watch, le MacBook et les Air Pods.\" \/>\n<meta property=\"og:url\" content=\"https:\/\/www.blackfridaydeals.ch\/fr\/shops\/apple-fr\/\" \/>\n<meta property=\"og:site_name\" content=\"blackfridaydeals.ch\" \/>\n<meta property=\"og:image\" content=\"https:\/\/www.blackfridaydeals.ch\/wp-content\/uploads\/2024\/09\/Apple-iPhone.png\" \/>\n<meta name=\"twitter:card\" content=\"summary_large_image\" \/>\n<meta name=\"twitter:site\" content=\"@blackfridaych\" \/>\n<script type=\"application\/ld+json\" class=\"yoast-schema-graph\">{\"@context\":\"https:\/\/schema.org\",\"@graph\":[{\"@type\":\"CollectionPage\",\"@id\":\"https:\/\/www.blackfridaydeals.ch\/fr\/shops\/apple-fr\/\",\"url\":\"https:\/\/www.blackfridaydeals.ch\/fr\/shops\/apple-fr\/\",\"name\":\"Apple Black Friday 2026 - iPhone, iPad, MacBook \u00e0 bas prix\",\"isPartOf\":{\"@id\":\"https:\/\/www.blackfridaydeals.ch\/fr\/#website\"},\"description\":\"Lors du Black Friday 2026, Apple propose des r\u00e9ductions substantielles sur l'iPhone, l'iPad, l'Apple Watch, le MacBook et les Air Pods.\",\"breadcrumb\":{\"@id\":\"https:\/\/www.blackfridaydeals.ch\/fr\/shops\/apple-fr\/#breadcrumb\"},\"inLanguage\":\"fr-CH\"},{\"@type\":\"BreadcrumbList\",\"@id\":\"https:\/\/www.blackfridaydeals.ch\/fr\/shops\/apple-fr\/#breadcrumb\",\"itemListElement\":[{\"@type\":\"ListItem\",\"position\":1,\"name\":\"Startseite\",\"item\":\"https:\/\/www.blackfridaydeals.ch\/fr\/\"},{\"@type\":\"ListItem\",\"position\":2,\"name\":\"Apple\"}]},{\"@type\":\"WebSite\",\"@id\":\"https:\/\/www.blackfridaydeals.ch\/fr\/#website\",\"url\":\"https:\/\/www.blackfridaydeals.ch\/fr\/\",\"name\":\"blackfridaydeals.ch\",\"description\":\"Toutes les offres du Black Friday 2025 en Suisse\",\"publisher\":{\"@id\":\"https:\/\/www.blackfridaydeals.ch\/fr\/#organization\"},\"alternateName\":\"Black Friday Deals\",\"potentialAction\":[{\"@type\":\"SearchAction\",\"target\":{\"@type\":\"EntryPoint\",\"urlTemplate\":\"https:\/\/www.blackfridaydeals.ch\/fr\/?s={search_term_string}\"},\"query-input\":\"required name=search_term_string\"}],\"inLanguage\":\"fr-CH\"},{\"@type\":\"Organization\",\"@id\":\"https:\/\/www.blackfridaydeals.ch\/fr\/#organization\",\"name\":\"blackfridaydeals.ch\",\"alternateName\":\"Black Friday Deals\",\"url\":\"https:\/\/www.blackfridaydeals.ch\/fr\/\",\"logo\":{\"@type\":\"ImageObject\",\"inLanguage\":\"fr-CH\",\"@id\":\"https:\/\/www.blackfridaydeals.ch\/fr\/#\/schema\/logo\/image\/\",\"url\":\"https:\/\/www.blackfridaydeals.ch\/wp-content\/uploads\/2023\/03\/app-icon-white-bg-jpg.jpg\",\"contentUrl\":\"https:\/\/www.blackfridaydeals.ch\/wp-content\/uploads\/2023\/03\/app-icon-white-bg-jpg.jpg\",\"width\":512,\"height\":512,\"caption\":\"blackfridaydeals.ch\"},\"image\":{\"@id\":\"https:\/\/www.blackfridaydeals.ch\/fr\/#\/schema\/logo\/image\/\"},\"sameAs\":[\"https:\/\/www.facebook.com\/blackfridaydealsch\/\",\"https:\/\/twitter.com\/blackfridaych\",\"https:\/\/www.youtube.com\/channel\/UCNKXHacMw8AS34mBgzVx3FQ\",\"https:\/\/www.instagram.com\/blackfridaydeals.ch\/\"]}]}<\/script>\n<!-- \/ Yoast SEO plugin. -->","yoast_head_json":{"title":"Apple Black Friday 2026 - iPhone, iPad, MacBook \u00e0 bas prix","description":"Lors du Black Friday 2026, Apple propose des r\u00e9ductions substantielles sur l'iPhone, l'iPad, l'Apple Watch, le MacBook et les Air Pods.","robots":{"index":"index","follow":"follow","max-snippet":"max-snippet:-1","max-image-preview":"max-image-preview:large","max-video-preview":"max-video-preview:-1"},"canonical":"https:\/\/www.blackfridaydeals.ch\/fr\/shops\/apple-fr\/","og_locale":"fr_FR","og_type":"article","og_title":"Apple Black Friday 2026 - iPhone, iPad, MacBook \u00e0 bas prix","og_description":"Lors du Black Friday 2026, Apple propose des r\u00e9ductions substantielles sur l'iPhone, l'iPad, l'Apple Watch, le MacBook et les Air Pods.","og_url":"https:\/\/www.blackfridaydeals.ch\/fr\/shops\/apple-fr\/","og_site_name":"blackfridaydeals.ch","og_image":[{"url":"https:\/\/www.blackfridaydeals.ch\/wp-content\/uploads\/2024\/09\/Apple-iPhone.png"}],"twitter_card":"summary_large_image","twitter_site":"@blackfridaych","schema":{"@context":"https:\/\/schema.org","@graph":[{"@type":"CollectionPage","@id":"https:\/\/www.blackfridaydeals.ch\/fr\/shops\/apple-fr\/","url":"https:\/\/www.blackfridaydeals.ch\/fr\/shops\/apple-fr\/","name":"Apple Black Friday 2026 - iPhone, iPad, MacBook \u00e0 bas prix","isPartOf":{"@id":"https:\/\/www.blackfridaydeals.ch\/fr\/#website"},"description":"Lors du Black Friday 2026, Apple propose des r\u00e9ductions substantielles sur l'iPhone, l'iPad, l'Apple Watch, le MacBook et les Air Pods.","breadcrumb":{"@id":"https:\/\/www.blackfridaydeals.ch\/fr\/shops\/apple-fr\/#breadcrumb"},"inLanguage":"fr-CH"},{"@type":"BreadcrumbList","@id":"https:\/\/www.blackfridaydeals.ch\/fr\/shops\/apple-fr\/#breadcrumb","itemListElement":[{"@type":"ListItem","position":1,"name":"Startseite","item":"https:\/\/www.blackfridaydeals.ch\/fr\/"},{"@type":"ListItem","position":2,"name":"Apple"}]},{"@type":"WebSite","@id":"https:\/\/www.blackfridaydeals.ch\/fr\/#website","url":"https:\/\/www.blackfridaydeals.ch\/fr\/","name":"blackfridaydeals.ch","description":"Toutes les offres du Black Friday 2025 en Suisse","publisher":{"@id":"https:\/\/www.blackfridaydeals.ch\/fr\/#organization"},"alternateName":"Black Friday Deals","potentialAction":[{"@type":"SearchAction","target":{"@type":"EntryPoint","urlTemplate":"https:\/\/www.blackfridaydeals.ch\/fr\/?s={search_term_string}"},"query-input":"required name=search_term_string"}],"inLanguage":"fr-CH"},{"@type":"Organization","@id":"https:\/\/www.blackfridaydeals.ch\/fr\/#organization","name":"blackfridaydeals.ch","alternateName":"Black Friday Deals","url":"https:\/\/www.blackfridaydeals.ch\/fr\/","logo":{"@type":"ImageObject","inLanguage":"fr-CH","@id":"https:\/\/www.blackfridaydeals.ch\/fr\/#\/schema\/logo\/image\/","url":"https:\/\/www.blackfridaydeals.ch\/wp-content\/uploads\/2023\/03\/app-icon-white-bg-jpg.jpg","contentUrl":"https:\/\/www.blackfridaydeals.ch\/wp-content\/uploads\/2023\/03\/app-icon-white-bg-jpg.jpg","width":512,"height":512,"caption":"blackfridaydeals.ch"},"image":{"@id":"https:\/\/www.blackfridaydeals.ch\/fr\/#\/schema\/logo\/image\/"},"sameAs":["https:\/\/www.facebook.com\/blackfridaydealsch\/","https:\/\/twitter.com\/blackfridaych","https:\/\/www.youtube.com\/channel\/UCNKXHacMw8AS34mBgzVx3FQ","https:\/\/www.instagram.com\/blackfridaydeals.ch\/"]}]}},"_links":{"self":[{"href":"https:\/\/www.blackfridaydeals.ch\/fr\/wp-json\/wp\/v2\/dealstore\/336"}],"collection":[{"href":"https:\/\/www.blackfridaydeals.ch\/fr\/wp-json\/wp\/v2\/dealstore"}],"about":[{"href":"https:\/\/www.blackfridaydeals.ch\/fr\/wp-json\/wp\/v2\/taxonomies\/dealstore"}],"wp:post_type":[{"href":"https:\/\/www.blackfridaydeals.ch\/fr\/wp-json\/wp\/v2\/posts?dealstore=336"}],"curies":[{"name":"wp","href":"https:\/\/api.w.org\/{rel}","templated":true}]}}