{"id":3179,"count":2,"description":"mymuesli - c\u2019est votre muesli pr\u00e9f\u00e9r\u00e9 - mix\u00e9 pour vous avec les meilleurs ingr\u00e9dients biologique et avec beaucoup d\u2019amour. mymuesli est la premi\u00e8re start-up dans le monde \u00e0 permettre \u00e0 ses utilisateurs de cr\u00e9er leur propre muesli en choisissant parmi 80 ingr\u00e9dients.\r\n\r\nSoit le muesli Bircher, le muesli prot\u00e9in\u00e9 ou le muesli chocolat - 566 billions de combinaisons sont possibles, certifi\u00e9s Bio et le tout sans additifs, \u00e9videmment. Nous m\u00e9langeons votre propre muesli, frais et selon les plus hauts standards de qualit\u00e9 dans notre propre manufacture muesli.\r\n\r\nOu bien choisissez parmi nos 50 vari\u00e9t\u00e9s de muesli - de muesli \u00e9quilibre, muesli fruits \u00e0 votre propre cr\u00e9ation - il y en a pour tous les go\u00fbts et diff\u00e9rents besoins. Outre les mueslis Bio, vous trouverez \u00e9galement nos porridges Bio et notre marque de th\u00e9 Tree of Tea sur notre\u00a0boutique\u00a0en\u00a0ligne.\r\n\r\nComment tout a commenc\u00e9? L\u2019histoire de mymuesli a demarr\u00e9 en \u00e9t\u00e9 2005 \u00e0 l'occasion d'une excursion dans la nature bavaroise. Nous, trois coll\u00e8gues d\u2019\u00e9tudes, \u00e9tions en route pour un \u00e9tang de baignade pr\u00e8s de Passau en Basse-Bavi\u00e8re et avons capt\u00e9 un spot publicitaire sur les ondes allemandes. L\u00e0 o\u00f9 peu auraient pr\u00eat\u00e9 une oreille attentive \u00e0 une banale publicit\u00e9 pour du muesli, nos trois gar\u00e7ons se sont dit... \"On peut faire mieux\". Et c'est ainsi que d\u00e9marra l'aventure mymuesli!\r\n\r\nLes muesli devraient \u00eatre 100% Bio et avec autant d'ingr\u00e9dients r\u00e9gionaux que possible, sans ar\u00f4mes ni colorants artificiels ajout\u00e9s, avec le moins de sucre possible. Mais surtout, combinable individuellement.\r\n\r\nEn fait, \u00e0 ce moment-l\u00e0, une id\u00e9e unique; mais toutefois le muesli, avec ses diff\u00e9rents ingr\u00e9dients et ses variantes possibles, il s\u2019av\u00e8re que c\u2019est un produit de personnalisation de masse id\u00e9al. Cependant, aucun fabricant n'avait utilis\u00e9 ce potentiel auparavant.\r\n\r\nOn a trouv\u00e9 \u00e7a assez extraordinare. Mueslis avaient rempli et finalement toujours rempli les rayonnages dans les supermarch\u00e9s. Et jusqu'\u00e0 ce jour, nous n'avons trouv\u00e9 personne qui n'aime pas le muesli. Donc, nous \u00e9tions convaincus que c\u2019\u00e9tait un start-up qu\u2019il a fallu cr\u00e9er - et c'est ainsi que mymuesli est n\u00e9 en 2007.","link":"https:\/\/www.blackfridaydeals.ch\/fr\/shops\/mymuesli-fr\/","name":"mymuesli","slug":"mymuesli-fr","taxonomy":"dealstore","parent":0,"meta":[],"yoast_head":"<!-- This site is optimized with the Yoast SEO plugin v20.5 - https:\/\/yoast.com\/wordpress\/plugins\/seo\/ -->\n<title>mymuesli Black Friday 2026 | Toutes les promos<\/title>\n<meta name=\"description\" content=\"Black Friday mymuesli le 27 novembre 2026 \u2705 Aper\u00e7u de toutes les offres \u2705 Mise \u00e0 jour en temps r\u00e9el. \u00c9conomisez maintenant!\" \/>\n<meta name=\"robots\" content=\"index, follow, max-snippet:-1, max-image-preview:large, max-video-preview:-1\" \/>\n<link rel=\"canonical\" href=\"https:\/\/www.blackfridaydeals.ch\/fr\/shops\/mymuesli-fr\/\" \/>\n<meta property=\"og:locale\" content=\"fr_FR\" \/>\n<meta property=\"og:type\" content=\"article\" \/>\n<meta property=\"og:title\" content=\"mymuesli Black Friday 2026 | Toutes les promos\" \/>\n<meta property=\"og:description\" content=\"Black Friday mymuesli le 27 novembre 2026 \u2705 Aper\u00e7u de toutes les offres \u2705 Mise \u00e0 jour en temps r\u00e9el. \u00c9conomisez maintenant!\" \/>\n<meta property=\"og:url\" content=\"https:\/\/www.blackfridaydeals.ch\/fr\/shops\/mymuesli-fr\/\" \/>\n<meta property=\"og:site_name\" content=\"blackfridaydeals.ch\" \/>\n<meta property=\"og:image\" content=\"https:\/\/www.blackfridaydeals.ch\/wp-content\/uploads\/2025\/02\/Black-Friday-2025_2.png\" \/>\n\t<meta property=\"og:image:width\" content=\"1200\" \/>\n\t<meta property=\"og:image:height\" content=\"500\" \/>\n\t<meta property=\"og:image:type\" content=\"image\/png\" \/>\n<meta name=\"twitter:card\" content=\"summary_large_image\" \/>\n<meta name=\"twitter:site\" content=\"@blackfridaych\" \/>\n<script type=\"application\/ld+json\" class=\"yoast-schema-graph\">{\"@context\":\"https:\/\/schema.org\",\"@graph\":[{\"@type\":\"CollectionPage\",\"@id\":\"https:\/\/www.blackfridaydeals.ch\/fr\/shops\/mymuesli-fr\/\",\"url\":\"https:\/\/www.blackfridaydeals.ch\/fr\/shops\/mymuesli-fr\/\",\"name\":\"mymuesli Black Friday 2026 | Toutes les promos\",\"isPartOf\":{\"@id\":\"https:\/\/www.blackfridaydeals.ch\/fr\/#website\"},\"description\":\"Black Friday mymuesli le 27 novembre 2026 \u2705 Aper\u00e7u de toutes les offres \u2705 Mise \u00e0 jour en temps r\u00e9el. \u00c9conomisez maintenant!\",\"breadcrumb\":{\"@id\":\"https:\/\/www.blackfridaydeals.ch\/fr\/shops\/mymuesli-fr\/#breadcrumb\"},\"inLanguage\":\"fr-CH\"},{\"@type\":\"BreadcrumbList\",\"@id\":\"https:\/\/www.blackfridaydeals.ch\/fr\/shops\/mymuesli-fr\/#breadcrumb\",\"itemListElement\":[{\"@type\":\"ListItem\",\"position\":1,\"name\":\"Startseite\",\"item\":\"https:\/\/www.blackfridaydeals.ch\/fr\/\"},{\"@type\":\"ListItem\",\"position\":2,\"name\":\"mymuesli\"}]},{\"@type\":\"WebSite\",\"@id\":\"https:\/\/www.blackfridaydeals.ch\/fr\/#website\",\"url\":\"https:\/\/www.blackfridaydeals.ch\/fr\/\",\"name\":\"blackfridaydeals.ch\",\"description\":\"Toutes les offres du Black Friday 2025 en Suisse\",\"publisher\":{\"@id\":\"https:\/\/www.blackfridaydeals.ch\/fr\/#organization\"},\"alternateName\":\"Black Friday Deals\",\"potentialAction\":[{\"@type\":\"SearchAction\",\"target\":{\"@type\":\"EntryPoint\",\"urlTemplate\":\"https:\/\/www.blackfridaydeals.ch\/fr\/?s={search_term_string}\"},\"query-input\":\"required name=search_term_string\"}],\"inLanguage\":\"fr-CH\"},{\"@type\":\"Organization\",\"@id\":\"https:\/\/www.blackfridaydeals.ch\/fr\/#organization\",\"name\":\"blackfridaydeals.ch\",\"alternateName\":\"Black Friday Deals\",\"url\":\"https:\/\/www.blackfridaydeals.ch\/fr\/\",\"logo\":{\"@type\":\"ImageObject\",\"inLanguage\":\"fr-CH\",\"@id\":\"https:\/\/www.blackfridaydeals.ch\/fr\/#\/schema\/logo\/image\/\",\"url\":\"https:\/\/www.blackfridaydeals.ch\/wp-content\/uploads\/2023\/03\/app-icon-white-bg-jpg.jpg\",\"contentUrl\":\"https:\/\/www.blackfridaydeals.ch\/wp-content\/uploads\/2023\/03\/app-icon-white-bg-jpg.jpg\",\"width\":512,\"height\":512,\"caption\":\"blackfridaydeals.ch\"},\"image\":{\"@id\":\"https:\/\/www.blackfridaydeals.ch\/fr\/#\/schema\/logo\/image\/\"},\"sameAs\":[\"https:\/\/www.facebook.com\/blackfridaydealsch\/\",\"https:\/\/twitter.com\/blackfridaych\",\"https:\/\/www.youtube.com\/channel\/UCNKXHacMw8AS34mBgzVx3FQ\",\"https:\/\/www.instagram.com\/blackfridaydeals.ch\/\"]}]}<\/script>\n<!-- \/ Yoast SEO plugin. -->","yoast_head_json":{"title":"mymuesli Black Friday 2026 | Toutes les promos","description":"Black Friday mymuesli le 27 novembre 2026 \u2705 Aper\u00e7u de toutes les offres \u2705 Mise \u00e0 jour en temps r\u00e9el. \u00c9conomisez maintenant!","robots":{"index":"index","follow":"follow","max-snippet":"max-snippet:-1","max-image-preview":"max-image-preview:large","max-video-preview":"max-video-preview:-1"},"canonical":"https:\/\/www.blackfridaydeals.ch\/fr\/shops\/mymuesli-fr\/","og_locale":"fr_FR","og_type":"article","og_title":"mymuesli Black Friday 2026 | Toutes les promos","og_description":"Black Friday mymuesli le 27 novembre 2026 \u2705 Aper\u00e7u de toutes les offres \u2705 Mise \u00e0 jour en temps r\u00e9el. \u00c9conomisez maintenant!","og_url":"https:\/\/www.blackfridaydeals.ch\/fr\/shops\/mymuesli-fr\/","og_site_name":"blackfridaydeals.ch","og_image":[{"width":1200,"height":500,"url":"https:\/\/www.blackfridaydeals.ch\/wp-content\/uploads\/2025\/02\/Black-Friday-2025_2.png","type":"image\/png"}],"twitter_card":"summary_large_image","twitter_site":"@blackfridaych","schema":{"@context":"https:\/\/schema.org","@graph":[{"@type":"CollectionPage","@id":"https:\/\/www.blackfridaydeals.ch\/fr\/shops\/mymuesli-fr\/","url":"https:\/\/www.blackfridaydeals.ch\/fr\/shops\/mymuesli-fr\/","name":"mymuesli Black Friday 2026 | Toutes les promos","isPartOf":{"@id":"https:\/\/www.blackfridaydeals.ch\/fr\/#website"},"description":"Black Friday mymuesli le 27 novembre 2026 \u2705 Aper\u00e7u de toutes les offres \u2705 Mise \u00e0 jour en temps r\u00e9el. \u00c9conomisez maintenant!","breadcrumb":{"@id":"https:\/\/www.blackfridaydeals.ch\/fr\/shops\/mymuesli-fr\/#breadcrumb"},"inLanguage":"fr-CH"},{"@type":"BreadcrumbList","@id":"https:\/\/www.blackfridaydeals.ch\/fr\/shops\/mymuesli-fr\/#breadcrumb","itemListElement":[{"@type":"ListItem","position":1,"name":"Startseite","item":"https:\/\/www.blackfridaydeals.ch\/fr\/"},{"@type":"ListItem","position":2,"name":"mymuesli"}]},{"@type":"WebSite","@id":"https:\/\/www.blackfridaydeals.ch\/fr\/#website","url":"https:\/\/www.blackfridaydeals.ch\/fr\/","name":"blackfridaydeals.ch","description":"Toutes les offres du Black Friday 2025 en Suisse","publisher":{"@id":"https:\/\/www.blackfridaydeals.ch\/fr\/#organization"},"alternateName":"Black Friday Deals","potentialAction":[{"@type":"SearchAction","target":{"@type":"EntryPoint","urlTemplate":"https:\/\/www.blackfridaydeals.ch\/fr\/?s={search_term_string}"},"query-input":"required name=search_term_string"}],"inLanguage":"fr-CH"},{"@type":"Organization","@id":"https:\/\/www.blackfridaydeals.ch\/fr\/#organization","name":"blackfridaydeals.ch","alternateName":"Black Friday Deals","url":"https:\/\/www.blackfridaydeals.ch\/fr\/","logo":{"@type":"ImageObject","inLanguage":"fr-CH","@id":"https:\/\/www.blackfridaydeals.ch\/fr\/#\/schema\/logo\/image\/","url":"https:\/\/www.blackfridaydeals.ch\/wp-content\/uploads\/2023\/03\/app-icon-white-bg-jpg.jpg","contentUrl":"https:\/\/www.blackfridaydeals.ch\/wp-content\/uploads\/2023\/03\/app-icon-white-bg-jpg.jpg","width":512,"height":512,"caption":"blackfridaydeals.ch"},"image":{"@id":"https:\/\/www.blackfridaydeals.ch\/fr\/#\/schema\/logo\/image\/"},"sameAs":["https:\/\/www.facebook.com\/blackfridaydealsch\/","https:\/\/twitter.com\/blackfridaych","https:\/\/www.youtube.com\/channel\/UCNKXHacMw8AS34mBgzVx3FQ","https:\/\/www.instagram.com\/blackfridaydeals.ch\/"]}]}},"_links":{"self":[{"href":"https:\/\/www.blackfridaydeals.ch\/fr\/wp-json\/wp\/v2\/dealstore\/3179"}],"collection":[{"href":"https:\/\/www.blackfridaydeals.ch\/fr\/wp-json\/wp\/v2\/dealstore"}],"about":[{"href":"https:\/\/www.blackfridaydeals.ch\/fr\/wp-json\/wp\/v2\/taxonomies\/dealstore"}],"wp:post_type":[{"href":"https:\/\/www.blackfridaydeals.ch\/fr\/wp-json\/wp\/v2\/posts?dealstore=3179"}],"curies":[{"name":"wp","href":"https:\/\/api.w.org\/{rel}","templated":true}]}}