{"id":15930,"count":0,"description":"Ren\u00e9 Furterer, c\u2019est l\u2019adresse qu\u2019il vous faut si vous \u00eates \u00e0 la recherche de produits de soins capillaires, d\u2019autant que le choix est large et vari\u00e9. Vous \u00eates donc s\u00fbr de trouver ce qu\u2019il vous faut. La gamme comprend des produits d\u2019entretien ainsi que des produits coiffants et de soins pour diff\u00e9rentes occasions. Vous pouvez \u00e9galement fignoler vos recherches en les filtrant selon le type de cheveux afin d'obtenir exactement les produits appropri\u00e9s. Il est ainsi facile de rechercher des produits pr\u00e9cis pour des soins particuliers, par exemple pour les cheveux secs, les pellicules, la chute des cheveux ou pour un cuir chevelu sensible ou irrit\u00e9.\r\n\r\nMais dans tous les cas, il est toujours int\u00e9ressant de parcourir l\u2019assortiment de Ren\u00e9 Furterer, en particulier pendant les campagnes de r\u00e9duction sp\u00e9ciales, car vous pouvez conclure de bonnes affaires. Le Black Friday s\u2019y pr\u00eate merveilleusement. En outre, vous pouvez \u00e9ventuellement trouver ce que vous d\u00e9sirez au <a href=\"https:\/\/www.blackfridaydeals.ch\/fr\/cyber-monday\/\">Cyber Monday<\/a> ou au <a href=\"https:\/\/www.blackfridaydeals.ch\/fr\/singles-day\/\">Singles Day<\/a> [year].\r\n<h2><strong>Voici les offres que vous pouvez attendre de Ren\u00e9 Furterer pour le Black Friday [year]<\/strong><\/h2>\r\nUne <a href=\"https:\/\/www.blackfridaydeals.ch\/fr\/\">r\u00e9duction au Black Friday<\/a> peut vous faire gagner beaucoup d'argent si vous faites vos achats chez Ren\u00e9 Furterer pendant la p\u00e9riode de promotion. Il se peut que le magasin propose une large s\u00e9lection d'articles promotionnels \u00e0 prix r\u00e9duit, ou qu\u2019il offre une remise forfaitaire sur l'ensemble de la gamme. Mais quelle serait exactement la strat\u00e9gie de l'entreprise pour le <a href=\"https:\/\/www.blackfridaydeals.ch\/fr\/black-friday-2026\/\">Black Friday [year]<\/a>\u00a0?\r\n\r\nSi vous regardez de pr\u00e8s les offres d'autres entreprises du secteur, vous pouvez vous faire une id\u00e9e sur la strat\u00e9gie que Ren\u00e9 Furterer pourrait <img class=\"alignright size-medium wp-image-25419\" src=\"https:\/\/www.blackfridaydeals.ch\/wp-content\/uploads\/2020\/06\/13.-Ren\u00e9-Furterer-Black-Friday-300x84.jpg\" alt=\"\" width=\"300\" height=\"84\" \/>suivre. Des offres ont \u00e9t\u00e9 observ\u00e9es dans le pass\u00e9 dans des magasins comme <a href=\"https:\/\/www.blackfridaydeals.ch\/fr\/shops\/mcdrogerie-fr\/\">McDrogerie<\/a> et <a href=\"https:\/\/www.blackfridaydeals.ch\/fr\/shops\/perfecthair-fr\/\">PerfectHair.<\/a>\u00a0Il est donc fort probable que Ren\u00e9 Furterer propose \u00e9galement des r\u00e9ductions sp\u00e9ciales durant cet important \u00e9v\u00e9nement commercial. Voici une liste d'offres qui ont pu \u00eatre appliqu\u00e9es au cours des derni\u00e8res ann\u00e9es :\r\n<ul>\r\n \t<li>Bon de r\u00e9duction forfaitaire, par exemple de 25 CHF<\/li>\r\n \t<li>Jusqu'\u00e0 60\u00a0% de r\u00e9duction sur les produits s\u00e9lectionn\u00e9s<\/li>\r\n \t<li>20\u00a0% de r\u00e9duction sur l'ensemble de la gamme<\/li>\r\n<\/ul>\r\n<h2>Quelles sont les offres que Ren\u00e9 Furterer avait propos\u00e9es au Black Friday de ces derni\u00e8res ann\u00e9es\u00a0?<\/h2>\r\nD\u00e9j\u00e0, le fait de savoir que Ren\u00e9 Furterer avait particip\u00e9 au Black Friday dans le pass\u00e9 nous remplit d\u2019enthousiasme et d\u2019espoir. C\u2019est que cela permettrait aussi de se faire une id\u00e9e sur les offres que la boutique pourrait mettre en action cette ann\u00e9e. En plus, la participation semble plus probable d\u00e8s le d\u00e9part.\r\n\r\nAuparavant, la boutique offrait des \u00e9chantillons gratuits de divers produits de soins capillaires sous forme de coffret. Ainsi, sans avoir \u00e0 d\u00e9penser quoi que ce soit, vous pouvez vous faire une id\u00e9e sur ce que le magasin a \u00e0 offrir. Peut-\u00eatre y aura-t-il un autre produit gratuit dans les offres de Ren\u00e9 Furterer au Black Friday cette ann\u00e9e. Alors, ce qu\u2019il faut, c\u2019est rester vigilant.\r\n<h2>Autres questions sur le Black Friday et Ren\u00e9 Furterer<\/h2>\r\n<h3>Quelles autres promotions Ren\u00e9 Furterer pourrait-il proposer cette ann\u00e9e au Black Friday\u00a0?<\/h3>\r\nL'entreprise pourrait \u00e9galement s'inspirer des offres des autres fournisseurs du secteur au lieu de reprendre la strat\u00e9gie des ann\u00e9es pr\u00e9c\u00e9dentes. Ainsi, on peut trouver une remise forfaitaire sur l'ensemble de la gamme ou des remises individuelles et \u00e9lev\u00e9es sur une s\u00e9lection de produits.\r\n<h3>Le magasin avait-il propos\u00e9 des bons plans lors d'autres \u00e9v\u00e9nements commerciaux que le Black Friday\u00a0?<\/h3>\r\nMalheureusement, aucune offre de Ren\u00e9 Furterer directement li\u00e9e \u00e0 un autre \u00e9v\u00e9nement commercial autre que le Black Friday n'a pu \u00eatre d\u00e9cel\u00e9e jusqu'\u00e0 pr\u00e9sent. N\u00e9anmoins, il est possible que les premi\u00e8res promotions aient lieu cette ann\u00e9e. Par exemple, les remises au Black Friday pourraient se prolonger jusqu\u2019au Cyber Monday.\r\n<h3>Que pouvez-vous faire d'autres sur le site web de Ren\u00e9 Furterer en dehors du shopping\u00a0?<\/h3>\r\nLe site de la boutique propose une analyse qui vous permet de savoir quel type de cheveux vous avez en r\u00e9pondant \u00e0 quelques questions. De cette fa\u00e7on, vous pourrez ensuite d\u00e9cider du produit de soin adapt\u00e9 \u00e0 vos cheveux.\r\n<h3>Les produits Ren\u00e9 Furterer sont-ils uniquement disponibles dans la boutique en ligne\u00a0?<\/h3>\r\nL'entreprise dispose de plusieurs succursales en Europe, dont l'emplacement est indiqu\u00e9 sur le site web. De cette fa\u00e7on, vous pouvez \u00e9galement obtenir des conseils directement dans la succursale, si vous le souhaitez.","link":"https:\/\/www.blackfridaydeals.ch\/fr\/shops\/rene-furterer-fr\/","name":"Ren\u00e9 Furterer","slug":"rene-furterer-fr","taxonomy":"dealstore","parent":0,"meta":[],"yoast_head":"<!-- This site is optimized with the Yoast SEO plugin v20.5 - https:\/\/yoast.com\/wordpress\/plugins\/seo\/ -->\n<title>Ren\u00e9 Furterer Black Friday 2026 | Toutes les promos<\/title>\n<meta name=\"description\" content=\"Black Friday Ren\u00e9 Furterer le 27 novembre 2026 \u2705 Aper\u00e7u de toutes les offres \u2705 Mise \u00e0 jour en temps r\u00e9el. \u00c9conomisez maintenant!\" \/>\n<meta name=\"robots\" content=\"noindex, follow\" \/>\n<meta property=\"og:locale\" content=\"fr_FR\" \/>\n<meta property=\"og:type\" content=\"article\" \/>\n<meta property=\"og:title\" content=\"Ren\u00e9 Furterer Black Friday 2026 | Toutes les promos\" \/>\n<meta property=\"og:description\" content=\"Black Friday Ren\u00e9 Furterer le 27 novembre 2026 \u2705 Aper\u00e7u de toutes les offres \u2705 Mise \u00e0 jour en temps r\u00e9el. \u00c9conomisez maintenant!\" \/>\n<meta property=\"og:url\" content=\"https:\/\/www.blackfridaydeals.ch\/fr\/shops\/rene-furterer-fr\/\" \/>\n<meta property=\"og:site_name\" content=\"blackfridaydeals.ch\" \/>\n<meta property=\"og:image\" content=\"https:\/\/www.blackfridaydeals.ch\/wp-content\/uploads\/2025\/02\/Black-Friday-2025_2.png\" \/>\n\t<meta property=\"og:image:width\" content=\"1200\" \/>\n\t<meta property=\"og:image:height\" content=\"500\" \/>\n\t<meta property=\"og:image:type\" content=\"image\/png\" \/>\n<meta name=\"twitter:card\" content=\"summary_large_image\" \/>\n<meta name=\"twitter:site\" content=\"@blackfridaych\" \/>\n<script type=\"application\/ld+json\" class=\"yoast-schema-graph\">{\"@context\":\"https:\/\/schema.org\",\"@graph\":[{\"@type\":\"CollectionPage\",\"@id\":\"https:\/\/www.blackfridaydeals.ch\/fr\/shops\/rene-furterer-fr\/\",\"url\":\"https:\/\/www.blackfridaydeals.ch\/fr\/shops\/rene-furterer-fr\/\",\"name\":\"Ren\u00e9 Furterer Black Friday 2026 | Toutes les promos\",\"isPartOf\":{\"@id\":\"https:\/\/www.blackfridaydeals.ch\/fr\/#website\"},\"description\":\"Black Friday Ren\u00e9 Furterer le 27 novembre 2026 \u2705 Aper\u00e7u de toutes les offres \u2705 Mise \u00e0 jour en temps r\u00e9el. \u00c9conomisez maintenant!\",\"breadcrumb\":{\"@id\":\"https:\/\/www.blackfridaydeals.ch\/fr\/shops\/rene-furterer-fr\/#breadcrumb\"},\"inLanguage\":\"fr-CH\"},{\"@type\":\"BreadcrumbList\",\"@id\":\"https:\/\/www.blackfridaydeals.ch\/fr\/shops\/rene-furterer-fr\/#breadcrumb\",\"itemListElement\":[{\"@type\":\"ListItem\",\"position\":1,\"name\":\"Startseite\",\"item\":\"https:\/\/www.blackfridaydeals.ch\/fr\/\"},{\"@type\":\"ListItem\",\"position\":2,\"name\":\"Ren\u00e9 Furterer\"}]},{\"@type\":\"WebSite\",\"@id\":\"https:\/\/www.blackfridaydeals.ch\/fr\/#website\",\"url\":\"https:\/\/www.blackfridaydeals.ch\/fr\/\",\"name\":\"blackfridaydeals.ch\",\"description\":\"Toutes les offres du Black Friday 2025 en Suisse\",\"publisher\":{\"@id\":\"https:\/\/www.blackfridaydeals.ch\/fr\/#organization\"},\"alternateName\":\"Black Friday Deals\",\"potentialAction\":[{\"@type\":\"SearchAction\",\"target\":{\"@type\":\"EntryPoint\",\"urlTemplate\":\"https:\/\/www.blackfridaydeals.ch\/fr\/?s={search_term_string}\"},\"query-input\":\"required name=search_term_string\"}],\"inLanguage\":\"fr-CH\"},{\"@type\":\"Organization\",\"@id\":\"https:\/\/www.blackfridaydeals.ch\/fr\/#organization\",\"name\":\"blackfridaydeals.ch\",\"alternateName\":\"Black Friday Deals\",\"url\":\"https:\/\/www.blackfridaydeals.ch\/fr\/\",\"logo\":{\"@type\":\"ImageObject\",\"inLanguage\":\"fr-CH\",\"@id\":\"https:\/\/www.blackfridaydeals.ch\/fr\/#\/schema\/logo\/image\/\",\"url\":\"https:\/\/www.blackfridaydeals.ch\/wp-content\/uploads\/2023\/03\/app-icon-white-bg-jpg.jpg\",\"contentUrl\":\"https:\/\/www.blackfridaydeals.ch\/wp-content\/uploads\/2023\/03\/app-icon-white-bg-jpg.jpg\",\"width\":512,\"height\":512,\"caption\":\"blackfridaydeals.ch\"},\"image\":{\"@id\":\"https:\/\/www.blackfridaydeals.ch\/fr\/#\/schema\/logo\/image\/\"},\"sameAs\":[\"https:\/\/www.facebook.com\/blackfridaydealsch\/\",\"https:\/\/twitter.com\/blackfridaych\",\"https:\/\/www.youtube.com\/channel\/UCNKXHacMw8AS34mBgzVx3FQ\",\"https:\/\/www.instagram.com\/blackfridaydeals.ch\/\"]}]}<\/script>\n<!-- \/ Yoast SEO plugin. -->","yoast_head_json":{"title":"Ren\u00e9 Furterer Black Friday 2026 | Toutes les promos","description":"Black Friday Ren\u00e9 Furterer le 27 novembre 2026 \u2705 Aper\u00e7u de toutes les offres \u2705 Mise \u00e0 jour en temps r\u00e9el. \u00c9conomisez maintenant!","robots":{"index":"noindex","follow":"follow"},"og_locale":"fr_FR","og_type":"article","og_title":"Ren\u00e9 Furterer Black Friday 2026 | Toutes les promos","og_description":"Black Friday Ren\u00e9 Furterer le 27 novembre 2026 \u2705 Aper\u00e7u de toutes les offres \u2705 Mise \u00e0 jour en temps r\u00e9el. \u00c9conomisez maintenant!","og_url":"https:\/\/www.blackfridaydeals.ch\/fr\/shops\/rene-furterer-fr\/","og_site_name":"blackfridaydeals.ch","og_image":[{"width":1200,"height":500,"url":"https:\/\/www.blackfridaydeals.ch\/wp-content\/uploads\/2025\/02\/Black-Friday-2025_2.png","type":"image\/png"}],"twitter_card":"summary_large_image","twitter_site":"@blackfridaych","schema":{"@context":"https:\/\/schema.org","@graph":[{"@type":"CollectionPage","@id":"https:\/\/www.blackfridaydeals.ch\/fr\/shops\/rene-furterer-fr\/","url":"https:\/\/www.blackfridaydeals.ch\/fr\/shops\/rene-furterer-fr\/","name":"Ren\u00e9 Furterer Black Friday 2026 | Toutes les promos","isPartOf":{"@id":"https:\/\/www.blackfridaydeals.ch\/fr\/#website"},"description":"Black Friday Ren\u00e9 Furterer le 27 novembre 2026 \u2705 Aper\u00e7u de toutes les offres \u2705 Mise \u00e0 jour en temps r\u00e9el. \u00c9conomisez maintenant!","breadcrumb":{"@id":"https:\/\/www.blackfridaydeals.ch\/fr\/shops\/rene-furterer-fr\/#breadcrumb"},"inLanguage":"fr-CH"},{"@type":"BreadcrumbList","@id":"https:\/\/www.blackfridaydeals.ch\/fr\/shops\/rene-furterer-fr\/#breadcrumb","itemListElement":[{"@type":"ListItem","position":1,"name":"Startseite","item":"https:\/\/www.blackfridaydeals.ch\/fr\/"},{"@type":"ListItem","position":2,"name":"Ren\u00e9 Furterer"}]},{"@type":"WebSite","@id":"https:\/\/www.blackfridaydeals.ch\/fr\/#website","url":"https:\/\/www.blackfridaydeals.ch\/fr\/","name":"blackfridaydeals.ch","description":"Toutes les offres du Black Friday 2025 en Suisse","publisher":{"@id":"https:\/\/www.blackfridaydeals.ch\/fr\/#organization"},"alternateName":"Black Friday Deals","potentialAction":[{"@type":"SearchAction","target":{"@type":"EntryPoint","urlTemplate":"https:\/\/www.blackfridaydeals.ch\/fr\/?s={search_term_string}"},"query-input":"required name=search_term_string"}],"inLanguage":"fr-CH"},{"@type":"Organization","@id":"https:\/\/www.blackfridaydeals.ch\/fr\/#organization","name":"blackfridaydeals.ch","alternateName":"Black Friday Deals","url":"https:\/\/www.blackfridaydeals.ch\/fr\/","logo":{"@type":"ImageObject","inLanguage":"fr-CH","@id":"https:\/\/www.blackfridaydeals.ch\/fr\/#\/schema\/logo\/image\/","url":"https:\/\/www.blackfridaydeals.ch\/wp-content\/uploads\/2023\/03\/app-icon-white-bg-jpg.jpg","contentUrl":"https:\/\/www.blackfridaydeals.ch\/wp-content\/uploads\/2023\/03\/app-icon-white-bg-jpg.jpg","width":512,"height":512,"caption":"blackfridaydeals.ch"},"image":{"@id":"https:\/\/www.blackfridaydeals.ch\/fr\/#\/schema\/logo\/image\/"},"sameAs":["https:\/\/www.facebook.com\/blackfridaydealsch\/","https:\/\/twitter.com\/blackfridaych","https:\/\/www.youtube.com\/channel\/UCNKXHacMw8AS34mBgzVx3FQ","https:\/\/www.instagram.com\/blackfridaydeals.ch\/"]}]}},"_links":{"self":[{"href":"https:\/\/www.blackfridaydeals.ch\/fr\/wp-json\/wp\/v2\/dealstore\/15930"}],"collection":[{"href":"https:\/\/www.blackfridaydeals.ch\/fr\/wp-json\/wp\/v2\/dealstore"}],"about":[{"href":"https:\/\/www.blackfridaydeals.ch\/fr\/wp-json\/wp\/v2\/taxonomies\/dealstore"}],"wp:post_type":[{"href":"https:\/\/www.blackfridaydeals.ch\/fr\/wp-json\/wp\/v2\/posts?dealstore=15930"}],"curies":[{"name":"wp","href":"https:\/\/api.w.org\/{rel}","templated":true}]}}