{"id":15858,"count":0,"description":"JURA est traditionnellement une entreprise suisse d'appareils \u00e9lectrom\u00e9nagers. Ces derni\u00e8res ann\u00e9es, cependant, l'entreprise s'est sp\u00e9cialis\u00e9e dans les machines \u00e0 caf\u00e9, destin\u00e9es aussi bien aux particuliers qu\u2019aux entreprises. Bien \u00e9videmment, les machines sont \u00e9galement accompagn\u00e9es de produits d'entretien, d'accessoires, de caf\u00e9 et de vaisselle assortie pour un plaisir parfait et intense.\r\n<h2>Notre pr\u00e9diction\u00a0: C'est ainsi que JURA f\u00eatera le Black Friday [year]<\/h2>\r\n<a href=\"https:\/\/www.blackfridaydeals.ch\/wp-content\/uploads\/2020\/06\/Jura-Black-Friday.jpg\"><img class=\"alignright size-medium wp-image-25155\" src=\"https:\/\/www.blackfridaydeals.ch\/wp-content\/uploads\/2020\/06\/Jura-Black-Friday-300x200.jpg\" alt=\"\" width=\"300\" height=\"200\" \/><\/a>L'\u00e9v\u00e9nement est encore assez lointain et la direction n\u2019a communiqu\u00e9 aucune information sur ses intentions pour le moment, nous ne pouvons donc pas dire avec certitude si JURA participera au <a href=\"https:\/\/www.blackfridaydeals.ch\/fr\/black-friday-2026\/\">Black Friday [year]<\/a>. Mais tout reste envisageable, car l'industrie de l\u2019\u00e9lectrom\u00e9nager avait d\u00e9j\u00e0 d\u00e9couvert le festival du shopping par elle-m\u00eame ces derni\u00e8res ann\u00e9es. C'est \u00e9galement le cas aussi pour JURA, mais nous reviendrons plus en d\u00e9tail sur les offres pr\u00e9c\u00e9dentes de l\u2019entreprise.\r\n\r\nTout d'abord, il est important de relever que de nombreux magasins du secteur \u00e9lectronique ainsi que celui de l'\u00e9picerie fine c\u00e9l\u00e8brent le Black Friday [year] en r\u00e9duisant leurs prix. Vous pouvez faire des \u00e9conomies chez <a href=\"https:\/\/www.blackfridaydeals.ch\/fr\/shops\/nespresso-fr\/\">Nespresso<\/a> ou chez <a href=\"https:\/\/www.blackfridaydeals.ch\/fr\/shops\/la-semeuse-fr\/\">La Semeuse<\/a> ainsi que chez de nombreux d\u00e9taillants en produits \u00e9lectroniques, qui ont souvent quelques machines \u00e0 caf\u00e9 dans leur assortiment. Lorsque tant de concurrents de JURA participent \u00e0 l'\u00e9v\u00e9nement, il est presque in\u00e9vitable que le magasin r\u00e9agisse aussi et planifie \u00e9galement une action pour rester dans la course. Sinon, les clients se tourneront vers d'autres magasins ce jour-l\u00e0, et JURA verra son chiffre d\u2019affaires baisser.\r\n\r\nMais \u00e0 quoi pourrait ressembler concr\u00e8tement une offre de JURA au Black Friday [year]\u00a0? Nous voyons quelques sc\u00e9narios auxquels Jura pourrait recourir pour construire sa promotion. \u00c0 notre avis, le plus probable est toutefois une mini-vente o\u00f9 il y aurait des r\u00e9ductions sur quelques articles. JURA s\u00e9lectionnera en priorit\u00e9 des machines \u00e0 caf\u00e9, car elles sont au c\u0153ur de sa gamme. Toutefois, il pourrait \u00e9galement y proposer des accessoires et des produits d\u2019entretien, ainsi que du caf\u00e9. Une petite s\u00e9lection de 10 articles au maximum pourrait ainsi faire l'objet d'une r\u00e9duction significative pouvant atteindre au Black Friday [year], les 30\u00a0%. Nous pensons que les remises extr\u00eamement \u00e9lev\u00e9es, qui sont courantes dans l'industrie \u00e9lectronique, sont moins probables ici, car JURA insiste davantage sur la qualit\u00e9 que sur le prix.\r\n\r\nQuelle est l'alternative \u00e0 cette offre\u00a0? Nous estimons qu'un rabais g\u00e9n\u00e9ral sur tout est peu probable, car le rabais ne devrait \u00eatre fix\u00e9 tr\u00e8s \u00e9lev\u00e9 pour \u00e9viter que la promotion ne devienne trop ch\u00e8re pour l\u2019entreprise. Au Black Friday [year], JURA va donc attirer principalement des clients qui voulaient de toute fa\u00e7on y faire leurs achats. Les personnes qui n'ont pas les moyens de s'offrir ces machines ne seront gu\u00e8re convaincues par une remise de 5\u00a0%.\r\n<h2>Retour sur le dernier Black Friday chez JURA<\/h2>\r\nNous n'avons pas trouv\u00e9 en novembre dernier de promotions de JURA valables pour les Suisses. Aux \u00c9tats-Unis, cependant, la machine \u00e0 caf\u00e9 Z6 \u00e9tait disponible au prix de 2\u00a0959\u00a0$ au lieu de 3\u00a0699\u00a0$, soit avec une r\u00e9duction de 20\u00a0% sur une machine \u00e0 caf\u00e9 de haute qualit\u00e9 \u00e9quip\u00e9e d\u2019un \u00e9cran tactile, de multiples options pour des boissons d\u00e9licieuses et un syst\u00e8me de nettoyage automatique. Un bon d\u00e9but pour le <a href=\"https:\/\/www.blackfridaydeals.ch\/fr\/\">Black Friday<\/a> [year], nous pensons.","link":"https:\/\/www.blackfridaydeals.ch\/fr\/shops\/jura-fr\/","name":"JURA","slug":"jura-fr","taxonomy":"dealstore","parent":0,"meta":[],"yoast_head":"<!-- This site is optimized with the Yoast SEO plugin v20.5 - https:\/\/yoast.com\/wordpress\/plugins\/seo\/ -->\n<title>JURA Black Friday 2026 | Toutes les promos<\/title>\n<meta name=\"description\" content=\"Black Friday JURA le 27 novembre 2026 \u2705 Aper\u00e7u de toutes les offres \u2705 Mise \u00e0 jour en temps r\u00e9el. \u00c9conomisez maintenant!\" \/>\n<meta name=\"robots\" content=\"index, follow, max-snippet:-1, max-image-preview:large, max-video-preview:-1\" \/>\n<link rel=\"canonical\" href=\"https:\/\/www.blackfridaydeals.ch\/fr\/shops\/jura-fr\/\" \/>\n<meta property=\"og:locale\" content=\"fr_FR\" \/>\n<meta property=\"og:type\" content=\"article\" \/>\n<meta property=\"og:title\" content=\"JURA Black Friday 2026 | Toutes les promos\" \/>\n<meta property=\"og:description\" content=\"Black Friday JURA le 27 novembre 2026 \u2705 Aper\u00e7u de toutes les offres \u2705 Mise \u00e0 jour en temps r\u00e9el. \u00c9conomisez maintenant!\" \/>\n<meta property=\"og:url\" content=\"https:\/\/www.blackfridaydeals.ch\/fr\/shops\/jura-fr\/\" \/>\n<meta property=\"og:site_name\" content=\"blackfridaydeals.ch\" \/>\n<meta property=\"og:image\" content=\"https:\/\/www.blackfridaydeals.ch\/wp-content\/uploads\/2020\/06\/Jura-Black-Friday-300x200.jpg\" \/>\n<meta name=\"twitter:card\" content=\"summary_large_image\" \/>\n<meta name=\"twitter:site\" content=\"@blackfridaych\" \/>\n<script type=\"application\/ld+json\" class=\"yoast-schema-graph\">{\"@context\":\"https:\/\/schema.org\",\"@graph\":[{\"@type\":\"CollectionPage\",\"@id\":\"https:\/\/www.blackfridaydeals.ch\/fr\/shops\/jura-fr\/\",\"url\":\"https:\/\/www.blackfridaydeals.ch\/fr\/shops\/jura-fr\/\",\"name\":\"JURA Black Friday 2026 | Toutes les promos\",\"isPartOf\":{\"@id\":\"https:\/\/www.blackfridaydeals.ch\/fr\/#website\"},\"description\":\"Black Friday JURA le 27 novembre 2026 \u2705 Aper\u00e7u de toutes les offres \u2705 Mise \u00e0 jour en temps r\u00e9el. \u00c9conomisez maintenant!\",\"breadcrumb\":{\"@id\":\"https:\/\/www.blackfridaydeals.ch\/fr\/shops\/jura-fr\/#breadcrumb\"},\"inLanguage\":\"fr-CH\"},{\"@type\":\"BreadcrumbList\",\"@id\":\"https:\/\/www.blackfridaydeals.ch\/fr\/shops\/jura-fr\/#breadcrumb\",\"itemListElement\":[{\"@type\":\"ListItem\",\"position\":1,\"name\":\"Startseite\",\"item\":\"https:\/\/www.blackfridaydeals.ch\/fr\/\"},{\"@type\":\"ListItem\",\"position\":2,\"name\":\"JURA\"}]},{\"@type\":\"WebSite\",\"@id\":\"https:\/\/www.blackfridaydeals.ch\/fr\/#website\",\"url\":\"https:\/\/www.blackfridaydeals.ch\/fr\/\",\"name\":\"blackfridaydeals.ch\",\"description\":\"Toutes les offres du Black Friday 2025 en Suisse\",\"publisher\":{\"@id\":\"https:\/\/www.blackfridaydeals.ch\/fr\/#organization\"},\"alternateName\":\"Black Friday Deals\",\"potentialAction\":[{\"@type\":\"SearchAction\",\"target\":{\"@type\":\"EntryPoint\",\"urlTemplate\":\"https:\/\/www.blackfridaydeals.ch\/fr\/?s={search_term_string}\"},\"query-input\":\"required name=search_term_string\"}],\"inLanguage\":\"fr-CH\"},{\"@type\":\"Organization\",\"@id\":\"https:\/\/www.blackfridaydeals.ch\/fr\/#organization\",\"name\":\"blackfridaydeals.ch\",\"alternateName\":\"Black Friday Deals\",\"url\":\"https:\/\/www.blackfridaydeals.ch\/fr\/\",\"logo\":{\"@type\":\"ImageObject\",\"inLanguage\":\"fr-CH\",\"@id\":\"https:\/\/www.blackfridaydeals.ch\/fr\/#\/schema\/logo\/image\/\",\"url\":\"https:\/\/www.blackfridaydeals.ch\/wp-content\/uploads\/2023\/03\/app-icon-white-bg-jpg.jpg\",\"contentUrl\":\"https:\/\/www.blackfridaydeals.ch\/wp-content\/uploads\/2023\/03\/app-icon-white-bg-jpg.jpg\",\"width\":512,\"height\":512,\"caption\":\"blackfridaydeals.ch\"},\"image\":{\"@id\":\"https:\/\/www.blackfridaydeals.ch\/fr\/#\/schema\/logo\/image\/\"},\"sameAs\":[\"https:\/\/www.facebook.com\/blackfridaydealsch\/\",\"https:\/\/twitter.com\/blackfridaych\",\"https:\/\/www.youtube.com\/channel\/UCNKXHacMw8AS34mBgzVx3FQ\",\"https:\/\/www.instagram.com\/blackfridaydeals.ch\/\"]}]}<\/script>\n<!-- \/ Yoast SEO plugin. -->","yoast_head_json":{"title":"JURA Black Friday 2026 | Toutes les promos","description":"Black Friday JURA le 27 novembre 2026 \u2705 Aper\u00e7u de toutes les offres \u2705 Mise \u00e0 jour en temps r\u00e9el. \u00c9conomisez maintenant!","robots":{"index":"index","follow":"follow","max-snippet":"max-snippet:-1","max-image-preview":"max-image-preview:large","max-video-preview":"max-video-preview:-1"},"canonical":"https:\/\/www.blackfridaydeals.ch\/fr\/shops\/jura-fr\/","og_locale":"fr_FR","og_type":"article","og_title":"JURA Black Friday 2026 | Toutes les promos","og_description":"Black Friday JURA le 27 novembre 2026 \u2705 Aper\u00e7u de toutes les offres \u2705 Mise \u00e0 jour en temps r\u00e9el. \u00c9conomisez maintenant!","og_url":"https:\/\/www.blackfridaydeals.ch\/fr\/shops\/jura-fr\/","og_site_name":"blackfridaydeals.ch","og_image":[{"url":"https:\/\/www.blackfridaydeals.ch\/wp-content\/uploads\/2020\/06\/Jura-Black-Friday-300x200.jpg"}],"twitter_card":"summary_large_image","twitter_site":"@blackfridaych","schema":{"@context":"https:\/\/schema.org","@graph":[{"@type":"CollectionPage","@id":"https:\/\/www.blackfridaydeals.ch\/fr\/shops\/jura-fr\/","url":"https:\/\/www.blackfridaydeals.ch\/fr\/shops\/jura-fr\/","name":"JURA Black Friday 2026 | Toutes les promos","isPartOf":{"@id":"https:\/\/www.blackfridaydeals.ch\/fr\/#website"},"description":"Black Friday JURA le 27 novembre 2026 \u2705 Aper\u00e7u de toutes les offres \u2705 Mise \u00e0 jour en temps r\u00e9el. \u00c9conomisez maintenant!","breadcrumb":{"@id":"https:\/\/www.blackfridaydeals.ch\/fr\/shops\/jura-fr\/#breadcrumb"},"inLanguage":"fr-CH"},{"@type":"BreadcrumbList","@id":"https:\/\/www.blackfridaydeals.ch\/fr\/shops\/jura-fr\/#breadcrumb","itemListElement":[{"@type":"ListItem","position":1,"name":"Startseite","item":"https:\/\/www.blackfridaydeals.ch\/fr\/"},{"@type":"ListItem","position":2,"name":"JURA"}]},{"@type":"WebSite","@id":"https:\/\/www.blackfridaydeals.ch\/fr\/#website","url":"https:\/\/www.blackfridaydeals.ch\/fr\/","name":"blackfridaydeals.ch","description":"Toutes les offres du Black Friday 2025 en Suisse","publisher":{"@id":"https:\/\/www.blackfridaydeals.ch\/fr\/#organization"},"alternateName":"Black Friday Deals","potentialAction":[{"@type":"SearchAction","target":{"@type":"EntryPoint","urlTemplate":"https:\/\/www.blackfridaydeals.ch\/fr\/?s={search_term_string}"},"query-input":"required name=search_term_string"}],"inLanguage":"fr-CH"},{"@type":"Organization","@id":"https:\/\/www.blackfridaydeals.ch\/fr\/#organization","name":"blackfridaydeals.ch","alternateName":"Black Friday Deals","url":"https:\/\/www.blackfridaydeals.ch\/fr\/","logo":{"@type":"ImageObject","inLanguage":"fr-CH","@id":"https:\/\/www.blackfridaydeals.ch\/fr\/#\/schema\/logo\/image\/","url":"https:\/\/www.blackfridaydeals.ch\/wp-content\/uploads\/2023\/03\/app-icon-white-bg-jpg.jpg","contentUrl":"https:\/\/www.blackfridaydeals.ch\/wp-content\/uploads\/2023\/03\/app-icon-white-bg-jpg.jpg","width":512,"height":512,"caption":"blackfridaydeals.ch"},"image":{"@id":"https:\/\/www.blackfridaydeals.ch\/fr\/#\/schema\/logo\/image\/"},"sameAs":["https:\/\/www.facebook.com\/blackfridaydealsch\/","https:\/\/twitter.com\/blackfridaych","https:\/\/www.youtube.com\/channel\/UCNKXHacMw8AS34mBgzVx3FQ","https:\/\/www.instagram.com\/blackfridaydeals.ch\/"]}]}},"_links":{"self":[{"href":"https:\/\/www.blackfridaydeals.ch\/fr\/wp-json\/wp\/v2\/dealstore\/15858"}],"collection":[{"href":"https:\/\/www.blackfridaydeals.ch\/fr\/wp-json\/wp\/v2\/dealstore"}],"about":[{"href":"https:\/\/www.blackfridaydeals.ch\/fr\/wp-json\/wp\/v2\/taxonomies\/dealstore"}],"wp:post_type":[{"href":"https:\/\/www.blackfridaydeals.ch\/fr\/wp-json\/wp\/v2\/posts?dealstore=15858"}],"curies":[{"name":"wp","href":"https:\/\/api.w.org\/{rel}","templated":true}]}}