{"id":15855,"count":1,"description":"Iberia est une compagnie a\u00e9rienne espagnole qui propose des vols vers de nombreux endroits en Europe, en Afrique et en Am\u00e9rique. La plupart des destinations se situent en Espagne et au Portugal, mais vous pouvez \u00e9galement vous rendre \u00e0 Marrakech, Miami, Montevideo ou au Mexique et bien d'autres destinations encore. Vous pouvez \u00e9galement r\u00e9server des voitures de location et des h\u00f4tels avec Iberia.\r\n<h2>Notre diagnostic\u00a0: Comment \u00e9conomiser avec Iberia au Black Friday [year]<\/h2>\r\n<a href=\"https:\/\/www.blackfridaydeals.ch\/wp-content\/uploads\/2020\/06\/Iberia-Black-Friday.jpg\"><img class=\"alignright size-medium wp-image-25137\" src=\"https:\/\/www.blackfridaydeals.ch\/wp-content\/uploads\/2020\/06\/Iberia-Black-Friday-300x200.jpg\" alt=\"\" width=\"300\" height=\"200\" \/><\/a>Tout reste pour le moment assez secret et nous ne savons pas donc si Iberia va programmer de bons plans au <a href=\"https:\/\/www.blackfridaydeals.ch\/fr\/black-friday-2026\/\">Black Friday [year]<\/a>. Mais comme nous connaissons comment fonctionne l\u2019industrie des voyages, cela nous a aid\u00e9 \u00e0 \u00e9mettre quelques id\u00e9es sur la mani\u00e8re que la compagnie pourrait adopter pour c\u00e9l\u00e9brer le <a href=\"https:\/\/www.blackfridaydeals.ch\/fr\/\">Black Friday<\/a> [year]. Nous pensons donc qu'Iberia va pr\u00e9parer une offre pour l'occasion. Et nous en avons m\u00eame imagin\u00e9 quelques sc\u00e9narios.\r\n\r\nL\u2019action la plus probable \u00e0 nos yeux est une vente flash, gr\u00e2ce \u00e0 laquelle Iberia s\u00e9lectionnera des destinations individuelles pour r\u00e9duire le prix des vols vers ses lieux. La p\u00e9riode de voyage est g\u00e9n\u00e9ralement limit\u00e9e, si bien que les offres bon march\u00e9 ne sont disponibles que durant la basse saison. Toutefois, si vous d\u00e9cidez de voyager durant cette p\u00e9riode, vous b\u00e9n\u00e9ficierez de fortes r\u00e9ductions - il n'est pas rare que les compagnies a\u00e9riennes offrent des r\u00e9ductions allant jusqu'\u00e0 50\u00a0% au Black Friday. Avec Iberia, les destinations les plus probables sont l'Espagne et le Portugal, mais aussi l'Am\u00e9rique du Sud et l\u2019Am\u00e9rique du Nord.\r\n\r\nIl n'y a que quelques alternatives qui nous semblent r\u00e9alisables. Il serait possible, par exemple, de faire une offre qui ne profite pas aux clients, mais qui soit profitable \u00e0 l'environnement. De nombreuses personnes choisiraient probablement Iberia plut\u00f4t que l'un de ses concurrents, si la compagnie a\u00e9rienne compensait les \u00e9missions de CO2 pour chaque billet r\u00e9serv\u00e9. Il s'agirait d'une promotion innovante pour les compagnies a\u00e9riennes au Black Friday [year], mais des offres similaires dans d'autres secteurs ont d\u00e9j\u00e0 passionn\u00e9 les clients.\r\n<h2>O\u00f9 voyager avec Iberia\u00a0?<\/h2>\r\nComme d\u00e9crit ci-dessus, les vols d'Iberia sont principalement orient\u00e9s vers l'Espagne et le Portugal, ainsi que vers l'Afrique, l'Am\u00e9rique du Nord, centrale et du Sud. Mais l'offre ne s'arr\u00eate pas l\u00e0, car Iberia coop\u00e8re avec d'autres compagnies a\u00e9riennes pour permettre \u00e0 ses clients de voyager dans le monde entier. Les partenaires d'Iberia sont Finnair, British Airways et Am\u00e9ricain Airlines. Ainsi, au Black Friday [year], vous pourrez tr\u00e8s probablement r\u00e9server des vols bon march\u00e9 de la Scandinavie aux \u00c9tats-Unis et vers toutes les destinations en Asie et en Oc\u00e9anie, qui seront assur\u00e9es par <a href=\"https:\/\/www.blackfridaydeals.ch\/fr\/shops\/swiss-fr\/\">SWISS<\/a>.\r\n<h2>Offres pr\u00e9c\u00e9dentes d\u2019Iberia au Black Friday<\/h2>\r\nIberia n'est pas \u00e9trang\u00e8re au Black Friday. En 2016, la compagnie avait lanc\u00e9 une bonne affaire destin\u00e9e \u00e0 tous les clients de la classe affaires, cela se traduisait par une r\u00e9duction de 25\u00a0% sur les billets. L'offre \u00e9tait valable pour toutes les destinations et sans exception jusqu'au 15\u00a0juin de l'ann\u00e9e suivante. Il s'agit bien d'une affaire sensationnelle, si vous voyagez souvent en classe affaires.\r\n\r\nEn\u00a02018 et\u00a02019, en revanche, Iberia avait organis\u00e9 une mini-solde, que d\u2019autres compagnies a\u00e9riennes adoptaient \u00e0 l\u2019instar de SWISS. Des vols vers de nombreuses destinations ont pu \u00eatre offerts \u00e0 des prix fortement r\u00e9duits pendant quelques jours. De Madrid \u00e0 New York, par exemple, c\u2019est \u00e0 partir de 114\u00a0\u20ac par place. Au <a href=\"https:\/\/www.blackfridaydeals.ch\/fr\/cyber-monday\/\">Cyber Monday<\/a>, les combinaisons vol et h\u00f4tel ou vol et voiture de location ont \u00e9galement b\u00e9n\u00e9fici\u00e9 de r\u00e9ductions allant jusqu'\u00e0 40\u00a0%.","link":"https:\/\/www.blackfridaydeals.ch\/fr\/shops\/iberia-fr\/","name":"Iberia","slug":"iberia-fr","taxonomy":"dealstore","parent":0,"meta":[],"yoast_head":"<!-- This site is optimized with the Yoast SEO plugin v20.5 - https:\/\/yoast.com\/wordpress\/plugins\/seo\/ -->\n<title>Iberia Black Friday 2026 | Toutes les promos<\/title>\n<meta name=\"description\" content=\"Black Friday Iberia le 27 novembre 2026 \u2705 Aper\u00e7u de toutes les offres \u2705 Mise \u00e0 jour en temps r\u00e9el. \u00c9conomisez maintenant!\" \/>\n<meta name=\"robots\" content=\"index, follow, max-snippet:-1, max-image-preview:large, max-video-preview:-1\" \/>\n<link rel=\"canonical\" href=\"https:\/\/www.blackfridaydeals.ch\/fr\/shops\/iberia-fr\/\" \/>\n<meta property=\"og:locale\" content=\"fr_FR\" \/>\n<meta property=\"og:type\" content=\"article\" \/>\n<meta property=\"og:title\" content=\"Iberia Black Friday 2026 | Toutes les promos\" \/>\n<meta property=\"og:description\" content=\"Black Friday Iberia le 27 novembre 2026 \u2705 Aper\u00e7u de toutes les offres \u2705 Mise \u00e0 jour en temps r\u00e9el. \u00c9conomisez maintenant!\" \/>\n<meta property=\"og:url\" content=\"https:\/\/www.blackfridaydeals.ch\/fr\/shops\/iberia-fr\/\" \/>\n<meta property=\"og:site_name\" content=\"blackfridaydeals.ch\" \/>\n<meta property=\"og:image\" content=\"https:\/\/www.blackfridaydeals.ch\/wp-content\/uploads\/2020\/06\/Iberia-Black-Friday-300x200.jpg\" \/>\n<meta name=\"twitter:card\" content=\"summary_large_image\" \/>\n<meta name=\"twitter:site\" content=\"@blackfridaych\" \/>\n<script type=\"application\/ld+json\" class=\"yoast-schema-graph\">{\"@context\":\"https:\/\/schema.org\",\"@graph\":[{\"@type\":\"CollectionPage\",\"@id\":\"https:\/\/www.blackfridaydeals.ch\/fr\/shops\/iberia-fr\/\",\"url\":\"https:\/\/www.blackfridaydeals.ch\/fr\/shops\/iberia-fr\/\",\"name\":\"Iberia Black Friday 2026 | Toutes les promos\",\"isPartOf\":{\"@id\":\"https:\/\/www.blackfridaydeals.ch\/fr\/#website\"},\"description\":\"Black Friday Iberia le 27 novembre 2026 \u2705 Aper\u00e7u de toutes les offres \u2705 Mise \u00e0 jour en temps r\u00e9el. \u00c9conomisez maintenant!\",\"breadcrumb\":{\"@id\":\"https:\/\/www.blackfridaydeals.ch\/fr\/shops\/iberia-fr\/#breadcrumb\"},\"inLanguage\":\"fr-CH\"},{\"@type\":\"BreadcrumbList\",\"@id\":\"https:\/\/www.blackfridaydeals.ch\/fr\/shops\/iberia-fr\/#breadcrumb\",\"itemListElement\":[{\"@type\":\"ListItem\",\"position\":1,\"name\":\"Startseite\",\"item\":\"https:\/\/www.blackfridaydeals.ch\/fr\/\"},{\"@type\":\"ListItem\",\"position\":2,\"name\":\"Iberia\"}]},{\"@type\":\"WebSite\",\"@id\":\"https:\/\/www.blackfridaydeals.ch\/fr\/#website\",\"url\":\"https:\/\/www.blackfridaydeals.ch\/fr\/\",\"name\":\"blackfridaydeals.ch\",\"description\":\"Toutes les offres du Black Friday 2025 en Suisse\",\"publisher\":{\"@id\":\"https:\/\/www.blackfridaydeals.ch\/fr\/#organization\"},\"alternateName\":\"Black Friday Deals\",\"potentialAction\":[{\"@type\":\"SearchAction\",\"target\":{\"@type\":\"EntryPoint\",\"urlTemplate\":\"https:\/\/www.blackfridaydeals.ch\/fr\/?s={search_term_string}\"},\"query-input\":\"required name=search_term_string\"}],\"inLanguage\":\"fr-CH\"},{\"@type\":\"Organization\",\"@id\":\"https:\/\/www.blackfridaydeals.ch\/fr\/#organization\",\"name\":\"blackfridaydeals.ch\",\"alternateName\":\"Black Friday Deals\",\"url\":\"https:\/\/www.blackfridaydeals.ch\/fr\/\",\"logo\":{\"@type\":\"ImageObject\",\"inLanguage\":\"fr-CH\",\"@id\":\"https:\/\/www.blackfridaydeals.ch\/fr\/#\/schema\/logo\/image\/\",\"url\":\"https:\/\/www.blackfridaydeals.ch\/wp-content\/uploads\/2023\/03\/app-icon-white-bg-jpg.jpg\",\"contentUrl\":\"https:\/\/www.blackfridaydeals.ch\/wp-content\/uploads\/2023\/03\/app-icon-white-bg-jpg.jpg\",\"width\":512,\"height\":512,\"caption\":\"blackfridaydeals.ch\"},\"image\":{\"@id\":\"https:\/\/www.blackfridaydeals.ch\/fr\/#\/schema\/logo\/image\/\"},\"sameAs\":[\"https:\/\/www.facebook.com\/blackfridaydealsch\/\",\"https:\/\/twitter.com\/blackfridaych\",\"https:\/\/www.youtube.com\/channel\/UCNKXHacMw8AS34mBgzVx3FQ\",\"https:\/\/www.instagram.com\/blackfridaydeals.ch\/\"]}]}<\/script>\n<!-- \/ Yoast SEO plugin. -->","yoast_head_json":{"title":"Iberia Black Friday 2026 | Toutes les promos","description":"Black Friday Iberia le 27 novembre 2026 \u2705 Aper\u00e7u de toutes les offres \u2705 Mise \u00e0 jour en temps r\u00e9el. \u00c9conomisez maintenant!","robots":{"index":"index","follow":"follow","max-snippet":"max-snippet:-1","max-image-preview":"max-image-preview:large","max-video-preview":"max-video-preview:-1"},"canonical":"https:\/\/www.blackfridaydeals.ch\/fr\/shops\/iberia-fr\/","og_locale":"fr_FR","og_type":"article","og_title":"Iberia Black Friday 2026 | Toutes les promos","og_description":"Black Friday Iberia le 27 novembre 2026 \u2705 Aper\u00e7u de toutes les offres \u2705 Mise \u00e0 jour en temps r\u00e9el. \u00c9conomisez maintenant!","og_url":"https:\/\/www.blackfridaydeals.ch\/fr\/shops\/iberia-fr\/","og_site_name":"blackfridaydeals.ch","og_image":[{"url":"https:\/\/www.blackfridaydeals.ch\/wp-content\/uploads\/2020\/06\/Iberia-Black-Friday-300x200.jpg"}],"twitter_card":"summary_large_image","twitter_site":"@blackfridaych","schema":{"@context":"https:\/\/schema.org","@graph":[{"@type":"CollectionPage","@id":"https:\/\/www.blackfridaydeals.ch\/fr\/shops\/iberia-fr\/","url":"https:\/\/www.blackfridaydeals.ch\/fr\/shops\/iberia-fr\/","name":"Iberia Black Friday 2026 | Toutes les promos","isPartOf":{"@id":"https:\/\/www.blackfridaydeals.ch\/fr\/#website"},"description":"Black Friday Iberia le 27 novembre 2026 \u2705 Aper\u00e7u de toutes les offres \u2705 Mise \u00e0 jour en temps r\u00e9el. \u00c9conomisez maintenant!","breadcrumb":{"@id":"https:\/\/www.blackfridaydeals.ch\/fr\/shops\/iberia-fr\/#breadcrumb"},"inLanguage":"fr-CH"},{"@type":"BreadcrumbList","@id":"https:\/\/www.blackfridaydeals.ch\/fr\/shops\/iberia-fr\/#breadcrumb","itemListElement":[{"@type":"ListItem","position":1,"name":"Startseite","item":"https:\/\/www.blackfridaydeals.ch\/fr\/"},{"@type":"ListItem","position":2,"name":"Iberia"}]},{"@type":"WebSite","@id":"https:\/\/www.blackfridaydeals.ch\/fr\/#website","url":"https:\/\/www.blackfridaydeals.ch\/fr\/","name":"blackfridaydeals.ch","description":"Toutes les offres du Black Friday 2025 en Suisse","publisher":{"@id":"https:\/\/www.blackfridaydeals.ch\/fr\/#organization"},"alternateName":"Black Friday Deals","potentialAction":[{"@type":"SearchAction","target":{"@type":"EntryPoint","urlTemplate":"https:\/\/www.blackfridaydeals.ch\/fr\/?s={search_term_string}"},"query-input":"required name=search_term_string"}],"inLanguage":"fr-CH"},{"@type":"Organization","@id":"https:\/\/www.blackfridaydeals.ch\/fr\/#organization","name":"blackfridaydeals.ch","alternateName":"Black Friday Deals","url":"https:\/\/www.blackfridaydeals.ch\/fr\/","logo":{"@type":"ImageObject","inLanguage":"fr-CH","@id":"https:\/\/www.blackfridaydeals.ch\/fr\/#\/schema\/logo\/image\/","url":"https:\/\/www.blackfridaydeals.ch\/wp-content\/uploads\/2023\/03\/app-icon-white-bg-jpg.jpg","contentUrl":"https:\/\/www.blackfridaydeals.ch\/wp-content\/uploads\/2023\/03\/app-icon-white-bg-jpg.jpg","width":512,"height":512,"caption":"blackfridaydeals.ch"},"image":{"@id":"https:\/\/www.blackfridaydeals.ch\/fr\/#\/schema\/logo\/image\/"},"sameAs":["https:\/\/www.facebook.com\/blackfridaydealsch\/","https:\/\/twitter.com\/blackfridaych","https:\/\/www.youtube.com\/channel\/UCNKXHacMw8AS34mBgzVx3FQ","https:\/\/www.instagram.com\/blackfridaydeals.ch\/"]}]}},"_links":{"self":[{"href":"https:\/\/www.blackfridaydeals.ch\/fr\/wp-json\/wp\/v2\/dealstore\/15855"}],"collection":[{"href":"https:\/\/www.blackfridaydeals.ch\/fr\/wp-json\/wp\/v2\/dealstore"}],"about":[{"href":"https:\/\/www.blackfridaydeals.ch\/fr\/wp-json\/wp\/v2\/taxonomies\/dealstore"}],"wp:post_type":[{"href":"https:\/\/www.blackfridaydeals.ch\/fr\/wp-json\/wp\/v2\/posts?dealstore=15855"}],"curies":[{"name":"wp","href":"https:\/\/api.w.org\/{rel}","templated":true}]}}