{"id":15785,"count":1,"description":"Avec DeinDesign, de nombreux Suisses peuvent cr\u00e9er chaque ann\u00e9e des \u00e9tuis et housses pour leurs t\u00e9l\u00e9phones portables, tablettes, ordinateurs portables et autres appareils. Ici, le choix rec\u00e8le une large vari\u00e9t\u00e9 de motifs populaires, des paysages propres \u00e0 Disney. Toutefois, de nombreux clients optent pour une impression personnalis\u00e9e, ce qui fait des \u00e9tuis et housses un cadeau personnalis\u00e9 sp\u00e9cialement imagin\u00e9 pour leurs proches.\r\n<h2>Notre diagnostic\u00a0: C'est ainsi que DeinDesign c\u00e9l\u00e9brera le Black Friday [year]<\/h2>\r\n<a href=\"https:\/\/www.blackfridaydeals.ch\/wp-content\/uploads\/2020\/05\/DeinDesign-Black-Friday.jpg\"><img class=\"alignright size-medium wp-image-24874\" src=\"https:\/\/www.blackfridaydeals.ch\/wp-content\/uploads\/2020\/05\/DeinDesign-Black-Friday-300x157.jpg\" alt=\"\" width=\"300\" height=\"157\" \/><\/a>Nous pensons qu'il est tr\u00e8s probable que DeinDesign pr\u00e9pare une promotion pour le <a href=\"https:\/\/www.blackfridaydeals.ch\/fr\/black-friday-2026\/\">Black Friday [year]<\/a>. Donc, si vous envisagez d'offrir une pochette avec une photo souvenir, vous pouvez pousser un soupir de soulagement\u00a0: elle sera tr\u00e8s probablement disponible ici \u00e0 un prix r\u00e9duit.\r\n\r\nToutefois, ce qui nous int\u00e9resse au plus haut niveau, c\u2019est le montant de la remise. \u00c0 nos yeux, DeinDesign aura deux possibilit\u00e9s pour cr\u00e9er une bonne affaire, soit, il proposera\u00a0:\r\n<ul>\r\n \t<li>Une remise forfaitaire sur l'ensemble de la gamme de produits<\/li>\r\n \t<li>Ou alors, il r\u00e9duira sp\u00e9cifiquement les housses et \u00e9tuis que vous avez con\u00e7us vous-m\u00eame<\/li>\r\n<\/ul>\r\nPour un rabais forfaitaire sur tout, DeinDesign doit choisir <a href=\"https:\/\/www.blackfridaydeals.ch\/fr\/\">un rabais raisonnable pour le Black Friday<\/a> afin que la promotion ne devienne pas trop co\u00fbteuse. Nous supposons que vous pourrez \u00e9conomiser un maximum de 20 % de cette mani\u00e8re. Mais ce n'est pas grave du tout, car cette remise appara\u00eet clairement sur la facture. En outre, chaque client peut en b\u00e9n\u00e9ficier, de sorte que personne ne partira les mains vides. Par cons\u00e9quent, cette action de DeinDesign conduira certainement \u00e0 un succ\u00e8s au Black Friday [year].\r\n\r\nMais, le magasin pourra opter pour une remise sur une partie de l'assortiment, qui sera dans ce cas, plus consistante. Il est probable que DeinDesign choisirait les housses que l\u2019entreprise a elle-m\u00eame con\u00e7ues, car elles constituent la principale source de revenus de l'entreprise. En plus, la plupart des clients seront satisfaits de cette promotion, m\u00eame si certains repartaient les mains vides. Toutefois, cela est compens\u00e9 par le fait qu'un rabais allant jusqu'\u00e0 30\u00a0% peut motiver de nombreux clients \u00e0 opter pour leur propre design plut\u00f4t que pour un bo\u00eetier banal pr\u00eat \u00e0 l'emploi lors du Black Friday [year].\r\n\r\nDeinDesign est loin d'\u00eatre la seule boutique en Suisse \u00e0 proposer des housses personnalis\u00e9es pour les t\u00e9l\u00e9phones portables et les tablettes. Par exemple, les magasins de t\u00e9l\u00e9phonie mobile tels que <a href=\"https:\/\/www.blackfridaydeals.ch\/fr\/shops\/phonelook-fr\/\">PhoneLook<\/a> proposent des \u00e9tuis personnalis\u00e9s, de m\u00eame que les magasins de photos tels que <a href=\"https:\/\/www.blackfridaydeals.ch\/fr\/shops\/smartphoto-fr\/\">Smartphoto<\/a>. Ainsi, la concurrence sera rude lors d'\u00e9v\u00e9nements allant du <a href=\"https:\/\/www.blackfridaydeals.ch\/fr\/singles-day\/\">Singles Day<\/a> au <a href=\"https:\/\/www.blackfridaydeals.ch\/fr\/cyber-monday\/\">Cyber Monday<\/a>, avec des offres int\u00e9ressantes pr\u00e9vues pour le Black Friday [year] d\u00e8s l'\u00e9t\u00e9. Apr\u00e8s tout, de nombreux magasins r\u00e9alisent leur plus gros chiffre d'affaires avec les cadeaux, c'est pourquoi la concurrence \u00e0 la fin du mois de novembre s\u2019av\u00e8re tr\u00e8s rude. Pour les clients, cela signifie des remises importantes presque partout.\r\n<h2>20\u00a0%\u00a0: DeinDesign a propos\u00e9 ces \u00e9conomies lors du dernier Black Friday<\/h2>\r\nL'ann\u00e9e derni\u00e8re \u00e9galement, vous aviez pu \u00e9conomiser de l'argent chez DeinDesign au Black Friday. Il y avait 20\u00a0% sur tout, sans aucune restriction, pour autant que l'on sache. Certes, une faible valeur minimale de commande est exig\u00e9e et vous devez saisir un code, mais ce ne sont que de minimes obstacles qui peuvent \u00eatre surmont\u00e9s sans probl\u00e8me. Nous appr\u00e9cions cette offre que DeinDesign avait propos\u00e9e au dernier Black Friday\u00a0!","link":"https:\/\/www.blackfridaydeals.ch\/fr\/shops\/deindesign-fr\/","name":"DeinDesign","slug":"deindesign-fr","taxonomy":"dealstore","parent":0,"meta":[],"yoast_head":"<!-- This site is optimized with the Yoast SEO plugin v20.5 - https:\/\/yoast.com\/wordpress\/plugins\/seo\/ -->\n<title>DeinDesign Black Friday 2026 | Toutes les promos<\/title>\n<meta name=\"description\" content=\"Black Friday DeinDesign le 27 novembre 2026 \u2705 Aper\u00e7u de toutes les offres \u2705 Mise \u00e0 jour en temps r\u00e9el. \u00c9conomisez maintenant!\" \/>\n<meta name=\"robots\" content=\"noindex, follow\" \/>\n<meta property=\"og:locale\" content=\"fr_FR\" \/>\n<meta property=\"og:type\" content=\"article\" \/>\n<meta property=\"og:title\" content=\"DeinDesign Black Friday 2026 | Toutes les promos\" \/>\n<meta property=\"og:description\" content=\"Black Friday DeinDesign le 27 novembre 2026 \u2705 Aper\u00e7u de toutes les offres \u2705 Mise \u00e0 jour en temps r\u00e9el. \u00c9conomisez maintenant!\" \/>\n<meta property=\"og:url\" content=\"https:\/\/www.blackfridaydeals.ch\/fr\/shops\/deindesign-fr\/\" \/>\n<meta property=\"og:site_name\" content=\"blackfridaydeals.ch\" \/>\n<meta property=\"og:image\" content=\"https:\/\/www.blackfridaydeals.ch\/wp-content\/uploads\/2020\/05\/DeinDesign-Black-Friday-300x157.jpg\" \/>\n<meta name=\"twitter:card\" content=\"summary_large_image\" \/>\n<meta name=\"twitter:site\" content=\"@blackfridaych\" \/>\n<script type=\"application\/ld+json\" class=\"yoast-schema-graph\">{\"@context\":\"https:\/\/schema.org\",\"@graph\":[{\"@type\":\"CollectionPage\",\"@id\":\"https:\/\/www.blackfridaydeals.ch\/fr\/shops\/deindesign-fr\/\",\"url\":\"https:\/\/www.blackfridaydeals.ch\/fr\/shops\/deindesign-fr\/\",\"name\":\"DeinDesign Black Friday 2026 | Toutes les promos\",\"isPartOf\":{\"@id\":\"https:\/\/www.blackfridaydeals.ch\/fr\/#website\"},\"description\":\"Black Friday DeinDesign le 27 novembre 2026 \u2705 Aper\u00e7u de toutes les offres \u2705 Mise \u00e0 jour en temps r\u00e9el. \u00c9conomisez maintenant!\",\"breadcrumb\":{\"@id\":\"https:\/\/www.blackfridaydeals.ch\/fr\/shops\/deindesign-fr\/#breadcrumb\"},\"inLanguage\":\"fr-CH\"},{\"@type\":\"BreadcrumbList\",\"@id\":\"https:\/\/www.blackfridaydeals.ch\/fr\/shops\/deindesign-fr\/#breadcrumb\",\"itemListElement\":[{\"@type\":\"ListItem\",\"position\":1,\"name\":\"Startseite\",\"item\":\"https:\/\/www.blackfridaydeals.ch\/fr\/\"},{\"@type\":\"ListItem\",\"position\":2,\"name\":\"DeinDesign\"}]},{\"@type\":\"WebSite\",\"@id\":\"https:\/\/www.blackfridaydeals.ch\/fr\/#website\",\"url\":\"https:\/\/www.blackfridaydeals.ch\/fr\/\",\"name\":\"blackfridaydeals.ch\",\"description\":\"Toutes les offres du Black Friday 2025 en Suisse\",\"publisher\":{\"@id\":\"https:\/\/www.blackfridaydeals.ch\/fr\/#organization\"},\"alternateName\":\"Black Friday Deals\",\"potentialAction\":[{\"@type\":\"SearchAction\",\"target\":{\"@type\":\"EntryPoint\",\"urlTemplate\":\"https:\/\/www.blackfridaydeals.ch\/fr\/?s={search_term_string}\"},\"query-input\":\"required name=search_term_string\"}],\"inLanguage\":\"fr-CH\"},{\"@type\":\"Organization\",\"@id\":\"https:\/\/www.blackfridaydeals.ch\/fr\/#organization\",\"name\":\"blackfridaydeals.ch\",\"alternateName\":\"Black Friday Deals\",\"url\":\"https:\/\/www.blackfridaydeals.ch\/fr\/\",\"logo\":{\"@type\":\"ImageObject\",\"inLanguage\":\"fr-CH\",\"@id\":\"https:\/\/www.blackfridaydeals.ch\/fr\/#\/schema\/logo\/image\/\",\"url\":\"https:\/\/www.blackfridaydeals.ch\/wp-content\/uploads\/2023\/03\/app-icon-white-bg-jpg.jpg\",\"contentUrl\":\"https:\/\/www.blackfridaydeals.ch\/wp-content\/uploads\/2023\/03\/app-icon-white-bg-jpg.jpg\",\"width\":512,\"height\":512,\"caption\":\"blackfridaydeals.ch\"},\"image\":{\"@id\":\"https:\/\/www.blackfridaydeals.ch\/fr\/#\/schema\/logo\/image\/\"},\"sameAs\":[\"https:\/\/www.facebook.com\/blackfridaydealsch\/\",\"https:\/\/twitter.com\/blackfridaych\",\"https:\/\/www.youtube.com\/channel\/UCNKXHacMw8AS34mBgzVx3FQ\",\"https:\/\/www.instagram.com\/blackfridaydeals.ch\/\"]}]}<\/script>\n<!-- \/ Yoast SEO plugin. -->","yoast_head_json":{"title":"DeinDesign Black Friday 2026 | Toutes les promos","description":"Black Friday DeinDesign le 27 novembre 2026 \u2705 Aper\u00e7u de toutes les offres \u2705 Mise \u00e0 jour en temps r\u00e9el. \u00c9conomisez maintenant!","robots":{"index":"noindex","follow":"follow"},"og_locale":"fr_FR","og_type":"article","og_title":"DeinDesign Black Friday 2026 | Toutes les promos","og_description":"Black Friday DeinDesign le 27 novembre 2026 \u2705 Aper\u00e7u de toutes les offres \u2705 Mise \u00e0 jour en temps r\u00e9el. \u00c9conomisez maintenant!","og_url":"https:\/\/www.blackfridaydeals.ch\/fr\/shops\/deindesign-fr\/","og_site_name":"blackfridaydeals.ch","og_image":[{"url":"https:\/\/www.blackfridaydeals.ch\/wp-content\/uploads\/2020\/05\/DeinDesign-Black-Friday-300x157.jpg"}],"twitter_card":"summary_large_image","twitter_site":"@blackfridaych","schema":{"@context":"https:\/\/schema.org","@graph":[{"@type":"CollectionPage","@id":"https:\/\/www.blackfridaydeals.ch\/fr\/shops\/deindesign-fr\/","url":"https:\/\/www.blackfridaydeals.ch\/fr\/shops\/deindesign-fr\/","name":"DeinDesign Black Friday 2026 | Toutes les promos","isPartOf":{"@id":"https:\/\/www.blackfridaydeals.ch\/fr\/#website"},"description":"Black Friday DeinDesign le 27 novembre 2026 \u2705 Aper\u00e7u de toutes les offres \u2705 Mise \u00e0 jour en temps r\u00e9el. \u00c9conomisez maintenant!","breadcrumb":{"@id":"https:\/\/www.blackfridaydeals.ch\/fr\/shops\/deindesign-fr\/#breadcrumb"},"inLanguage":"fr-CH"},{"@type":"BreadcrumbList","@id":"https:\/\/www.blackfridaydeals.ch\/fr\/shops\/deindesign-fr\/#breadcrumb","itemListElement":[{"@type":"ListItem","position":1,"name":"Startseite","item":"https:\/\/www.blackfridaydeals.ch\/fr\/"},{"@type":"ListItem","position":2,"name":"DeinDesign"}]},{"@type":"WebSite","@id":"https:\/\/www.blackfridaydeals.ch\/fr\/#website","url":"https:\/\/www.blackfridaydeals.ch\/fr\/","name":"blackfridaydeals.ch","description":"Toutes les offres du Black Friday 2025 en Suisse","publisher":{"@id":"https:\/\/www.blackfridaydeals.ch\/fr\/#organization"},"alternateName":"Black Friday Deals","potentialAction":[{"@type":"SearchAction","target":{"@type":"EntryPoint","urlTemplate":"https:\/\/www.blackfridaydeals.ch\/fr\/?s={search_term_string}"},"query-input":"required name=search_term_string"}],"inLanguage":"fr-CH"},{"@type":"Organization","@id":"https:\/\/www.blackfridaydeals.ch\/fr\/#organization","name":"blackfridaydeals.ch","alternateName":"Black Friday Deals","url":"https:\/\/www.blackfridaydeals.ch\/fr\/","logo":{"@type":"ImageObject","inLanguage":"fr-CH","@id":"https:\/\/www.blackfridaydeals.ch\/fr\/#\/schema\/logo\/image\/","url":"https:\/\/www.blackfridaydeals.ch\/wp-content\/uploads\/2023\/03\/app-icon-white-bg-jpg.jpg","contentUrl":"https:\/\/www.blackfridaydeals.ch\/wp-content\/uploads\/2023\/03\/app-icon-white-bg-jpg.jpg","width":512,"height":512,"caption":"blackfridaydeals.ch"},"image":{"@id":"https:\/\/www.blackfridaydeals.ch\/fr\/#\/schema\/logo\/image\/"},"sameAs":["https:\/\/www.facebook.com\/blackfridaydealsch\/","https:\/\/twitter.com\/blackfridaych","https:\/\/www.youtube.com\/channel\/UCNKXHacMw8AS34mBgzVx3FQ","https:\/\/www.instagram.com\/blackfridaydeals.ch\/"]}]}},"_links":{"self":[{"href":"https:\/\/www.blackfridaydeals.ch\/fr\/wp-json\/wp\/v2\/dealstore\/15785"}],"collection":[{"href":"https:\/\/www.blackfridaydeals.ch\/fr\/wp-json\/wp\/v2\/dealstore"}],"about":[{"href":"https:\/\/www.blackfridaydeals.ch\/fr\/wp-json\/wp\/v2\/taxonomies\/dealstore"}],"wp:post_type":[{"href":"https:\/\/www.blackfridaydeals.ch\/fr\/wp-json\/wp\/v2\/posts?dealstore=15785"}],"curies":[{"name":"wp","href":"https:\/\/api.w.org\/{rel}","templated":true}]}}