{"id":12927,"count":4,"description":"Si vous avez besoin de soins performants et sophistiqu\u00e9s pour le visage, le corps et les cheveux, Kiehl\u2019s est le fabricant de produits cosm\u00e9tiques de qualit\u00e9 qui r\u00e9pondraient \u00e0 tous vos besoins.\r\n\r\nVous y trouverez principalement des produits de soins tels que des cr\u00e8mes pour le visage et le corps. Une gamme plus restreinte couvre les produits capillaires, mais ceux-ci ne constituent pas le produit phare de Kiehl\u2019s.\r\n\r\nL\u2019entreprise est surtout r\u00e9put\u00e9e pour la grande qualit\u00e9 de ses produits, qui sont relativement on\u00e9reux.\r\n<h2>Quels bons plans de Kiehl\u2019s au Black Friday [year]\u00a0?<\/h2>\r\nCette nouvelle va certainement vous r\u00e9jouir\u00a0! Peut-\u00eatre que vous l\u2019attendez\u00a0avec impatience depuis longtemps. Eh, bien, oui vous avez vu juste\u00a0: il y aura au <a href=\"https:\/\/www.blackfridaydeals.ch\/fr\/black-friday-2026\/\">Black Friday [year]<\/a> de bons plans chez Kiehl\u2019s, qui feront plaisir aux clients suisses. Si nous en sommes presque certain, c\u2019est parce que la boutique a d\u00e9j\u00e0 eu une certaine exp\u00e9rience de cet \u00e9v\u00e9nement, mais nous allons en parler plus en d\u00e9tail ci-dessous.\r\n\r\n<img class=\"alignright size-medium wp-image-23401\" src=\"https:\/\/www.blackfridaydeals.ch\/wp-content\/uploads\/2020\/01\/Kiehls-Black-Friday-300x300.jpg\" alt=\"\" width=\"300\" height=\"300\" \/>En outre, il ne faudrait pas oublier que dans ce secteur, la concurrence est rude et que m\u00eame les boutiques bien connues pour la qualit\u00e9 de leurs produits n\u2019\u00e9chappent pas \u00e0 la pression des prix lors du Black Friday.\r\n\r\nPar exemple, vous pouvez maintenant \u00e9conomiser de l\u2019argent chez <a href=\"https:\/\/www.blackfridaydeals.ch\/fr\/shops\/douglas-fr\/\">Douglas<\/a> ou chez <a href=\"https:\/\/www.blackfridaydeals.ch\/fr\/shops\/estee-lauder-fr\/\">Est\u00e9e Lauder<\/a>. Ce sont les concurrents directs de Kiehl\u2019s qui ont toujours \u0153uvr\u00e9 pour courtiser le maximum de clients avec leurs offres. Il est donc dans l\u2019int\u00e9r\u00eat de Kiehl d\u2019offrir sa propre <a href=\"https:\/\/www.blackfridaydeals.ch\/fr\/\">r\u00e9duction pour le Black Friday<\/a>.\r\n\r\nMaintenant la question cruciale. Comment Kiehl\u2019s va-t-il orchestrer sa campagne de rabais\u00a0? Nous avons \u00e9galement d\u00e9j\u00e0 r\u00e9fl\u00e9chi \u00e0 la forme que pourrait prendre cette campagne. \u00c0 notre avis, il est tr\u00e8s probable que Kiehl\u2019s pr\u00e9voit une remise g\u00e9n\u00e9rale sur l\u2019ensemble de la gamme. En fait, cette offre est tr\u00e8s populaire dans le secteur de la beaut\u00e9 et fait toujours plaisir aux clients.\r\n\r\nEn plus, comme les clients ont des besoins tr\u00e8s diff\u00e9rents, c\u2019est la meilleure formule pour satisfaire le maximum de clients avec la grande diversit\u00e9 de la gamme de produits cosm\u00e9tiques. C\u2019est donc le bon choix pour un \u00e9v\u00e9nement aussi grandiose que le Black Friday. On pourrait s\u2019attendre \u00e0 une r\u00e9duction forfaitaire sur tout. Elle sera probablement mod\u00e9r\u00e9e, de 20 ou 25\u00a0%, mais nous pensons quand m\u00eame que vous pourrez \u00e9conomiser pas mal de francs, surtout avec des produits plus on\u00e9reux.\r\n\r\nSinon, Kiehl\u2019s pourrait \u00e9galement s\u00e9lectionner quelques articles et accorder un rabais forfaitaire ou individuel. Des remises plus importantes sont possibles dans ce cas, mais il peut \u00eatre difficile de choisir un produit adapt\u00e9 \u00e0 tous les clients.\r\n\r\nToutefois, s\u2019il existe des best-sellers, cela pourrait tenter m\u00eame les clients qui ont d\u2019autres produits en t\u00eate. Une telle promotion pourrait \u00eatre un grand succ\u00e8s, car apr\u00e8s tout, tout le monde aime \u00e9conomiser 30\u00a0% et plus lorsqu\u2019on ach\u00e8te ses produits de soin pr\u00e9f\u00e9r\u00e9s. En g\u00e9n\u00e9ral, cependant, nous pensons que cette promotion est un peu moins probable parce que la s\u00e9lection des articles est si difficile \u00e0 faire.\r\n<h2>Des offres tr\u00e8s diverses de Kiehl\u2019s pour le Black Friday<\/h2>\r\nNous avons pu trouver quelques offres ant\u00e9rieures de Kiehl\u2019s pour le Black Friday, mais aucune dans le magasin suisse. Cela ne veut pas dire que les clients suisses n\u2019ont pas pu en profiter\u00a0; probablement que les affaires n\u2019\u00e9taient tout simplement pas r\u00e9pertori\u00e9es.\r\n\r\nEn Autriche, par exemple, les clients avaient pu b\u00e9n\u00e9ficier d\u2019une r\u00e9duction de 20\u00a0% sur tout en 2018, et aux \u00c9tats-Unis, il y avait eu des remises \u00e9chelonn\u00e9es qui pourraient permettre d\u2019\u00e9conomiser jusqu\u2019\u00e0 35\u00a0dollars \u00e0 diff\u00e9rents stades \u00e0 partir d\u2019une valeur de commande de 115\u00a0dollars. Ce sont \u00e0 notre avis de bonnes affaires, que nous aimerions bien voir en Suisse au Black Friday [year]\u00a0!","link":"https:\/\/www.blackfridaydeals.ch\/fr\/shops\/kiehls-fr\/","name":"Kiehl's","slug":"kiehls-fr","taxonomy":"dealstore","parent":0,"meta":[],"yoast_head":"<!-- This site is optimized with the Yoast SEO plugin v20.5 - https:\/\/yoast.com\/wordpress\/plugins\/seo\/ -->\n<title>Kiehl&#039;s Black Friday 2026 | Toutes les promos<\/title>\n<meta name=\"description\" content=\"Black Friday Kiehl&#039;s le 27 novembre 2026 \u2705 Aper\u00e7u de toutes les offres \u2705 Mise \u00e0 jour en temps r\u00e9el. \u00c9conomisez maintenant!\" \/>\n<meta name=\"robots\" content=\"index, follow, max-snippet:-1, max-image-preview:large, max-video-preview:-1\" \/>\n<link rel=\"canonical\" href=\"https:\/\/www.blackfridaydeals.ch\/fr\/shops\/kiehls-fr\/\" \/>\n<meta property=\"og:locale\" content=\"fr_FR\" \/>\n<meta property=\"og:type\" content=\"article\" \/>\n<meta property=\"og:title\" content=\"Kiehl&#039;s Black Friday 2026 | Toutes les promos\" \/>\n<meta property=\"og:description\" content=\"Black Friday Kiehl&#039;s le 27 novembre 2026 \u2705 Aper\u00e7u de toutes les offres \u2705 Mise \u00e0 jour en temps r\u00e9el. \u00c9conomisez maintenant!\" \/>\n<meta property=\"og:url\" content=\"https:\/\/www.blackfridaydeals.ch\/fr\/shops\/kiehls-fr\/\" \/>\n<meta property=\"og:site_name\" content=\"blackfridaydeals.ch\" \/>\n<meta property=\"og:image\" content=\"https:\/\/www.blackfridaydeals.ch\/wp-content\/uploads\/2020\/01\/Kiehls-Black-Friday-300x300.jpg\" \/>\n<meta name=\"twitter:card\" content=\"summary_large_image\" \/>\n<meta name=\"twitter:site\" content=\"@blackfridaych\" \/>\n<script type=\"application\/ld+json\" class=\"yoast-schema-graph\">{\"@context\":\"https:\/\/schema.org\",\"@graph\":[{\"@type\":\"CollectionPage\",\"@id\":\"https:\/\/www.blackfridaydeals.ch\/fr\/shops\/kiehls-fr\/\",\"url\":\"https:\/\/www.blackfridaydeals.ch\/fr\/shops\/kiehls-fr\/\",\"name\":\"Kiehl's Black Friday 2026 | Toutes les promos\",\"isPartOf\":{\"@id\":\"https:\/\/www.blackfridaydeals.ch\/fr\/#website\"},\"description\":\"Black Friday Kiehl's le 27 novembre 2026 \u2705 Aper\u00e7u de toutes les offres \u2705 Mise \u00e0 jour en temps r\u00e9el. \u00c9conomisez maintenant!\",\"breadcrumb\":{\"@id\":\"https:\/\/www.blackfridaydeals.ch\/fr\/shops\/kiehls-fr\/#breadcrumb\"},\"inLanguage\":\"fr-CH\"},{\"@type\":\"BreadcrumbList\",\"@id\":\"https:\/\/www.blackfridaydeals.ch\/fr\/shops\/kiehls-fr\/#breadcrumb\",\"itemListElement\":[{\"@type\":\"ListItem\",\"position\":1,\"name\":\"Startseite\",\"item\":\"https:\/\/www.blackfridaydeals.ch\/fr\/\"},{\"@type\":\"ListItem\",\"position\":2,\"name\":\"Kiehl's\"}]},{\"@type\":\"WebSite\",\"@id\":\"https:\/\/www.blackfridaydeals.ch\/fr\/#website\",\"url\":\"https:\/\/www.blackfridaydeals.ch\/fr\/\",\"name\":\"blackfridaydeals.ch\",\"description\":\"Toutes les offres du Black Friday 2025 en Suisse\",\"publisher\":{\"@id\":\"https:\/\/www.blackfridaydeals.ch\/fr\/#organization\"},\"alternateName\":\"Black Friday Deals\",\"potentialAction\":[{\"@type\":\"SearchAction\",\"target\":{\"@type\":\"EntryPoint\",\"urlTemplate\":\"https:\/\/www.blackfridaydeals.ch\/fr\/?s={search_term_string}\"},\"query-input\":\"required name=search_term_string\"}],\"inLanguage\":\"fr-CH\"},{\"@type\":\"Organization\",\"@id\":\"https:\/\/www.blackfridaydeals.ch\/fr\/#organization\",\"name\":\"blackfridaydeals.ch\",\"alternateName\":\"Black Friday Deals\",\"url\":\"https:\/\/www.blackfridaydeals.ch\/fr\/\",\"logo\":{\"@type\":\"ImageObject\",\"inLanguage\":\"fr-CH\",\"@id\":\"https:\/\/www.blackfridaydeals.ch\/fr\/#\/schema\/logo\/image\/\",\"url\":\"https:\/\/www.blackfridaydeals.ch\/wp-content\/uploads\/2023\/03\/app-icon-white-bg-jpg.jpg\",\"contentUrl\":\"https:\/\/www.blackfridaydeals.ch\/wp-content\/uploads\/2023\/03\/app-icon-white-bg-jpg.jpg\",\"width\":512,\"height\":512,\"caption\":\"blackfridaydeals.ch\"},\"image\":{\"@id\":\"https:\/\/www.blackfridaydeals.ch\/fr\/#\/schema\/logo\/image\/\"},\"sameAs\":[\"https:\/\/www.facebook.com\/blackfridaydealsch\/\",\"https:\/\/twitter.com\/blackfridaych\",\"https:\/\/www.youtube.com\/channel\/UCNKXHacMw8AS34mBgzVx3FQ\",\"https:\/\/www.instagram.com\/blackfridaydeals.ch\/\"]}]}<\/script>\n<!-- \/ Yoast SEO plugin. -->","yoast_head_json":{"title":"Kiehl's Black Friday 2026 | Toutes les promos","description":"Black Friday Kiehl's le 27 novembre 2026 \u2705 Aper\u00e7u de toutes les offres \u2705 Mise \u00e0 jour en temps r\u00e9el. \u00c9conomisez maintenant!","robots":{"index":"index","follow":"follow","max-snippet":"max-snippet:-1","max-image-preview":"max-image-preview:large","max-video-preview":"max-video-preview:-1"},"canonical":"https:\/\/www.blackfridaydeals.ch\/fr\/shops\/kiehls-fr\/","og_locale":"fr_FR","og_type":"article","og_title":"Kiehl's Black Friday 2026 | Toutes les promos","og_description":"Black Friday Kiehl's le 27 novembre 2026 \u2705 Aper\u00e7u de toutes les offres \u2705 Mise \u00e0 jour en temps r\u00e9el. \u00c9conomisez maintenant!","og_url":"https:\/\/www.blackfridaydeals.ch\/fr\/shops\/kiehls-fr\/","og_site_name":"blackfridaydeals.ch","og_image":[{"url":"https:\/\/www.blackfridaydeals.ch\/wp-content\/uploads\/2020\/01\/Kiehls-Black-Friday-300x300.jpg"}],"twitter_card":"summary_large_image","twitter_site":"@blackfridaych","schema":{"@context":"https:\/\/schema.org","@graph":[{"@type":"CollectionPage","@id":"https:\/\/www.blackfridaydeals.ch\/fr\/shops\/kiehls-fr\/","url":"https:\/\/www.blackfridaydeals.ch\/fr\/shops\/kiehls-fr\/","name":"Kiehl's Black Friday 2026 | Toutes les promos","isPartOf":{"@id":"https:\/\/www.blackfridaydeals.ch\/fr\/#website"},"description":"Black Friday Kiehl's le 27 novembre 2026 \u2705 Aper\u00e7u de toutes les offres \u2705 Mise \u00e0 jour en temps r\u00e9el. \u00c9conomisez maintenant!","breadcrumb":{"@id":"https:\/\/www.blackfridaydeals.ch\/fr\/shops\/kiehls-fr\/#breadcrumb"},"inLanguage":"fr-CH"},{"@type":"BreadcrumbList","@id":"https:\/\/www.blackfridaydeals.ch\/fr\/shops\/kiehls-fr\/#breadcrumb","itemListElement":[{"@type":"ListItem","position":1,"name":"Startseite","item":"https:\/\/www.blackfridaydeals.ch\/fr\/"},{"@type":"ListItem","position":2,"name":"Kiehl's"}]},{"@type":"WebSite","@id":"https:\/\/www.blackfridaydeals.ch\/fr\/#website","url":"https:\/\/www.blackfridaydeals.ch\/fr\/","name":"blackfridaydeals.ch","description":"Toutes les offres du Black Friday 2025 en Suisse","publisher":{"@id":"https:\/\/www.blackfridaydeals.ch\/fr\/#organization"},"alternateName":"Black Friday Deals","potentialAction":[{"@type":"SearchAction","target":{"@type":"EntryPoint","urlTemplate":"https:\/\/www.blackfridaydeals.ch\/fr\/?s={search_term_string}"},"query-input":"required name=search_term_string"}],"inLanguage":"fr-CH"},{"@type":"Organization","@id":"https:\/\/www.blackfridaydeals.ch\/fr\/#organization","name":"blackfridaydeals.ch","alternateName":"Black Friday Deals","url":"https:\/\/www.blackfridaydeals.ch\/fr\/","logo":{"@type":"ImageObject","inLanguage":"fr-CH","@id":"https:\/\/www.blackfridaydeals.ch\/fr\/#\/schema\/logo\/image\/","url":"https:\/\/www.blackfridaydeals.ch\/wp-content\/uploads\/2023\/03\/app-icon-white-bg-jpg.jpg","contentUrl":"https:\/\/www.blackfridaydeals.ch\/wp-content\/uploads\/2023\/03\/app-icon-white-bg-jpg.jpg","width":512,"height":512,"caption":"blackfridaydeals.ch"},"image":{"@id":"https:\/\/www.blackfridaydeals.ch\/fr\/#\/schema\/logo\/image\/"},"sameAs":["https:\/\/www.facebook.com\/blackfridaydealsch\/","https:\/\/twitter.com\/blackfridaych","https:\/\/www.youtube.com\/channel\/UCNKXHacMw8AS34mBgzVx3FQ","https:\/\/www.instagram.com\/blackfridaydeals.ch\/"]}]}},"_links":{"self":[{"href":"https:\/\/www.blackfridaydeals.ch\/fr\/wp-json\/wp\/v2\/dealstore\/12927"}],"collection":[{"href":"https:\/\/www.blackfridaydeals.ch\/fr\/wp-json\/wp\/v2\/dealstore"}],"about":[{"href":"https:\/\/www.blackfridaydeals.ch\/fr\/wp-json\/wp\/v2\/taxonomies\/dealstore"}],"wp:post_type":[{"href":"https:\/\/www.blackfridaydeals.ch\/fr\/wp-json\/wp\/v2\/posts?dealstore=12927"}],"curies":[{"name":"wp","href":"https:\/\/api.w.org\/{rel}","templated":true}]}}