{"id":12835,"count":1,"description":"Chez Frankenspalter, le mot d\u2019ordre est le bon prix. Tout est mis en \u0153uvre pour satisfaire les clients en leur offrant des produits de qualit\u00e9 \u00e0 des produits avantageux.\r\n\r\nMais comment pr\u00e9senter la boutique Frankenspalter, \u00e0 ceux qui viennent de la d\u00e9couvrir\u00a0? Nous dirons que c\u2019est une boutique en ligne bon march\u00e9 qui commercialise toutes sortes d\u2019articles m\u00e9nagers et \u00e9lectroniques tels que des appareils \u00e9lectrom\u00e9nagers, des grils, des climatiseurs, des mat\u00e9riaux de construction, des armoires \u00e0 vin et bien d\u2019autres choses encore. En plus de la boutique en ligne, il y a \u00e9galement un magasin d\u2019usine de 1\u00a0000 m\u00e8tres carr\u00e9s.\r\n<h2>Des bons plans au Black Friday [year] chez Frankenspalter\u00a0?<\/h2>\r\nDans l\u2019univers de l\u2019\u00e9lectrom\u00e9nager, les concessionnaires disposent de plusieurs possibilit\u00e9s pour concevoir leur offre au Black Friday.\r\n\r\n<img class=\"alignright size-medium wp-image-16608\" src=\"https:\/\/www.blackfridaydeals.ch\/wp-content\/uploads\/2019\/08\/Black-Friday-bei-Frankenspalter-300x169.png\" alt=\"\" width=\"300\" height=\"169\" \/>Ils peuvent, entre autres, programmer une r\u00e9duction ou un code de bon de r\u00e9duction valable pour tout ou pour une partie de l\u2019assortiment. Par exemple, 12\u00a0% de r\u00e9duction sur tout, ou 15\u00a0% de r\u00e9duction sur tous les articles de la gamme M\u00e9nage et Habitat.\r\n\r\nMais, nous pensons qu\u2019il est peu probable que Frankenspalter fasse une telle offre au <a href=\"https:\/\/www.blackfridaydeals.ch\/fr\/black-friday-2026\/\">Black Friday [year]<\/a>. Vous vous demandez certainement ce qui pourrait l\u2019en emp\u00eacher. Car Tout simplement, la marge d\u2019un magasin d\u2019articles m\u00e9nagers, de mat\u00e9riel de jardinage et d\u2019\u00e9quipement de cuisine est d\u00e9j\u00e0 un peu serr\u00e9e. Si le magasin accordait une remise sur tout, il est fort probable qu\u2019il va essuyer des pertes sur certains articles individuels. Et vous imaginez bien que le magasin ne va pas courir \u00e0 sa perte.\r\n\r\nCe que nous pr\u00e9voyons est, en revanche, qu\u2019il y aura plus probablement des remises (en partie \u00e9lev\u00e9es) sur les articles individuels phares. Par exemple, la machine \u00e0 laver XY pour 200\u00a0francs ou le lave-vaisselle XZ pour 300\u00a0francs.\r\n\r\nPourquoi nous jugeons que c\u2019est le sc\u00e9nario le plus probable\u00a0?\r\n\r\nC\u2019est la formule que Frankenspalter avait d\u00e9j\u00e0 choisie l\u2019ann\u00e9e derni\u00e8re. Mais, nous ne pourrons pas malheureusement, vous donner de plus amples d\u00e9tails sur les d\u00e9tails de cette transaction, car rien n\u2019est affich\u00e9 sur le site Web.\r\n\r\nNous supposons cependant que le concessionnaire avait offert des remises importantes sur une large gamme de produits et que, les clients avaient pu \u00e9conomiser des centaines de francs. Mais, tout d\u00e9pend de la quantit\u00e9 de leurs achats.\r\n<h2>Et qu\u2019en est-il des offres de Frankenspalter au Cyber Monday et au Singles Day\u00a0?<\/h2>\r\nNous n\u2019avons trouv\u00e9 la trace d\u2019aucunes offres de Frankenspalter au Cyber Monday ou au Singles Day de ces derni\u00e8res ann\u00e9es. Il n\u2019y a pas non plus de page d\u2019accueil correspondante sur le site web du Frankenspalter, comme c\u2019\u00e9tait le cas pour le <a href=\"https:\/\/www.blackfridaydeals.ch\/fr\/\">Black Friday<\/a>, par exemple.\r\n\r\nPour ces raisons, il est peu probable qu\u2019il y ait des offres sp\u00e9ciales pour ces deux \u00e9v\u00e9nements de shopping. N\u00e9anmoins, nous ne voulons pas exclure cette possibilit\u00e9.\r\n\r\nLe <a href=\"https:\/\/www.blackfridaydeals.ch\/fr\/singles-day\/\">Singles Day<\/a>, en particulier, est de plus en plus populaire en Suisse et Frankenspalter pourrait non seulement g\u00e9n\u00e9rer beaucoup de ventes ce jour-l\u00e0, mais aussi continuer \u00e0 maintenir son image de \"magasin d\u2019aubaines\".\r\n\r\nPour le <a href=\"https:\/\/www.blackfridaydeals.ch\/fr\/cyber-monday\/\">Cyber Monday<\/a>, nous voyons peu de chances, car cette journ\u00e9e de shopping est d\u00e9j\u00e0 beaucoup moins importante que le Black Friday ou le Singles Day. Toutefois, il est possible que les actions du Black Friday soient valables jusqu\u2019au Cyber Monday inclus. Cela permettrait aux clients d\u2019avoir plus de temps pour faire le bon choix.\r\n\r\nApr\u00e8s tout, il ne faut pas oublier que, bien que Frankenspalter soit tr\u00e8s bon march\u00e9, de nombreux appareils propos\u00e9s assez dispendieux co\u00fbtent les yeux de la t\u00eate. Cela m\u00e9rite de m\u00fbres r\u00e9flexions avant de prendre la d\u00e9cision d\u2019acheter.","link":"https:\/\/www.blackfridaydeals.ch\/fr\/shops\/frankenspalter-fr\/","name":"Frankenspalter","slug":"frankenspalter-fr","taxonomy":"dealstore","parent":0,"meta":[],"yoast_head":"<!-- This site is optimized with the Yoast SEO plugin v20.5 - https:\/\/yoast.com\/wordpress\/plugins\/seo\/ -->\n<title>Frankenspalter Black Friday 2026 | Toutes les promos<\/title>\n<meta name=\"description\" content=\"Black Friday Frankenspalter le 27 novembre 2026 \u2705 Aper\u00e7u de toutes les offres \u2705 Mise \u00e0 jour en temps r\u00e9el. \u00c9conomisez maintenant!\" \/>\n<meta name=\"robots\" content=\"index, follow, max-snippet:-1, max-image-preview:large, max-video-preview:-1\" \/>\n<link rel=\"canonical\" href=\"https:\/\/www.blackfridaydeals.ch\/fr\/shops\/frankenspalter-fr\/\" \/>\n<meta property=\"og:locale\" content=\"fr_FR\" \/>\n<meta property=\"og:type\" content=\"article\" \/>\n<meta property=\"og:title\" content=\"Frankenspalter Black Friday 2026 | Toutes les promos\" \/>\n<meta property=\"og:description\" content=\"Black Friday Frankenspalter le 27 novembre 2026 \u2705 Aper\u00e7u de toutes les offres \u2705 Mise \u00e0 jour en temps r\u00e9el. \u00c9conomisez maintenant!\" \/>\n<meta property=\"og:url\" content=\"https:\/\/www.blackfridaydeals.ch\/fr\/shops\/frankenspalter-fr\/\" \/>\n<meta property=\"og:site_name\" content=\"blackfridaydeals.ch\" \/>\n<meta property=\"og:image\" content=\"https:\/\/www.blackfridaydeals.ch\/wp-content\/uploads\/2019\/08\/Black-Friday-bei-Frankenspalter-300x169.png\" \/>\n<meta name=\"twitter:card\" content=\"summary_large_image\" \/>\n<meta name=\"twitter:site\" content=\"@blackfridaych\" \/>\n<script type=\"application\/ld+json\" class=\"yoast-schema-graph\">{\"@context\":\"https:\/\/schema.org\",\"@graph\":[{\"@type\":\"CollectionPage\",\"@id\":\"https:\/\/www.blackfridaydeals.ch\/fr\/shops\/frankenspalter-fr\/\",\"url\":\"https:\/\/www.blackfridaydeals.ch\/fr\/shops\/frankenspalter-fr\/\",\"name\":\"Frankenspalter Black Friday 2026 | Toutes les promos\",\"isPartOf\":{\"@id\":\"https:\/\/www.blackfridaydeals.ch\/fr\/#website\"},\"description\":\"Black Friday Frankenspalter le 27 novembre 2026 \u2705 Aper\u00e7u de toutes les offres \u2705 Mise \u00e0 jour en temps r\u00e9el. \u00c9conomisez maintenant!\",\"breadcrumb\":{\"@id\":\"https:\/\/www.blackfridaydeals.ch\/fr\/shops\/frankenspalter-fr\/#breadcrumb\"},\"inLanguage\":\"fr-CH\"},{\"@type\":\"BreadcrumbList\",\"@id\":\"https:\/\/www.blackfridaydeals.ch\/fr\/shops\/frankenspalter-fr\/#breadcrumb\",\"itemListElement\":[{\"@type\":\"ListItem\",\"position\":1,\"name\":\"Startseite\",\"item\":\"https:\/\/www.blackfridaydeals.ch\/fr\/\"},{\"@type\":\"ListItem\",\"position\":2,\"name\":\"Frankenspalter\"}]},{\"@type\":\"WebSite\",\"@id\":\"https:\/\/www.blackfridaydeals.ch\/fr\/#website\",\"url\":\"https:\/\/www.blackfridaydeals.ch\/fr\/\",\"name\":\"blackfridaydeals.ch\",\"description\":\"Toutes les offres du Black Friday 2025 en Suisse\",\"publisher\":{\"@id\":\"https:\/\/www.blackfridaydeals.ch\/fr\/#organization\"},\"alternateName\":\"Black Friday Deals\",\"potentialAction\":[{\"@type\":\"SearchAction\",\"target\":{\"@type\":\"EntryPoint\",\"urlTemplate\":\"https:\/\/www.blackfridaydeals.ch\/fr\/?s={search_term_string}\"},\"query-input\":\"required name=search_term_string\"}],\"inLanguage\":\"fr-CH\"},{\"@type\":\"Organization\",\"@id\":\"https:\/\/www.blackfridaydeals.ch\/fr\/#organization\",\"name\":\"blackfridaydeals.ch\",\"alternateName\":\"Black Friday Deals\",\"url\":\"https:\/\/www.blackfridaydeals.ch\/fr\/\",\"logo\":{\"@type\":\"ImageObject\",\"inLanguage\":\"fr-CH\",\"@id\":\"https:\/\/www.blackfridaydeals.ch\/fr\/#\/schema\/logo\/image\/\",\"url\":\"https:\/\/www.blackfridaydeals.ch\/wp-content\/uploads\/2023\/03\/app-icon-white-bg-jpg.jpg\",\"contentUrl\":\"https:\/\/www.blackfridaydeals.ch\/wp-content\/uploads\/2023\/03\/app-icon-white-bg-jpg.jpg\",\"width\":512,\"height\":512,\"caption\":\"blackfridaydeals.ch\"},\"image\":{\"@id\":\"https:\/\/www.blackfridaydeals.ch\/fr\/#\/schema\/logo\/image\/\"},\"sameAs\":[\"https:\/\/www.facebook.com\/blackfridaydealsch\/\",\"https:\/\/twitter.com\/blackfridaych\",\"https:\/\/www.youtube.com\/channel\/UCNKXHacMw8AS34mBgzVx3FQ\",\"https:\/\/www.instagram.com\/blackfridaydeals.ch\/\"]}]}<\/script>\n<!-- \/ Yoast SEO plugin. -->","yoast_head_json":{"title":"Frankenspalter Black Friday 2026 | Toutes les promos","description":"Black Friday Frankenspalter le 27 novembre 2026 \u2705 Aper\u00e7u de toutes les offres \u2705 Mise \u00e0 jour en temps r\u00e9el. \u00c9conomisez maintenant!","robots":{"index":"index","follow":"follow","max-snippet":"max-snippet:-1","max-image-preview":"max-image-preview:large","max-video-preview":"max-video-preview:-1"},"canonical":"https:\/\/www.blackfridaydeals.ch\/fr\/shops\/frankenspalter-fr\/","og_locale":"fr_FR","og_type":"article","og_title":"Frankenspalter Black Friday 2026 | Toutes les promos","og_description":"Black Friday Frankenspalter le 27 novembre 2026 \u2705 Aper\u00e7u de toutes les offres \u2705 Mise \u00e0 jour en temps r\u00e9el. \u00c9conomisez maintenant!","og_url":"https:\/\/www.blackfridaydeals.ch\/fr\/shops\/frankenspalter-fr\/","og_site_name":"blackfridaydeals.ch","og_image":[{"url":"https:\/\/www.blackfridaydeals.ch\/wp-content\/uploads\/2019\/08\/Black-Friday-bei-Frankenspalter-300x169.png"}],"twitter_card":"summary_large_image","twitter_site":"@blackfridaych","schema":{"@context":"https:\/\/schema.org","@graph":[{"@type":"CollectionPage","@id":"https:\/\/www.blackfridaydeals.ch\/fr\/shops\/frankenspalter-fr\/","url":"https:\/\/www.blackfridaydeals.ch\/fr\/shops\/frankenspalter-fr\/","name":"Frankenspalter Black Friday 2026 | Toutes les promos","isPartOf":{"@id":"https:\/\/www.blackfridaydeals.ch\/fr\/#website"},"description":"Black Friday Frankenspalter le 27 novembre 2026 \u2705 Aper\u00e7u de toutes les offres \u2705 Mise \u00e0 jour en temps r\u00e9el. \u00c9conomisez maintenant!","breadcrumb":{"@id":"https:\/\/www.blackfridaydeals.ch\/fr\/shops\/frankenspalter-fr\/#breadcrumb"},"inLanguage":"fr-CH"},{"@type":"BreadcrumbList","@id":"https:\/\/www.blackfridaydeals.ch\/fr\/shops\/frankenspalter-fr\/#breadcrumb","itemListElement":[{"@type":"ListItem","position":1,"name":"Startseite","item":"https:\/\/www.blackfridaydeals.ch\/fr\/"},{"@type":"ListItem","position":2,"name":"Frankenspalter"}]},{"@type":"WebSite","@id":"https:\/\/www.blackfridaydeals.ch\/fr\/#website","url":"https:\/\/www.blackfridaydeals.ch\/fr\/","name":"blackfridaydeals.ch","description":"Toutes les offres du Black Friday 2025 en Suisse","publisher":{"@id":"https:\/\/www.blackfridaydeals.ch\/fr\/#organization"},"alternateName":"Black Friday Deals","potentialAction":[{"@type":"SearchAction","target":{"@type":"EntryPoint","urlTemplate":"https:\/\/www.blackfridaydeals.ch\/fr\/?s={search_term_string}"},"query-input":"required name=search_term_string"}],"inLanguage":"fr-CH"},{"@type":"Organization","@id":"https:\/\/www.blackfridaydeals.ch\/fr\/#organization","name":"blackfridaydeals.ch","alternateName":"Black Friday Deals","url":"https:\/\/www.blackfridaydeals.ch\/fr\/","logo":{"@type":"ImageObject","inLanguage":"fr-CH","@id":"https:\/\/www.blackfridaydeals.ch\/fr\/#\/schema\/logo\/image\/","url":"https:\/\/www.blackfridaydeals.ch\/wp-content\/uploads\/2023\/03\/app-icon-white-bg-jpg.jpg","contentUrl":"https:\/\/www.blackfridaydeals.ch\/wp-content\/uploads\/2023\/03\/app-icon-white-bg-jpg.jpg","width":512,"height":512,"caption":"blackfridaydeals.ch"},"image":{"@id":"https:\/\/www.blackfridaydeals.ch\/fr\/#\/schema\/logo\/image\/"},"sameAs":["https:\/\/www.facebook.com\/blackfridaydealsch\/","https:\/\/twitter.com\/blackfridaych","https:\/\/www.youtube.com\/channel\/UCNKXHacMw8AS34mBgzVx3FQ","https:\/\/www.instagram.com\/blackfridaydeals.ch\/"]}]}},"_links":{"self":[{"href":"https:\/\/www.blackfridaydeals.ch\/fr\/wp-json\/wp\/v2\/dealstore\/12835"}],"collection":[{"href":"https:\/\/www.blackfridaydeals.ch\/fr\/wp-json\/wp\/v2\/dealstore"}],"about":[{"href":"https:\/\/www.blackfridaydeals.ch\/fr\/wp-json\/wp\/v2\/taxonomies\/dealstore"}],"wp:post_type":[{"href":"https:\/\/www.blackfridaydeals.ch\/fr\/wp-json\/wp\/v2\/posts?dealstore=12835"}],"curies":[{"name":"wp","href":"https:\/\/api.w.org\/{rel}","templated":true}]}}