{"id":12832,"count":15,"description":"Nul besoin d\u2019\u00eatre devin pour d\u00e9couvrir les activit\u00e9s de cette boutique, car, d\u2019ores et d\u00e9j\u00e0, le nom d\u00e9voile tout et nous \u00e9claire. C\u2019est donc sans surprise que vous allez y trouver des matelas de diff\u00e9rentes tailles et confectionn\u00e9s \u00e0 partir de diff\u00e9rents tissus. Tout est fait pour votre confort. Les matelas sont m\u00eame made in Suisse.\r\n<h2>Black Friday [year] chez Emma\u00a0: De belles perspectives en vue<\/h2>\r\nNous nous r\u00e9jouissons de vous annoncer la bonne nouvelle\u00a0: on est quasi certain qu\u2019Emma s\u2019investira au <a href=\"https:\/\/www.blackfridaydeals.ch\/fr\/black-friday-2026\/\">Black Friday [year]<\/a> en proposant de bons plans shopping\r\n\r\nPourquoi sommes-nous si confiants\u00a0? C\u2019est parce que tout bonnement le magasin avait l\u2019habitude de programmer de bonnes affaires \u00e0 cette occasion, mais nous vous en dirons davantage plus tard.\r\n\r\n<img class=\"alignright size-medium wp-image-20672\" src=\"https:\/\/www.blackfridaydeals.ch\/wp-content\/uploads\/2019\/11\/45.-Emma-Deal-300x208.png\" alt=\"\" width=\"300\" height=\"208\" \/>Qu\u2019il y ait des offres de fa\u00e7on r\u00e9guli\u00e8re chez Emma, cela ne nous surprendra pas du tout. D\u2019autant plus que le march\u00e9 des matelas a connu une v\u00e9ritable envol\u00e9e ces derni\u00e8res ann\u00e9es, avec de plus en plus de boutiques qui s\u2018y \u00e9tablissent. Il n\u2019est pas rare de trouver des matelas confortables chez des d\u00e9taillants sp\u00e9cialis\u00e9s comme Casper ou dans des magasins d\u2019ameublement comme <a href=\"https:\/\/www.blackfridaydeals.ch\/fr\/shops\/ikea-fr\/\">IKEA<\/a> et d\u2019autres. Et tout ce beau monde ne cesse de courtiser les nouveaux clients. Au bonheur des clients bien entendu qui auront l\u2019embarras du choix le jour o\u00f9 ils auront d\u00e9cid\u00e9 de s\u2019offrir un bon matelas. Le point culminant sera incontestablement le Black Friday, lorsque tous les magasins proposeront les meilleures offres possibles.\r\n\r\nNous ne pouvons pas encore dire exactement comment Emma va proc\u00e9der pour construire sa campagne. Cependant, nous pensons qu\u2019il est probable que les remises seront assez \u00e9lev\u00e9es, donc avec un peu de chance, vous pouvez \u00e9conomiser 50\u00a0% ou plus.\r\n\r\nSi on essaie d\u2019\u00eatre plus pr\u00e9cis, nous pourrons avancer que pour le Black Friday [year], Emma aura le choix entre une r\u00e9duction forfaitaire sur tout et une r\u00e9duction qui ne s\u2019appliquera qu\u2019\u00e0 une partie de la gamme. Par exemple, dans ce cas, le magasin pourrait choisir un ou plusieurs best-sellers parmi les matelas et les proposer avec une belle r\u00e9duction.\r\n\r\nCependant, \u00e0 notre avis, Emma optera pour <a href=\"https:\/\/www.blackfridaydeals.ch\/fr\/\">des remises sur tout lors du Black Friday<\/a>, de cette mani\u00e8re, les clients quels que soient leur exigence et leur go\u00fbt en mati\u00e8re de matelas, trouveront sans peine ce qui leur conviendrait. Ils verront leurs d\u00e9sirs et souhaits exauc\u00e9s : des matelas comme ils les d\u00e9sirent \u00e0 un prix avantageux.\r\n\r\n<a href=\"https:\/\/www.blackfridaydeals.ch\/wp-content\/uploads\/2019\/11\/Emma-Matratze-Black-Friday.jpg\"><img class=\"alignright size-medium wp-image-19621\" src=\"https:\/\/www.blackfridaydeals.ch\/wp-content\/uploads\/2019\/11\/Emma-Matratze-Black-Friday-300x225.jpg\" alt=\"\" width=\"300\" height=\"225\" \/><\/a>N\u00e9anmoins, il n\u2019est pas exclu que le magasin organise en parall\u00e8le une sorte de Solde. Dans ce cas, cependant, la boutique doit s\u00e9lectionner minutieusement les mod\u00e8les et les varier afin de pouvoir s\u00e9duire le plus grand nombre de clients au Black Friday [year].\r\n\r\nOutre le Black Friday, Emma Matelas profite \u00e9galement d'autres occasions pour proposer de superbes r\u00e9ductions. \u00c0 P\u00e2ques, par exemple, il y avait une r\u00e9duction de 50%, applicable (pour autant que nous le sachions) \u00e0 l'ensemble de l'assortiment.\r\n<h2>Flash-back\u00a0: les actions d\u2019Emma<\/h2>\r\nL'ann\u00e9e derni\u00e8re, on pouvait trouver une super offre chez Emma Matelas lors du Black Friday. Il y avait des r\u00e9ductions de 60% et plus sur un tr\u00e8s large assortiment de matelas, sommiers tapissiers et autres accessoires. Les offres ont d\u00e9but\u00e9 chez Emma avant le Black Friday, il \u00e9tait donc d\u00e9j\u00e0 possible d'\u00e9conomiser lors du <a href=\"https:\/\/www.blackfridaydeals.ch\/fr\/singles-day\/\">Singles Day<\/a>. Mais c'est le Black Friday lui-m\u00eame qui a donn\u00e9 lieu aux r\u00e9ductions les plus importantes.\r\n\r\nNous nous attendons \u00e0 des offres similaires pour le Black Friday [year]!","link":"https:\/\/www.blackfridaydeals.ch\/fr\/shops\/emma-matelas\/","name":"Emma Matelas","slug":"emma-matelas","taxonomy":"dealstore","parent":0,"meta":[],"yoast_head":"<!-- This site is optimized with the Yoast SEO plugin v20.5 - https:\/\/yoast.com\/wordpress\/plugins\/seo\/ -->\n<title>Emma Matelas Black Friday 2026 | Toutes les promos<\/title>\n<meta name=\"description\" content=\"Black Friday Emma Matelas le 27 novembre 2026 \u2705 Aper\u00e7u de toutes les offres \u2705 Mise \u00e0 jour en temps r\u00e9el. \u00c9conomisez maintenant!\" \/>\n<meta name=\"robots\" content=\"index, follow, max-snippet:-1, max-image-preview:large, max-video-preview:-1\" \/>\n<link rel=\"canonical\" href=\"https:\/\/www.blackfridaydeals.ch\/fr\/shops\/emma-matelas\/\" \/>\n<meta property=\"og:locale\" content=\"fr_FR\" \/>\n<meta property=\"og:type\" content=\"article\" \/>\n<meta property=\"og:title\" content=\"Emma Matelas Black Friday 2026 | Toutes les promos\" \/>\n<meta property=\"og:description\" content=\"Black Friday Emma Matelas le 27 novembre 2026 \u2705 Aper\u00e7u de toutes les offres \u2705 Mise \u00e0 jour en temps r\u00e9el. \u00c9conomisez maintenant!\" \/>\n<meta property=\"og:url\" content=\"https:\/\/www.blackfridaydeals.ch\/fr\/shops\/emma-matelas\/\" \/>\n<meta property=\"og:site_name\" content=\"blackfridaydeals.ch\" \/>\n<meta property=\"og:image\" content=\"https:\/\/www.blackfridaydeals.ch\/wp-content\/uploads\/2019\/11\/45.-Emma-Deal-300x208.png\" \/>\n<meta name=\"twitter:card\" content=\"summary_large_image\" \/>\n<meta name=\"twitter:site\" content=\"@blackfridaych\" \/>\n<script type=\"application\/ld+json\" class=\"yoast-schema-graph\">{\"@context\":\"https:\/\/schema.org\",\"@graph\":[{\"@type\":\"CollectionPage\",\"@id\":\"https:\/\/www.blackfridaydeals.ch\/fr\/shops\/emma-matelas\/\",\"url\":\"https:\/\/www.blackfridaydeals.ch\/fr\/shops\/emma-matelas\/\",\"name\":\"Emma Matelas Black Friday 2026 | Toutes les promos\",\"isPartOf\":{\"@id\":\"https:\/\/www.blackfridaydeals.ch\/fr\/#website\"},\"description\":\"Black Friday Emma Matelas le 27 novembre 2026 \u2705 Aper\u00e7u de toutes les offres \u2705 Mise \u00e0 jour en temps r\u00e9el. \u00c9conomisez maintenant!\",\"breadcrumb\":{\"@id\":\"https:\/\/www.blackfridaydeals.ch\/fr\/shops\/emma-matelas\/#breadcrumb\"},\"inLanguage\":\"fr-CH\"},{\"@type\":\"BreadcrumbList\",\"@id\":\"https:\/\/www.blackfridaydeals.ch\/fr\/shops\/emma-matelas\/#breadcrumb\",\"itemListElement\":[{\"@type\":\"ListItem\",\"position\":1,\"name\":\"Startseite\",\"item\":\"https:\/\/www.blackfridaydeals.ch\/fr\/\"},{\"@type\":\"ListItem\",\"position\":2,\"name\":\"Emma Matelas\"}]},{\"@type\":\"WebSite\",\"@id\":\"https:\/\/www.blackfridaydeals.ch\/fr\/#website\",\"url\":\"https:\/\/www.blackfridaydeals.ch\/fr\/\",\"name\":\"blackfridaydeals.ch\",\"description\":\"Toutes les offres du Black Friday 2025 en Suisse\",\"publisher\":{\"@id\":\"https:\/\/www.blackfridaydeals.ch\/fr\/#organization\"},\"alternateName\":\"Black Friday Deals\",\"potentialAction\":[{\"@type\":\"SearchAction\",\"target\":{\"@type\":\"EntryPoint\",\"urlTemplate\":\"https:\/\/www.blackfridaydeals.ch\/fr\/?s={search_term_string}\"},\"query-input\":\"required name=search_term_string\"}],\"inLanguage\":\"fr-CH\"},{\"@type\":\"Organization\",\"@id\":\"https:\/\/www.blackfridaydeals.ch\/fr\/#organization\",\"name\":\"blackfridaydeals.ch\",\"alternateName\":\"Black Friday Deals\",\"url\":\"https:\/\/www.blackfridaydeals.ch\/fr\/\",\"logo\":{\"@type\":\"ImageObject\",\"inLanguage\":\"fr-CH\",\"@id\":\"https:\/\/www.blackfridaydeals.ch\/fr\/#\/schema\/logo\/image\/\",\"url\":\"https:\/\/www.blackfridaydeals.ch\/wp-content\/uploads\/2023\/03\/app-icon-white-bg-jpg.jpg\",\"contentUrl\":\"https:\/\/www.blackfridaydeals.ch\/wp-content\/uploads\/2023\/03\/app-icon-white-bg-jpg.jpg\",\"width\":512,\"height\":512,\"caption\":\"blackfridaydeals.ch\"},\"image\":{\"@id\":\"https:\/\/www.blackfridaydeals.ch\/fr\/#\/schema\/logo\/image\/\"},\"sameAs\":[\"https:\/\/www.facebook.com\/blackfridaydealsch\/\",\"https:\/\/twitter.com\/blackfridaych\",\"https:\/\/www.youtube.com\/channel\/UCNKXHacMw8AS34mBgzVx3FQ\",\"https:\/\/www.instagram.com\/blackfridaydeals.ch\/\"]}]}<\/script>\n<!-- \/ Yoast SEO plugin. -->","yoast_head_json":{"title":"Emma Matelas Black Friday 2026 | Toutes les promos","description":"Black Friday Emma Matelas le 27 novembre 2026 \u2705 Aper\u00e7u de toutes les offres \u2705 Mise \u00e0 jour en temps r\u00e9el. \u00c9conomisez maintenant!","robots":{"index":"index","follow":"follow","max-snippet":"max-snippet:-1","max-image-preview":"max-image-preview:large","max-video-preview":"max-video-preview:-1"},"canonical":"https:\/\/www.blackfridaydeals.ch\/fr\/shops\/emma-matelas\/","og_locale":"fr_FR","og_type":"article","og_title":"Emma Matelas Black Friday 2026 | Toutes les promos","og_description":"Black Friday Emma Matelas le 27 novembre 2026 \u2705 Aper\u00e7u de toutes les offres \u2705 Mise \u00e0 jour en temps r\u00e9el. \u00c9conomisez maintenant!","og_url":"https:\/\/www.blackfridaydeals.ch\/fr\/shops\/emma-matelas\/","og_site_name":"blackfridaydeals.ch","og_image":[{"url":"https:\/\/www.blackfridaydeals.ch\/wp-content\/uploads\/2019\/11\/45.-Emma-Deal-300x208.png"}],"twitter_card":"summary_large_image","twitter_site":"@blackfridaych","schema":{"@context":"https:\/\/schema.org","@graph":[{"@type":"CollectionPage","@id":"https:\/\/www.blackfridaydeals.ch\/fr\/shops\/emma-matelas\/","url":"https:\/\/www.blackfridaydeals.ch\/fr\/shops\/emma-matelas\/","name":"Emma Matelas Black Friday 2026 | Toutes les promos","isPartOf":{"@id":"https:\/\/www.blackfridaydeals.ch\/fr\/#website"},"description":"Black Friday Emma Matelas le 27 novembre 2026 \u2705 Aper\u00e7u de toutes les offres \u2705 Mise \u00e0 jour en temps r\u00e9el. \u00c9conomisez maintenant!","breadcrumb":{"@id":"https:\/\/www.blackfridaydeals.ch\/fr\/shops\/emma-matelas\/#breadcrumb"},"inLanguage":"fr-CH"},{"@type":"BreadcrumbList","@id":"https:\/\/www.blackfridaydeals.ch\/fr\/shops\/emma-matelas\/#breadcrumb","itemListElement":[{"@type":"ListItem","position":1,"name":"Startseite","item":"https:\/\/www.blackfridaydeals.ch\/fr\/"},{"@type":"ListItem","position":2,"name":"Emma Matelas"}]},{"@type":"WebSite","@id":"https:\/\/www.blackfridaydeals.ch\/fr\/#website","url":"https:\/\/www.blackfridaydeals.ch\/fr\/","name":"blackfridaydeals.ch","description":"Toutes les offres du Black Friday 2025 en Suisse","publisher":{"@id":"https:\/\/www.blackfridaydeals.ch\/fr\/#organization"},"alternateName":"Black Friday Deals","potentialAction":[{"@type":"SearchAction","target":{"@type":"EntryPoint","urlTemplate":"https:\/\/www.blackfridaydeals.ch\/fr\/?s={search_term_string}"},"query-input":"required name=search_term_string"}],"inLanguage":"fr-CH"},{"@type":"Organization","@id":"https:\/\/www.blackfridaydeals.ch\/fr\/#organization","name":"blackfridaydeals.ch","alternateName":"Black Friday Deals","url":"https:\/\/www.blackfridaydeals.ch\/fr\/","logo":{"@type":"ImageObject","inLanguage":"fr-CH","@id":"https:\/\/www.blackfridaydeals.ch\/fr\/#\/schema\/logo\/image\/","url":"https:\/\/www.blackfridaydeals.ch\/wp-content\/uploads\/2023\/03\/app-icon-white-bg-jpg.jpg","contentUrl":"https:\/\/www.blackfridaydeals.ch\/wp-content\/uploads\/2023\/03\/app-icon-white-bg-jpg.jpg","width":512,"height":512,"caption":"blackfridaydeals.ch"},"image":{"@id":"https:\/\/www.blackfridaydeals.ch\/fr\/#\/schema\/logo\/image\/"},"sameAs":["https:\/\/www.facebook.com\/blackfridaydealsch\/","https:\/\/twitter.com\/blackfridaych","https:\/\/www.youtube.com\/channel\/UCNKXHacMw8AS34mBgzVx3FQ","https:\/\/www.instagram.com\/blackfridaydeals.ch\/"]}]}},"_links":{"self":[{"href":"https:\/\/www.blackfridaydeals.ch\/fr\/wp-json\/wp\/v2\/dealstore\/12832"}],"collection":[{"href":"https:\/\/www.blackfridaydeals.ch\/fr\/wp-json\/wp\/v2\/dealstore"}],"about":[{"href":"https:\/\/www.blackfridaydeals.ch\/fr\/wp-json\/wp\/v2\/taxonomies\/dealstore"}],"wp:post_type":[{"href":"https:\/\/www.blackfridaydeals.ch\/fr\/wp-json\/wp\/v2\/posts?dealstore=12832"}],"curies":[{"name":"wp","href":"https:\/\/api.w.org\/{rel}","templated":true}]}}