{"id":10397,"count":0,"description":"Hickenbick Hair est le leader suisse des extensions de cheveux! Les cheveux longs et volumineux \u00e0 couper le souffle qui tombent sur les \u00e9paules en vagues l\u00e2ches sont d\u00e9sormais indispensables et quasiment indispensables pour toute femme branch\u00e9e sur la mode! Dans notre boutique en ligne, vous trouverez plus de 700 articles sur les extensions de cheveux:\r\n\r\nHickenbick Hair est un salon de coiffure sp\u00e9cialis\u00e9 dans les extensions. Ici, vous pouvez \u00e9galement vous faire des coupes cheveux normales mais la plus grande offre concerne les extensions de diff\u00e9rents styles. Vous pouvez \u00e9galement les commander en ligne, comme vous pourrez le faire pour obtenir des produits de soins et des accessoires.\r\n<h2>Flashback\u00a0: voici les bons plans que Hickenbick Hair avait d\u00e9j\u00e0 conclus au Black Friday<\/h2>\r\n\u00c0 notre connaissance, Hickenbick Hair avait c\u00e9l\u00e9br\u00e9 le <a href=\"https:\/\/www.blackfridaydeals.ch\/fr\/\">Black Friday<\/a> pour la troisi\u00e8me fois l\u2019ann\u00e9e derni\u00e8re. Le salon de coiffure avait programm\u00e9 une r\u00e9duction de 20 % sur tous les articles d\u2019extension. Une promotion assez convaincante, d\u2019ailleurs, qui avait fait le bonheur des femmes en qu\u00eate d\u2019une chevelure de r\u00eave.\r\n\r\n<img class=\"alignright wp-image-28294 size-medium\" src=\"https:\/\/www.blackfridaydeals.ch\/wp-content\/uploads\/2020\/11\/new_visual_2020_hickenbick_hair_BFD-300x208.png\" alt=\"\" width=\"300\" height=\"208\" \/>Cela comprenait les \u00e9l\u00e9ments suivants\u00a0:\r\n<ul>\r\n \t<li>Keratin Bonding Extensions - cela comprend les extensions de liaison k\u00e9ratine et de liaison ombr\u00e9e, les extensions de liaison fantaisie et les extensions de liaison ondul\u00e9es et boucl\u00e9es pour les cheveux boucl\u00e9s.<\/li>\r\n \t<li>Diff\u00e9rentes m\u00e9thodes de fixation\u00a0: Extensions \u00e0 la k\u00e9ratine, clip in, tape in, microring, weft, bandes de cheveux, extension \u00e0 la bande adh\u00e9sive.<\/li>\r\n \t<li>Des postiches et des tresses allant de la queue-de-cheval \u00e0 une barrette en frange \u00e0 des perruques.<\/li>\r\n \t<li>En outre, vous trouverez de nombreux accessoires qui vous aideront \u00e0 les appliquer.<\/li>\r\n \t<li>Pour les soins, il existe bien s\u00fbr des shampoings, des s\u00e9rums, des cures et bien d\u2019autres choses encore.<\/li>\r\n<\/ul>\r\nToutefois, \u00e0 notre connaissance, une visite au salon pour des soins \u00e9tait exclue de cette promotion. Avec les extensions et les accessoires, de nombreux clients peuvent se faire une belle coiffure avec l\u2019aide d\u2019un ami et un peu de patience, ou bien ils peuvent apporter les extensions achet\u00e9es chez le coiffeur et les faire appliquer sur place.\r\n<h2>Notre estimation\u00a0: Voici comment Hickenbick Hair va c\u00e9l\u00e9brer le Black Friday [year]<\/h2>\r\nSi vous \u00eates un fan des Extensions, attendez-vous \u00e0 de belles surprises\u00a0: Il se peut que Hickenbick Hair pr\u00e9pare des bons plans pour le <a href=\"https:\/\/www.blackfridaydeals.ch\/fr\/black-friday-2026\/\">Black Friday [year]<\/a>. Cependant, on ne sait pas encore exactement \u00e0 quoi ressemblera cette offre. Il est possible qu\u2019il y ait aussi des belles affaires pour le <a href=\"https:\/\/www.blackfridaydeals.ch\/fr\/singles-day\/\">Singles Day<\/a> ou le <a href=\"https:\/\/www.blackfridaydeals.ch\/fr\/cyber-monday\/\">Cyber Monday<\/a>, mais nous pensons que c\u2019est un peu moins probable.\r\n\r\nTout d\u2019abord, il est int\u00e9ressant de voir comment Hickenbick Hair a pu construire une grande campagne de rabais.\r\n\r\nIl faudrait surtout savoir si l\u2019offre est limit\u00e9e au magasin ou si elle est \u00e9ventuellement valable dans le salon. Si, par exemple, vous pouviez obtenir une r\u00e9duction sur toutes les dates r\u00e9serv\u00e9es pour le Black Friday [year], ce qui sera certainement une belle opportunit\u00e9 pour de nombreux fans qui r\u00e9serveraient leur premi\u00e8re visite chez Hickenbick Hair.\r\n\r\nMais \u00e0 nos yeux, il est plus probable que l\u2019entreprise offre une r\u00e9duction dans le magasin. Hickenbick Hair a d\u00e9j\u00e0 de l\u2019exp\u00e9rience dans ce domaine, et il peut donc imm\u00e9diatement rivaliser avec ses concurrents comme L\u2019Occitane ou HAARprodukte.ch.\r\n\r\nOn s\u2019attend pour le Black Friday [year] \u00e0 une r\u00e9duction importante, ce qui va certainement encourager certains clients encore r\u00e9ticents \u00e0 s\u2019engager et \u00e0 essayer leurs premi\u00e8res extensions. Nous esp\u00e9rons des r\u00e9ductions entre 15 et 25\u00a0%, bien que certains articles puissent \u00eatre exclus.\r\n\r\nNous pensons qu\u2019une vente flash est moins probable, car les extensions d\u00e9pendent beaucoup des pr\u00e9f\u00e9rences individuelles. Une remise forfaitaire ferait bien l\u2019affaire et de cette fa\u00e7on Hickenbick Hair fera donc probablement plus de clients satisfaits.\r\n<h2>\u00c0 propos de Hickenbick Hair<\/h2>\r\nHickenbick Hair est le leader suisse des extensions de cheveux\u00a0! Les cheveux humains, longs et volumineux, qui tombent sur les \u00e9paules en vagues libres, sont depuis longtemps devenus un nec plus ultra pour toutes les femmes qui s\u2019int\u00e9ressent \u00e0 la mode\u00a0! Dans la boutique en ligne, vous trouverez plus de 700 articles de Hair Extensions\u00a0:\r\n\r\nLes extensions permanentes comme les extensions de k\u00e9ratine, les extensions de ruban, les extensions de cheveux peuvent \u00eatre port\u00e9es dans vos propres cheveux pendant une p\u00e9riode allant jusqu\u2019\u00e0 six mois. Elles sont absolument douces pour vos cheveux lorsqu\u2019elles sont utilis\u00e9es de mani\u00e8re professionnelle et ne peuvent pas \u00eatre distingu\u00e9es de vos propres cheveux.\r\n\r\nAvec les Extensions Clip, vous aurez des cheveux enviables, longs et pleins en trois minutes. Partagez vos cheveux, fixez des pinces \u00e0 la naissance des cheveux et vous pourrez profiter de la nouvelle coiffure de vos r\u00eaves.\r\n\r\nKim Kardashian et de nombreuses autres c\u00e9l\u00e9brit\u00e9s ne jurent que par la vraie queue-de-cheval en cheveux humains. D\u2019abord, vous attachez vos propres cheveux pour former une queue-de-cheval. Ensuite, vous mettez le clip de l\u2019extension de la queue-de-cheval dans votre cravate \u00e0 cheveux - c\u2019est fait\u00a0! Avec la qualit\u00e9 de cheveux humains de luxe PRO, vous pouvez colorer, tonifier, \u00e9tirer ou friser les postiches. Les mauvais jours font partie maintenant du pass\u00e9 pour vous\u00a0! R\u00e9inventez-vous tous les jours avec les postiches branch\u00e9s Clip In Extensions ou Ponytail.\r\n\r\nD\u00e9couvrez maintenant la plus grande gamme d\u2019extensions de cheveux chez Hickenbick Hair et profitez de la guerre des prix du Black Friday. Plus de 80 nuances de couleurs diff\u00e9rentes vous attendent, qu\u2019elles soient naturelles, stri\u00e9es, de balayage ou d\u2019effets d\u2019enracinement. Chez Hickenbick Hair, vous payez par facture ou par versements. Votre nouvelle chevelure de r\u00eave vous sera livr\u00e9e d\u00e8s le lendemain.","link":"https:\/\/www.blackfridaydeals.ch\/fr\/shops\/hickenbick-hair-fr\/","name":"Hickenbick Hair","slug":"hickenbick-hair-fr","taxonomy":"dealstore","parent":0,"meta":[],"yoast_head":"<!-- This site is optimized with the Yoast SEO plugin v20.5 - https:\/\/yoast.com\/wordpress\/plugins\/seo\/ -->\n<title>Hickenbick Hair - blackfridaydeals.ch<\/title>\n<meta name=\"description\" content=\"Black Friday Hickenbick Hair le 27 novembre 2026 \u2705 Aper\u00e7u de toutes les offres \u2705 Mise \u00e0 jour en temps r\u00e9el. \u00c9conomisez maintenant!\" \/>\n<meta name=\"robots\" content=\"noindex, follow\" \/>\n<meta property=\"og:locale\" content=\"fr_FR\" \/>\n<meta property=\"og:type\" content=\"article\" \/>\n<meta property=\"og:title\" content=\"Hickenbick Hair - blackfridaydeals.ch\" \/>\n<meta property=\"og:description\" content=\"Black Friday Hickenbick Hair le 27 novembre 2026 \u2705 Aper\u00e7u de toutes les offres \u2705 Mise \u00e0 jour en temps r\u00e9el. \u00c9conomisez maintenant!\" \/>\n<meta property=\"og:url\" content=\"https:\/\/www.blackfridaydeals.ch\/fr\/shops\/hickenbick-hair-fr\/\" \/>\n<meta property=\"og:site_name\" content=\"blackfridaydeals.ch\" \/>\n<meta property=\"og:image\" content=\"https:\/\/www.blackfridaydeals.ch\/wp-content\/uploads\/2020\/11\/new_visual_2020_hickenbick_hair_BFD-300x208.png\" \/>\n<meta name=\"twitter:card\" content=\"summary_large_image\" \/>\n<meta name=\"twitter:site\" content=\"@blackfridaych\" \/>\n<script type=\"application\/ld+json\" class=\"yoast-schema-graph\">{\"@context\":\"https:\/\/schema.org\",\"@graph\":[{\"@type\":\"CollectionPage\",\"@id\":\"https:\/\/www.blackfridaydeals.ch\/fr\/shops\/hickenbick-hair-fr\/\",\"url\":\"https:\/\/www.blackfridaydeals.ch\/fr\/shops\/hickenbick-hair-fr\/\",\"name\":\"Hickenbick Hair - blackfridaydeals.ch\",\"isPartOf\":{\"@id\":\"https:\/\/www.blackfridaydeals.ch\/fr\/#website\"},\"description\":\"Black Friday Hickenbick Hair le 27 novembre 2026 \u2705 Aper\u00e7u de toutes les offres \u2705 Mise \u00e0 jour en temps r\u00e9el. \u00c9conomisez maintenant!\",\"breadcrumb\":{\"@id\":\"https:\/\/www.blackfridaydeals.ch\/fr\/shops\/hickenbick-hair-fr\/#breadcrumb\"},\"inLanguage\":\"fr-CH\"},{\"@type\":\"BreadcrumbList\",\"@id\":\"https:\/\/www.blackfridaydeals.ch\/fr\/shops\/hickenbick-hair-fr\/#breadcrumb\",\"itemListElement\":[{\"@type\":\"ListItem\",\"position\":1,\"name\":\"Startseite\",\"item\":\"https:\/\/www.blackfridaydeals.ch\/fr\/\"},{\"@type\":\"ListItem\",\"position\":2,\"name\":\"Hickenbick Hair\"}]},{\"@type\":\"WebSite\",\"@id\":\"https:\/\/www.blackfridaydeals.ch\/fr\/#website\",\"url\":\"https:\/\/www.blackfridaydeals.ch\/fr\/\",\"name\":\"blackfridaydeals.ch\",\"description\":\"Toutes les offres du Black Friday 2025 en Suisse\",\"publisher\":{\"@id\":\"https:\/\/www.blackfridaydeals.ch\/fr\/#organization\"},\"alternateName\":\"Black Friday Deals\",\"potentialAction\":[{\"@type\":\"SearchAction\",\"target\":{\"@type\":\"EntryPoint\",\"urlTemplate\":\"https:\/\/www.blackfridaydeals.ch\/fr\/?s={search_term_string}\"},\"query-input\":\"required name=search_term_string\"}],\"inLanguage\":\"fr-CH\"},{\"@type\":\"Organization\",\"@id\":\"https:\/\/www.blackfridaydeals.ch\/fr\/#organization\",\"name\":\"blackfridaydeals.ch\",\"alternateName\":\"Black Friday Deals\",\"url\":\"https:\/\/www.blackfridaydeals.ch\/fr\/\",\"logo\":{\"@type\":\"ImageObject\",\"inLanguage\":\"fr-CH\",\"@id\":\"https:\/\/www.blackfridaydeals.ch\/fr\/#\/schema\/logo\/image\/\",\"url\":\"https:\/\/www.blackfridaydeals.ch\/wp-content\/uploads\/2023\/03\/app-icon-white-bg-jpg.jpg\",\"contentUrl\":\"https:\/\/www.blackfridaydeals.ch\/wp-content\/uploads\/2023\/03\/app-icon-white-bg-jpg.jpg\",\"width\":512,\"height\":512,\"caption\":\"blackfridaydeals.ch\"},\"image\":{\"@id\":\"https:\/\/www.blackfridaydeals.ch\/fr\/#\/schema\/logo\/image\/\"},\"sameAs\":[\"https:\/\/www.facebook.com\/blackfridaydealsch\/\",\"https:\/\/twitter.com\/blackfridaych\",\"https:\/\/www.youtube.com\/channel\/UCNKXHacMw8AS34mBgzVx3FQ\",\"https:\/\/www.instagram.com\/blackfridaydeals.ch\/\"]}]}<\/script>\n<!-- \/ Yoast SEO plugin. -->","yoast_head_json":{"title":"Hickenbick Hair - blackfridaydeals.ch","description":"Black Friday Hickenbick Hair le 27 novembre 2026 \u2705 Aper\u00e7u de toutes les offres \u2705 Mise \u00e0 jour en temps r\u00e9el. \u00c9conomisez maintenant!","robots":{"index":"noindex","follow":"follow"},"og_locale":"fr_FR","og_type":"article","og_title":"Hickenbick Hair - blackfridaydeals.ch","og_description":"Black Friday Hickenbick Hair le 27 novembre 2026 \u2705 Aper\u00e7u de toutes les offres \u2705 Mise \u00e0 jour en temps r\u00e9el. \u00c9conomisez maintenant!","og_url":"https:\/\/www.blackfridaydeals.ch\/fr\/shops\/hickenbick-hair-fr\/","og_site_name":"blackfridaydeals.ch","og_image":[{"url":"https:\/\/www.blackfridaydeals.ch\/wp-content\/uploads\/2020\/11\/new_visual_2020_hickenbick_hair_BFD-300x208.png"}],"twitter_card":"summary_large_image","twitter_site":"@blackfridaych","schema":{"@context":"https:\/\/schema.org","@graph":[{"@type":"CollectionPage","@id":"https:\/\/www.blackfridaydeals.ch\/fr\/shops\/hickenbick-hair-fr\/","url":"https:\/\/www.blackfridaydeals.ch\/fr\/shops\/hickenbick-hair-fr\/","name":"Hickenbick Hair - blackfridaydeals.ch","isPartOf":{"@id":"https:\/\/www.blackfridaydeals.ch\/fr\/#website"},"description":"Black Friday Hickenbick Hair le 27 novembre 2026 \u2705 Aper\u00e7u de toutes les offres \u2705 Mise \u00e0 jour en temps r\u00e9el. \u00c9conomisez maintenant!","breadcrumb":{"@id":"https:\/\/www.blackfridaydeals.ch\/fr\/shops\/hickenbick-hair-fr\/#breadcrumb"},"inLanguage":"fr-CH"},{"@type":"BreadcrumbList","@id":"https:\/\/www.blackfridaydeals.ch\/fr\/shops\/hickenbick-hair-fr\/#breadcrumb","itemListElement":[{"@type":"ListItem","position":1,"name":"Startseite","item":"https:\/\/www.blackfridaydeals.ch\/fr\/"},{"@type":"ListItem","position":2,"name":"Hickenbick Hair"}]},{"@type":"WebSite","@id":"https:\/\/www.blackfridaydeals.ch\/fr\/#website","url":"https:\/\/www.blackfridaydeals.ch\/fr\/","name":"blackfridaydeals.ch","description":"Toutes les offres du Black Friday 2025 en Suisse","publisher":{"@id":"https:\/\/www.blackfridaydeals.ch\/fr\/#organization"},"alternateName":"Black Friday Deals","potentialAction":[{"@type":"SearchAction","target":{"@type":"EntryPoint","urlTemplate":"https:\/\/www.blackfridaydeals.ch\/fr\/?s={search_term_string}"},"query-input":"required name=search_term_string"}],"inLanguage":"fr-CH"},{"@type":"Organization","@id":"https:\/\/www.blackfridaydeals.ch\/fr\/#organization","name":"blackfridaydeals.ch","alternateName":"Black Friday Deals","url":"https:\/\/www.blackfridaydeals.ch\/fr\/","logo":{"@type":"ImageObject","inLanguage":"fr-CH","@id":"https:\/\/www.blackfridaydeals.ch\/fr\/#\/schema\/logo\/image\/","url":"https:\/\/www.blackfridaydeals.ch\/wp-content\/uploads\/2023\/03\/app-icon-white-bg-jpg.jpg","contentUrl":"https:\/\/www.blackfridaydeals.ch\/wp-content\/uploads\/2023\/03\/app-icon-white-bg-jpg.jpg","width":512,"height":512,"caption":"blackfridaydeals.ch"},"image":{"@id":"https:\/\/www.blackfridaydeals.ch\/fr\/#\/schema\/logo\/image\/"},"sameAs":["https:\/\/www.facebook.com\/blackfridaydealsch\/","https:\/\/twitter.com\/blackfridaych","https:\/\/www.youtube.com\/channel\/UCNKXHacMw8AS34mBgzVx3FQ","https:\/\/www.instagram.com\/blackfridaydeals.ch\/"]}]}},"_links":{"self":[{"href":"https:\/\/www.blackfridaydeals.ch\/fr\/wp-json\/wp\/v2\/dealstore\/10397"}],"collection":[{"href":"https:\/\/www.blackfridaydeals.ch\/fr\/wp-json\/wp\/v2\/dealstore"}],"about":[{"href":"https:\/\/www.blackfridaydeals.ch\/fr\/wp-json\/wp\/v2\/taxonomies\/dealstore"}],"wp:post_type":[{"href":"https:\/\/www.blackfridaydeals.ch\/fr\/wp-json\/wp\/v2\/posts?dealstore=10397"}],"curies":[{"name":"wp","href":"https:\/\/api.w.org\/{rel}","templated":true}]}}