{"id":94430,"date":"2024-11-26T07:37:09","date_gmt":"2024-11-26T06:37:09","guid":{"rendered":"https:\/\/www.blackfridaydeals.ch\/?post_type=blog&#038;p=94430"},"modified":"2024-11-25T17:34:00","modified_gmt":"2024-11-25T16:34:00","slug":"le-black-friday-decoit","status":"publish","type":"blog","link":"https:\/\/www.blackfridaydeals.ch\/fr\/news\/le-black-friday-decoit\/","title":{"rendered":"Le Black Friday d\u00e9\u00e7oit: Seuls 7 % des consommateurs suisses se disent enti\u00e8rement satisfaits des offres"},"content":{"rendered":"<p><strong>Ce vendredi, c&#8217;est le Black Friday. Une enqu\u00eate repr\u00e9sentative r\u00e9v\u00e8le qu&#8217;une majorit\u00e9 accorde de l&#8217;importance \u00e0 la durabilit\u00e9 des produits en plus du prix, m\u00eame lors du Black Friday. L&#8217;enqu\u00eate a d\u00e9voil\u00e9 \u00e9galement que seul un petit nombre de personnes se montrent v\u00e9ritablement satisfaites des offres propos\u00e9es lors du Black Friday. Cela se refl\u00e8te aussi dans les pr\u00e9visions de ventes.<\/strong><\/p>\n<p>Malters, le 26.11.2024 \u2013 La semaine du Black Friday est d\u00e9j\u00e0 lanc\u00e9e. Une enqu\u00eate r\u00e9alis\u00e9e par DemoSCOPE pour le compte de blackfridaydeals.ch montre que de nombreux Suisses et Suissesses ont l&#8217;impression que les offres du Black Friday sont de plus en plus trompeuses et ne semblent bonnes qu&#8217;\u00e0 premi\u00e8re vue.<\/p>\n<h2>Les offres du Black Friday r\u00e9pondent \u00e0 peine aux attentes des consommateurs<\/h2>\n<p>Les offres du Black Friday suscitent diff\u00e9rentes r\u00e9actions nuanc\u00e9es chez les Suisses. Une enqu\u00eate repr\u00e9sentative command\u00e9e par blackfridaydeals.ch et \u00e0 laquelle ont particip\u00e9 plus de 1 000 personnes, montre que seuls 7 % des personnes interrog\u00e9es se d\u00e9clarent totalement satisfaits des offres propos\u00e9es. Un tiers reconna\u00eet la pr\u00e9sence en partie d\u2019offres attrayantes, tandis qu\u2019un autre tiers estime qu\u2019il n\u2019y a tout simplement aucune bonne affaire qui m\u00e9rite qu\u2019on s\u2019y int\u00e9resse durant le Black Friday. Le reste se montre un tantinet nostalgique : auparavant, il y avait eu de tr\u00e8s bonnes affaires lors du Black Friday, lesquelles ne se retrouvent plus aujourd&#8217;hui. Mais les offres sont-elles r\u00e9ellement devenues moins int\u00e9ressantes ?<\/p>\n<p>\u00abOn ne peut pas vraiment affirmer de mani\u00e8re g\u00e9n\u00e9rale et cat\u00e9gorique que les offres du Black Friday sont devenues moins bonnes. N\u00e9anmoins, il y avait eu auparavant des actions assez audacieuses, et inconsid\u00e9r\u00e9es o\u00f9 les commer\u00e7ants subissaient des pertes et les acceptaient. Ce sont pr\u00e9cis\u00e9ment ces actions jug\u00e9es in\u00e9gal\u00e9es qui restent grav\u00e9es dans la m\u00e9moire des gens\u00bb, explique Julian Zrotz, expert du commerce de d\u00e9tail chez blackfridaydeals.ch.<\/p>\n<p>Par le pass\u00e9, les commer\u00e7ants proposaient parfois des offres exceptionnelles lors du Black Friday, comme des pleins d&#8217;essence \u00e0 moiti\u00e9 prix. Chez Digitec, les clients pouvaient encore en 2017 acqu\u00e9rir des smartphones avec 50 % de r\u00e9duction s&#8217;ils souscrivaient un abonnement mobile qu&#8217;ils pouvaient toutefois r\u00e9silier imm\u00e9diatement. Ainsi, il \u00e9tait possible d&#8217;obtenir le dernier iPhone \u00e0 moiti\u00e9 prix lors du Black Friday. De telles actions d\u00e9ficitaires sont d\u00e9sormais \u00e9cart\u00e9es par les commer\u00e7ants, si bien que les offres embl\u00e9matiques et saillantes qui restent longtemps impr\u00e9gn\u00e9es dans la m\u00e9moire des clients, sont devenues rarissimes. Mais malgr\u00e9 tout, les commer\u00e7ants ne peuvent se permettre d\u2019abandonner totalement les offres du Black Friday, vu qu\u2019une partie de la client\u00e8le attend sp\u00e9cifiquement ces bonnes affaires.<\/p>\n<p>Cette ann\u00e9e, certains fournisseurs comme melectronics ou Weltbild se sont retir\u00e9s, ce qui r\u00e9duit la pression concurrentielle et pourrait conduire \u00e0 des offres moins attrayantes pour le Black Friday. En d\u00e9pit de cela, les commer\u00e7ants n\u2019abandonnent pas la partie et continuent d&#8217;\u0153uvrer avec pugnacit\u00e9 afin de s\u00e9duire la client\u00e8le en leur pr\u00e9sentant des bons plans aussi attrayants que possible. Ils misent souvent sur ce qu&#8217;on appelle des offres d&#8217;appel, qui sont \u00e0 vrai dire limit\u00e9es en quantit\u00e9s. Cela peut rapidement conduire \u00e0 de la frustration lorsque les articles tellement convoit\u00e9s se trouvent d\u00e9j\u00e0 \u00e9puis\u00e9s.<\/p>\n<p>La diminution de la pression concurrentielle contribue \u00e0 l&#8217;anticipation d&#8217;une baisse du chiffre d&#8217;affaires du Black Friday. D\u2019ailleurs, nous pr\u00e9voyons une diminution de 20 millions, portant le total des ventes dans le secteur du commerce de d\u00e9tail non alimentaire en Suisse \u00e0 470 millions de CHF. <a href=\"https:\/\/www.blackfridaydeals.ch\/fr\/news\/chiffres-actuels-sur-les-journees-de-shopping-2024\/\">Alors que le commerce stationnaire devrait enregistrer des pertes, le commerce en ligne pourrait l\u00e9g\u00e8rement monter en puissance.<\/a><\/p>\n<h2>La durabilit\u00e9, une pr\u00e9occupation croissante m\u00eame lors du Black Friday<\/h2>\n<p>Le Black Friday est constamment sur la sellette car il favorise, dit-on, la surconsommation et augmente la charge de travail pour les employ\u00e9s du commerce de d\u00e9tail et les secteurs associ\u00e9s. Pourtant, il appara\u00eet que la durabilit\u00e9 joue un r\u00f4le primordial pour de nombreux Suisses m\u00eame ce jour-l\u00e0. Selon notre enqu\u00eate actuelle, il s\u2019av\u00e8re que 28 % des personnes interrog\u00e9es vouent une grande importance \u00e0 la durabilit\u00e9 lors de leurs achats au Black Friday. Un autre tiers prend en compte les aspects de durabilit\u00e9 tout en essayant de ne pas manquer les offres attractives, et donc, d\u2019en tirer profit. Pour 11 %, la durabilit\u00e9 joue au moins un r\u00f4le secondaire.<\/p>\n<p>Les commer\u00e7ants ont pris conscience que pour les clients la consommation responsable gagne en importance. Certains fournisseurs utilisent donc d\u00e9lib\u00e9r\u00e9ment le Black Friday pour promouvoir des actions durables. Et c\u2019est dans ce contexte qu\u2019IKEA par exemple, organise une action sous le nom de &#8220;Buyback Weeks&#8221;, o\u00f9 les clients, en revendant leurs vieux meubles Ikea, re\u00e7oivent le double de leur valeur habituelle. La marque de mode Freitag adopte une approche diff\u00e9rente, et cela consiste \u00e0 d\u00e9sactiver compl\u00e8tement sa boutique en ligne lors du Black Friday.<\/p>\n<p>Ceux qui souhaitent faire des achats responsables lors du Black Friday et avoir la conscience tranquille peuvent \u00e9galement se tourner vers les mod\u00e8les des ann\u00e9es pr\u00e9c\u00e9dentes. Les commer\u00e7ants utilisent souvent la journ\u00e9e promotionnelle pour \u00e9couler leurs stocks et faire de la place \u00e0 de nouveaux articles. Ces produits sont souvent propos\u00e9s \u00e0 des prix fortement r\u00e9duits \u2013 une opportunit\u00e9 donc pour les chasseurs de bonnes affaires soucieux de la durabilit\u00e9, avant que les marchandises ne soient \u00e9limin\u00e9es autrement.<\/p>\n<h2><strong>Contact pour les m\u00e9dias\u00a0:<\/strong><\/h2>\n<p>blackfridaydeals.ch<br \/>\nJulian Zrotz<br \/>\nE-mail\u00a0: julian@blackfridaydeals.ch<br \/>\nT\u00e9l.\u00a0: 076\u00a0378 13 37<\/p>\n<p>N&#8217;h\u00e9sitez pas \u00e0 nous contacter pour toute question ou demande d&#8217;interview. D&#8217;autres <a href=\"https:\/\/www.blackfridaydeals.ch\/fr\/chiffres-black-friday-suisse\/\">informations int\u00e9ressantes sur les journ\u00e9es de shopping sont disponibles ici<\/a>.<\/p>\n<h2 id=\"Graphiques\" style=\"padding-top: 100px; margin-top: -100px;\">Graphiques sur l&#8217;enqu\u00eate repr\u00e9sentative<\/h2>\n<p>&nbsp;<\/p>\n<p><a href=\"https:\/\/www.blackfridaydeals.ch\/wp-content\/uploads\/2024\/11\/sondage-BF-tromper-scaled.jpg\"><img decoding=\"async\" class=\"aligncenter wp-image-94432 size-large\" src=\"https:\/\/www.blackfridaydeals.ch\/wp-content\/uploads\/2024\/11\/sondage-BF-tromper-1024x611.jpg\" alt=\"\" width=\"840\" height=\"501\" srcset=\"https:\/\/www.blackfridaydeals.ch\/wp-content\/uploads\/2024\/11\/sondage-BF-tromper-1024x611.jpg 1024w, https:\/\/www.blackfridaydeals.ch\/wp-content\/uploads\/2024\/11\/sondage-BF-tromper-300x179.jpg 300w, https:\/\/www.blackfridaydeals.ch\/wp-content\/uploads\/2024\/11\/sondage-BF-tromper-768x458.jpg 768w, https:\/\/www.blackfridaydeals.ch\/wp-content\/uploads\/2024\/11\/sondage-BF-tromper-1536x916.jpg 1536w, https:\/\/www.blackfridaydeals.ch\/wp-content\/uploads\/2024\/11\/sondage-BF-tromper-2048x1221.jpg 2048w, https:\/\/www.blackfridaydeals.ch\/wp-content\/uploads\/2024\/11\/sondage-BF-tromper-252x150.jpg 252w, https:\/\/www.blackfridaydeals.ch\/wp-content\/uploads\/2024\/11\/sondage-BF-tromper-100x60.jpg 100w, https:\/\/www.blackfridaydeals.ch\/wp-content\/uploads\/2024\/11\/sondage-BF-tromper-587x350.jpg 587w, https:\/\/www.blackfridaydeals.ch\/wp-content\/uploads\/2024\/11\/sondage-BF-tromper-788x469.jpg 788w\" sizes=\"(max-width: 840px) 100vw, 840px\" \/><\/a><\/p>\n<p>&nbsp;<\/p>\n<p><a href=\"https:\/\/www.blackfridaydeals.ch\/wp-content\/uploads\/2024\/11\/sondage-BF-ethiques-scaled.jpg\"><img decoding=\"async\" class=\"aligncenter wp-image-94435 size-large\" src=\"https:\/\/www.blackfridaydeals.ch\/wp-content\/uploads\/2024\/11\/sondage-BF-ethiques-1024x602.jpg\" alt=\"\" width=\"840\" height=\"494\" srcset=\"https:\/\/www.blackfridaydeals.ch\/wp-content\/uploads\/2024\/11\/sondage-BF-ethiques-1024x602.jpg 1024w, https:\/\/www.blackfridaydeals.ch\/wp-content\/uploads\/2024\/11\/sondage-BF-ethiques-300x176.jpg 300w, https:\/\/www.blackfridaydeals.ch\/wp-content\/uploads\/2024\/11\/sondage-BF-ethiques-767x451.jpg 767w, https:\/\/www.blackfridaydeals.ch\/wp-content\/uploads\/2024\/11\/sondage-BF-ethiques-1536x903.jpg 1536w, https:\/\/www.blackfridaydeals.ch\/wp-content\/uploads\/2024\/11\/sondage-BF-ethiques-2048x1203.jpg 2048w, https:\/\/www.blackfridaydeals.ch\/wp-content\/uploads\/2024\/11\/sondage-BF-ethiques-255x150.jpg 255w, https:\/\/www.blackfridaydeals.ch\/wp-content\/uploads\/2024\/11\/sondage-BF-ethiques-100x59.jpg 100w, https:\/\/www.blackfridaydeals.ch\/wp-content\/uploads\/2024\/11\/sondage-BF-ethiques-596x350.jpg 596w, https:\/\/www.blackfridaydeals.ch\/wp-content\/uploads\/2024\/11\/sondage-BF-ethiques-788x463.jpg 788w\" sizes=\"(max-width: 840px) 100vw, 840px\" \/><\/a><\/p>\n<p>&nbsp;<\/p>\n<p>&nbsp;<\/p>\n<h2 id=\"GraphiquesBF\" style=\"padding-top: 100px; margin-top: -100px;\">Graphiques sur le Black Friday<\/h2>\n<p>&nbsp;<\/p>\n<p><a href=\"https:\/\/www.blackfridaydeals.ch\/wp-content\/uploads\/2024\/11\/chiffre-daffaires-Black-Friday-2024.jpg\"><img decoding=\"async\" class=\"aligncenter wp-image-87693 size-large\" src=\"https:\/\/www.blackfridaydeals.ch\/wp-content\/uploads\/2024\/11\/chiffre-daffaires-Black-Friday-2024-1024x656.jpg\" alt=\"\" width=\"840\" height=\"538\" srcset=\"https:\/\/www.blackfridaydeals.ch\/wp-content\/uploads\/2024\/11\/chiffre-daffaires-Black-Friday-2024-1024x656.jpg 1024w, https:\/\/www.blackfridaydeals.ch\/wp-content\/uploads\/2024\/11\/chiffre-daffaires-Black-Friday-2024-300x192.jpg 300w, https:\/\/www.blackfridaydeals.ch\/wp-content\/uploads\/2024\/11\/chiffre-daffaires-Black-Friday-2024-767x491.jpg 767w, https:\/\/www.blackfridaydeals.ch\/wp-content\/uploads\/2024\/11\/chiffre-daffaires-Black-Friday-2024-1536x984.jpg 1536w, https:\/\/www.blackfridaydeals.ch\/wp-content\/uploads\/2024\/11\/chiffre-daffaires-Black-Friday-2024-2048x1312.jpg 2048w, https:\/\/www.blackfridaydeals.ch\/wp-content\/uploads\/2024\/11\/chiffre-daffaires-Black-Friday-2024-234x150.jpg 234w, https:\/\/www.blackfridaydeals.ch\/wp-content\/uploads\/2024\/11\/chiffre-daffaires-Black-Friday-2024-100x64.jpg 100w, https:\/\/www.blackfridaydeals.ch\/wp-content\/uploads\/2024\/11\/chiffre-daffaires-Black-Friday-2024-546x350.jpg 546w, https:\/\/www.blackfridaydeals.ch\/wp-content\/uploads\/2024\/11\/chiffre-daffaires-Black-Friday-2024-788x504.jpg 788w\" sizes=\"(max-width: 840px) 100vw, 840px\" \/><\/a><\/p>\n<p><a href=\"https:\/\/www.blackfridaydeals.ch\/wp-content\/uploads\/2024\/11\/Umsatz-Black-Friday-2024-online-offline-FR-scaled.jpg\"><img decoding=\"async\" class=\"aligncenter wp-image-87684 size-large\" src=\"https:\/\/www.blackfridaydeals.ch\/wp-content\/uploads\/2024\/11\/Umsatz-Black-Friday-2024-online-offline-FR-1024x712.jpg\" alt=\"\" width=\"840\" height=\"584\" srcset=\"https:\/\/www.blackfridaydeals.ch\/wp-content\/uploads\/2024\/11\/Umsatz-Black-Friday-2024-online-offline-FR-1024x712.jpg 1024w, https:\/\/www.blackfridaydeals.ch\/wp-content\/uploads\/2024\/11\/Umsatz-Black-Friday-2024-online-offline-FR-300x209.jpg 300w, https:\/\/www.blackfridaydeals.ch\/wp-content\/uploads\/2024\/11\/Umsatz-Black-Friday-2024-online-offline-FR-767x533.jpg 767w, https:\/\/www.blackfridaydeals.ch\/wp-content\/uploads\/2024\/11\/Umsatz-Black-Friday-2024-online-offline-FR-1536x1068.jpg 1536w, https:\/\/www.blackfridaydeals.ch\/wp-content\/uploads\/2024\/11\/Umsatz-Black-Friday-2024-online-offline-FR-2048x1424.jpg 2048w, https:\/\/www.blackfridaydeals.ch\/wp-content\/uploads\/2024\/11\/Umsatz-Black-Friday-2024-online-offline-FR-216x150.jpg 216w, https:\/\/www.blackfridaydeals.ch\/wp-content\/uploads\/2024\/11\/Umsatz-Black-Friday-2024-online-offline-FR-100x70.jpg 100w, https:\/\/www.blackfridaydeals.ch\/wp-content\/uploads\/2024\/11\/Umsatz-Black-Friday-2024-online-offline-FR-504x350.jpg 504w, https:\/\/www.blackfridaydeals.ch\/wp-content\/uploads\/2024\/11\/Umsatz-Black-Friday-2024-online-offline-FR-788x547.jpg 788w\" sizes=\"(max-width: 840px) 100vw, 840px\" \/><\/a><\/p>\n<p><a href=\"https:\/\/www.blackfridaydeals.ch\/wp-content\/uploads\/2023\/11\/panier-dachat-moyen-black-friday-2023-1.jpg\"><img decoding=\"async\" class=\"aligncenter wp-image-73793 size-large\" src=\"https:\/\/www.blackfridaydeals.ch\/wp-content\/uploads\/2023\/11\/panier-dachat-moyen-black-friday-2023-1-1024x726.jpg\" alt=\"\" width=\"840\" height=\"596\" srcset=\"https:\/\/www.blackfridaydeals.ch\/wp-content\/uploads\/2023\/11\/panier-dachat-moyen-black-friday-2023-1-1024x726.jpg 1024w, https:\/\/www.blackfridaydeals.ch\/wp-content\/uploads\/2023\/11\/panier-dachat-moyen-black-friday-2023-1-300x213.jpg 300w, https:\/\/www.blackfridaydeals.ch\/wp-content\/uploads\/2023\/11\/panier-dachat-moyen-black-friday-2023-1-767x544.jpg 767w, https:\/\/www.blackfridaydeals.ch\/wp-content\/uploads\/2023\/11\/panier-dachat-moyen-black-friday-2023-1-1536x1089.jpg 1536w, https:\/\/www.blackfridaydeals.ch\/wp-content\/uploads\/2023\/11\/panier-dachat-moyen-black-friday-2023-1-2048x1452.jpg 2048w, https:\/\/www.blackfridaydeals.ch\/wp-content\/uploads\/2023\/11\/panier-dachat-moyen-black-friday-2023-1-212x150.jpg 212w, https:\/\/www.blackfridaydeals.ch\/wp-content\/uploads\/2023\/11\/panier-dachat-moyen-black-friday-2023-1-100x71.jpg 100w, https:\/\/www.blackfridaydeals.ch\/wp-content\/uploads\/2023\/11\/panier-dachat-moyen-black-friday-2023-1-494x350.jpg 494w, https:\/\/www.blackfridaydeals.ch\/wp-content\/uploads\/2023\/11\/panier-dachat-moyen-black-friday-2023-1-788x558.jpg 788w\" sizes=\"(max-width: 840px) 100vw, 840px\" \/><\/a><\/p>\n<p>&nbsp;<\/p>\n<p><a href=\"https:\/\/www.blackfridaydeals.ch\/wp-content\/uploads\/2023\/11\/Taux-de-conversion-Black-Friday-2023-1-scaled.jpg\"><img decoding=\"async\" class=\"aligncenter wp-image-73802 size-large\" src=\"https:\/\/www.blackfridaydeals.ch\/wp-content\/uploads\/2023\/11\/Taux-de-conversion-Black-Friday-2023-1-1024x628.jpg\" alt=\"\" width=\"840\" height=\"515\" srcset=\"https:\/\/www.blackfridaydeals.ch\/wp-content\/uploads\/2023\/11\/Taux-de-conversion-Black-Friday-2023-1-1024x628.jpg 1024w, https:\/\/www.blackfridaydeals.ch\/wp-content\/uploads\/2023\/11\/Taux-de-conversion-Black-Friday-2023-1-300x184.jpg 300w, https:\/\/www.blackfridaydeals.ch\/wp-content\/uploads\/2023\/11\/Taux-de-conversion-Black-Friday-2023-1-768x471.jpg 768w, https:\/\/www.blackfridaydeals.ch\/wp-content\/uploads\/2023\/11\/Taux-de-conversion-Black-Friday-2023-1-1536x943.jpg 1536w, https:\/\/www.blackfridaydeals.ch\/wp-content\/uploads\/2023\/11\/Taux-de-conversion-Black-Friday-2023-1-2048x1257.jpg 2048w, https:\/\/www.blackfridaydeals.ch\/wp-content\/uploads\/2023\/11\/Taux-de-conversion-Black-Friday-2023-1-244x150.jpg 244w, https:\/\/www.blackfridaydeals.ch\/wp-content\/uploads\/2023\/11\/Taux-de-conversion-Black-Friday-2023-1-100x61.jpg 100w, https:\/\/www.blackfridaydeals.ch\/wp-content\/uploads\/2023\/11\/Taux-de-conversion-Black-Friday-2023-1-570x350.jpg 570w, https:\/\/www.blackfridaydeals.ch\/wp-content\/uploads\/2023\/11\/Taux-de-conversion-Black-Friday-2023-1-788x483.jpg 788w\" sizes=\"(max-width: 840px) 100vw, 840px\" \/><\/a><\/p>\n<p>&nbsp;<\/p>\n<p>&nbsp;<\/p>\n<h2 id=\"donnees_brutes\" style=\"padding-top: 100px; margin-top: -100px;\">Donn\u00e9es brutes de l&#8217;enqu\u00eate<\/h2>\n<p>&nbsp;<\/p>\n<p><a href=\"https:\/\/www.blackfridaydeals.ch\/wp-content\/uploads\/2024\/11\/Umfrageresultat_irrefuehrender_Black_Friday-scaled.jpg\"><img decoding=\"async\" class=\"aligncenter wp-image-94396 size-large\" src=\"https:\/\/www.blackfridaydeals.ch\/wp-content\/uploads\/2024\/11\/Umfrageresultat_irrefuehrender_Black_Friday-1024x825.jpg\" alt=\"\" width=\"840\" height=\"677\" srcset=\"https:\/\/www.blackfridaydeals.ch\/wp-content\/uploads\/2024\/11\/Umfrageresultat_irrefuehrender_Black_Friday-1024x825.jpg 1024w, https:\/\/www.blackfridaydeals.ch\/wp-content\/uploads\/2024\/11\/Umfrageresultat_irrefuehrender_Black_Friday-300x242.jpg 300w, https:\/\/www.blackfridaydeals.ch\/wp-content\/uploads\/2024\/11\/Umfrageresultat_irrefuehrender_Black_Friday-767x618.jpg 767w, https:\/\/www.blackfridaydeals.ch\/wp-content\/uploads\/2024\/11\/Umfrageresultat_irrefuehrender_Black_Friday-1536x1237.jpg 1536w, https:\/\/www.blackfridaydeals.ch\/wp-content\/uploads\/2024\/11\/Umfrageresultat_irrefuehrender_Black_Friday-2048x1650.jpg 2048w, https:\/\/www.blackfridaydeals.ch\/wp-content\/uploads\/2024\/11\/Umfrageresultat_irrefuehrender_Black_Friday-186x150.jpg 186w, https:\/\/www.blackfridaydeals.ch\/wp-content\/uploads\/2024\/11\/Umfrageresultat_irrefuehrender_Black_Friday-100x81.jpg 100w, https:\/\/www.blackfridaydeals.ch\/wp-content\/uploads\/2024\/11\/Umfrageresultat_irrefuehrender_Black_Friday-435x350.jpg 435w, https:\/\/www.blackfridaydeals.ch\/wp-content\/uploads\/2024\/11\/Umfrageresultat_irrefuehrender_Black_Friday-788x634.jpg 788w\" sizes=\"(max-width: 840px) 100vw, 840px\" \/><\/a><\/p>\n<p>&nbsp;<\/p>\n<p><a href=\"https:\/\/www.blackfridaydeals.ch\/wp-content\/uploads\/2024\/11\/Umfrageresultat_Nachhaltigkeit-scaled.jpg\"><img decoding=\"async\" class=\"aligncenter wp-image-94399 size-large\" src=\"https:\/\/www.blackfridaydeals.ch\/wp-content\/uploads\/2024\/11\/Umfrageresultat_Nachhaltigkeit-1024x815.jpg\" alt=\"\" width=\"840\" height=\"669\" srcset=\"https:\/\/www.blackfridaydeals.ch\/wp-content\/uploads\/2024\/11\/Umfrageresultat_Nachhaltigkeit-1024x815.jpg 1024w, https:\/\/www.blackfridaydeals.ch\/wp-content\/uploads\/2024\/11\/Umfrageresultat_Nachhaltigkeit-300x239.jpg 300w, https:\/\/www.blackfridaydeals.ch\/wp-content\/uploads\/2024\/11\/Umfrageresultat_Nachhaltigkeit-767x611.jpg 767w, https:\/\/www.blackfridaydeals.ch\/wp-content\/uploads\/2024\/11\/Umfrageresultat_Nachhaltigkeit-1536x1223.jpg 1536w, https:\/\/www.blackfridaydeals.ch\/wp-content\/uploads\/2024\/11\/Umfrageresultat_Nachhaltigkeit-2048x1631.jpg 2048w, https:\/\/www.blackfridaydeals.ch\/wp-content\/uploads\/2024\/11\/Umfrageresultat_Nachhaltigkeit-188x150.jpg 188w, https:\/\/www.blackfridaydeals.ch\/wp-content\/uploads\/2024\/11\/Umfrageresultat_Nachhaltigkeit-100x80.jpg 100w, https:\/\/www.blackfridaydeals.ch\/wp-content\/uploads\/2024\/11\/Umfrageresultat_Nachhaltigkeit-440x350.jpg 440w, https:\/\/www.blackfridaydeals.ch\/wp-content\/uploads\/2024\/11\/Umfrageresultat_Nachhaltigkeit-788x627.jpg 788w\" sizes=\"(max-width: 840px) 100vw, 840px\" \/><\/a><\/p>\n<p>&nbsp;<\/p>\n<p>&nbsp;<\/p>\n<h2><strong>\u00c0 propos de blackfridaydeals.ch<\/strong><\/h2>\n<p>Depuis six ans, blackfridaydeals.ch s\u2019est d\u00e9men\u00e9 pour pr\u00e9senter un aper\u00e7u exhaustif des remises propos\u00e9es lors du Black Friday et d&#8217;autres \u00e9v\u00e9nements de shopping. Toutes les offres suisses lanc\u00e9es au Black Friday, au Singles Day et au Cyber Monday sont accessibles facilement et de fa\u00e7on m\u00e9thodique sur une plate-forme centrale et peuvent \u00eatre \u00e9valu\u00e9es et comment\u00e9es par les utilisateurs. Vous aurez ainsi \u00e0 port\u00e9e de main et en temps r\u00e9el sur notre plateforme qui, pour rappel, a \u00e9t\u00e9 visit\u00e9e l&#8217;ann\u00e9e derni\u00e8re par plus d&#8217;un million de Suisses et de Suissesses, l&#8217;aper\u00e7u le plus complet des bonnes affaires durant le mois de shopping le plus important de Suisse.<\/p>\n","protected":false},"excerpt":{"rendered":"<p>Ce vendredi, c&#8217;est le Black Friday. Une enqu\u00eate repr\u00e9sentative r\u00e9v\u00e8le qu&#8217;une majorit\u00e9 accorde de l&#8217;importance \u00e0 la durabilit\u00e9 des produits en plus du prix, m\u00eame lors du Black Friday. L&#8217;enqu\u00eate a d\u00e9voil\u00e9 \u00e9galement que seul un petit nombre de personnes se montrent v\u00e9ritablement satisfaites des offres propos\u00e9es lors du Black Friday. Cela se refl\u00e8te aussi [&hellip;]<\/p>\n","protected":false},"author":40,"featured_media":94390,"comment_status":"open","ping_status":"closed","template":"","meta":[],"blog_tag":[],"blog_category":[16570],"yoast_head":"<!-- This site is optimized with the Yoast SEO plugin v20.5 - https:\/\/yoast.com\/wordpress\/plugins\/seo\/ -->\n<title>Le Black Friday d\u00e9\u00e7oit: Seuls 7 % des consommateurs suisses se disent enti\u00e8rement satisfaits des offres - blackfridaydeals.ch<\/title>\n<meta name=\"robots\" content=\"index, follow, max-snippet:-1, max-image-preview:large, max-video-preview:-1\" \/>\n<link rel=\"canonical\" href=\"https:\/\/www.blackfridaydeals.ch\/fr\/news\/le-black-friday-decoit\/\" \/>\n<meta property=\"og:locale\" content=\"fr_FR\" \/>\n<meta property=\"og:type\" content=\"article\" \/>\n<meta property=\"og:title\" content=\"Le Black Friday d\u00e9\u00e7oit: Seuls 7 % des consommateurs suisses se disent enti\u00e8rement satisfaits des offres - blackfridaydeals.ch\" \/>\n<meta property=\"og:url\" content=\"https:\/\/www.blackfridaydeals.ch\/fr\/news\/le-black-friday-decoit\/\" \/>\n<meta property=\"og:site_name\" content=\"blackfridaydeals.ch\" \/>\n<meta property=\"article:publisher\" content=\"https:\/\/www.facebook.com\/blackfridaydealsch\/\" \/>\n<meta property=\"article:modified_time\" content=\"2024-11-25T16:34:00+00:00\" \/>\n<meta property=\"og:image\" content=\"https:\/\/www.blackfridaydeals.ch\/wp-content\/uploads\/2024\/11\/Umfrage_schlechte_Black_Friday_Angebote-scaled.jpg\" \/>\n\t<meta property=\"og:image:width\" content=\"2560\" \/>\n\t<meta property=\"og:image:height\" content=\"1527\" \/>\n\t<meta property=\"og:image:type\" content=\"image\/jpeg\" \/>\n<meta name=\"twitter:card\" content=\"summary_large_image\" \/>\n<meta name=\"twitter:site\" content=\"@blackfridaych\" \/>\n<meta name=\"twitter:label1\" content=\"Est. reading time\" \/>\n\t<meta name=\"twitter:data1\" content=\"7 minutes\" \/>\n<script type=\"application\/ld+json\" class=\"yoast-schema-graph\">{\"@context\":\"https:\/\/schema.org\",\"@graph\":[{\"@type\":\"WebPage\",\"@id\":\"https:\/\/www.blackfridaydeals.ch\/fr\/news\/le-black-friday-decoit\/\",\"url\":\"https:\/\/www.blackfridaydeals.ch\/fr\/news\/le-black-friday-decoit\/\",\"name\":\"Le Black Friday d\u00e9\u00e7oit: Seuls 7 % des consommateurs suisses se disent enti\u00e8rement satisfaits des offres - blackfridaydeals.ch\",\"isPartOf\":{\"@id\":\"https:\/\/www.blackfridaydeals.ch\/fr\/#website\"},\"datePublished\":\"2024-11-26T06:37:09+00:00\",\"dateModified\":\"2024-11-25T16:34:00+00:00\",\"breadcrumb\":{\"@id\":\"https:\/\/www.blackfridaydeals.ch\/fr\/news\/le-black-friday-decoit\/#breadcrumb\"},\"inLanguage\":\"fr-CH\",\"potentialAction\":[{\"@type\":\"ReadAction\",\"target\":[\"https:\/\/www.blackfridaydeals.ch\/fr\/news\/le-black-friday-decoit\/\"]}]},{\"@type\":\"BreadcrumbList\",\"@id\":\"https:\/\/www.blackfridaydeals.ch\/fr\/news\/le-black-friday-decoit\/#breadcrumb\",\"itemListElement\":[{\"@type\":\"ListItem\",\"position\":1,\"name\":\"Startseite\",\"item\":\"https:\/\/www.blackfridaydeals.ch\/fr\/\"},{\"@type\":\"ListItem\",\"position\":2,\"name\":\"Blog\",\"item\":\"https:\/\/www.blackfridaydeals.ch\/fr\/news\/\"},{\"@type\":\"ListItem\",\"position\":3,\"name\":\"Le Black Friday d\u00e9\u00e7oit: Seuls 7 % des consommateurs suisses se disent enti\u00e8rement satisfaits des offres\"}]},{\"@type\":\"WebSite\",\"@id\":\"https:\/\/www.blackfridaydeals.ch\/fr\/#website\",\"url\":\"https:\/\/www.blackfridaydeals.ch\/fr\/\",\"name\":\"blackfridaydeals.ch\",\"description\":\"Toutes les offres du Black Friday 2025 en Suisse\",\"publisher\":{\"@id\":\"https:\/\/www.blackfridaydeals.ch\/fr\/#organization\"},\"alternateName\":\"Black Friday Deals\",\"potentialAction\":[{\"@type\":\"SearchAction\",\"target\":{\"@type\":\"EntryPoint\",\"urlTemplate\":\"https:\/\/www.blackfridaydeals.ch\/fr\/?s={search_term_string}\"},\"query-input\":\"required name=search_term_string\"}],\"inLanguage\":\"fr-CH\"},{\"@type\":\"Organization\",\"@id\":\"https:\/\/www.blackfridaydeals.ch\/fr\/#organization\",\"name\":\"blackfridaydeals.ch\",\"alternateName\":\"Black Friday Deals\",\"url\":\"https:\/\/www.blackfridaydeals.ch\/fr\/\",\"logo\":{\"@type\":\"ImageObject\",\"inLanguage\":\"fr-CH\",\"@id\":\"https:\/\/www.blackfridaydeals.ch\/fr\/#\/schema\/logo\/image\/\",\"url\":\"https:\/\/www.blackfridaydeals.ch\/wp-content\/uploads\/2023\/03\/app-icon-white-bg-jpg.jpg\",\"contentUrl\":\"https:\/\/www.blackfridaydeals.ch\/wp-content\/uploads\/2023\/03\/app-icon-white-bg-jpg.jpg\",\"width\":512,\"height\":512,\"caption\":\"blackfridaydeals.ch\"},\"image\":{\"@id\":\"https:\/\/www.blackfridaydeals.ch\/fr\/#\/schema\/logo\/image\/\"},\"sameAs\":[\"https:\/\/www.facebook.com\/blackfridaydealsch\/\",\"https:\/\/twitter.com\/blackfridaych\",\"https:\/\/www.youtube.com\/channel\/UCNKXHacMw8AS34mBgzVx3FQ\",\"https:\/\/www.instagram.com\/blackfridaydeals.ch\/\"]}]}<\/script>\n<!-- \/ Yoast SEO plugin. -->","yoast_head_json":{"title":"Le Black Friday d\u00e9\u00e7oit: Seuls 7 % des consommateurs suisses se disent enti\u00e8rement satisfaits des offres - blackfridaydeals.ch","robots":{"index":"index","follow":"follow","max-snippet":"max-snippet:-1","max-image-preview":"max-image-preview:large","max-video-preview":"max-video-preview:-1"},"canonical":"https:\/\/www.blackfridaydeals.ch\/fr\/news\/le-black-friday-decoit\/","og_locale":"fr_FR","og_type":"article","og_title":"Le Black Friday d\u00e9\u00e7oit: Seuls 7 % des consommateurs suisses se disent enti\u00e8rement satisfaits des offres - blackfridaydeals.ch","og_url":"https:\/\/www.blackfridaydeals.ch\/fr\/news\/le-black-friday-decoit\/","og_site_name":"blackfridaydeals.ch","article_publisher":"https:\/\/www.facebook.com\/blackfridaydealsch\/","article_modified_time":"2024-11-25T16:34:00+00:00","og_image":[{"width":2560,"height":1527,"url":"https:\/\/www.blackfridaydeals.ch\/wp-content\/uploads\/2024\/11\/Umfrage_schlechte_Black_Friday_Angebote-scaled.jpg","type":"image\/jpeg"}],"twitter_card":"summary_large_image","twitter_site":"@blackfridaych","twitter_misc":{"Est. reading time":"7 minutes"},"schema":{"@context":"https:\/\/schema.org","@graph":[{"@type":"WebPage","@id":"https:\/\/www.blackfridaydeals.ch\/fr\/news\/le-black-friday-decoit\/","url":"https:\/\/www.blackfridaydeals.ch\/fr\/news\/le-black-friday-decoit\/","name":"Le Black Friday d\u00e9\u00e7oit: Seuls 7 % des consommateurs suisses se disent enti\u00e8rement satisfaits des offres - blackfridaydeals.ch","isPartOf":{"@id":"https:\/\/www.blackfridaydeals.ch\/fr\/#website"},"datePublished":"2024-11-26T06:37:09+00:00","dateModified":"2024-11-25T16:34:00+00:00","breadcrumb":{"@id":"https:\/\/www.blackfridaydeals.ch\/fr\/news\/le-black-friday-decoit\/#breadcrumb"},"inLanguage":"fr-CH","potentialAction":[{"@type":"ReadAction","target":["https:\/\/www.blackfridaydeals.ch\/fr\/news\/le-black-friday-decoit\/"]}]},{"@type":"BreadcrumbList","@id":"https:\/\/www.blackfridaydeals.ch\/fr\/news\/le-black-friday-decoit\/#breadcrumb","itemListElement":[{"@type":"ListItem","position":1,"name":"Startseite","item":"https:\/\/www.blackfridaydeals.ch\/fr\/"},{"@type":"ListItem","position":2,"name":"Blog","item":"https:\/\/www.blackfridaydeals.ch\/fr\/news\/"},{"@type":"ListItem","position":3,"name":"Le Black Friday d\u00e9\u00e7oit: Seuls 7 % des consommateurs suisses se disent enti\u00e8rement satisfaits des offres"}]},{"@type":"WebSite","@id":"https:\/\/www.blackfridaydeals.ch\/fr\/#website","url":"https:\/\/www.blackfridaydeals.ch\/fr\/","name":"blackfridaydeals.ch","description":"Toutes les offres du Black Friday 2025 en Suisse","publisher":{"@id":"https:\/\/www.blackfridaydeals.ch\/fr\/#organization"},"alternateName":"Black Friday Deals","potentialAction":[{"@type":"SearchAction","target":{"@type":"EntryPoint","urlTemplate":"https:\/\/www.blackfridaydeals.ch\/fr\/?s={search_term_string}"},"query-input":"required name=search_term_string"}],"inLanguage":"fr-CH"},{"@type":"Organization","@id":"https:\/\/www.blackfridaydeals.ch\/fr\/#organization","name":"blackfridaydeals.ch","alternateName":"Black Friday Deals","url":"https:\/\/www.blackfridaydeals.ch\/fr\/","logo":{"@type":"ImageObject","inLanguage":"fr-CH","@id":"https:\/\/www.blackfridaydeals.ch\/fr\/#\/schema\/logo\/image\/","url":"https:\/\/www.blackfridaydeals.ch\/wp-content\/uploads\/2023\/03\/app-icon-white-bg-jpg.jpg","contentUrl":"https:\/\/www.blackfridaydeals.ch\/wp-content\/uploads\/2023\/03\/app-icon-white-bg-jpg.jpg","width":512,"height":512,"caption":"blackfridaydeals.ch"},"image":{"@id":"https:\/\/www.blackfridaydeals.ch\/fr\/#\/schema\/logo\/image\/"},"sameAs":["https:\/\/www.facebook.com\/blackfridaydealsch\/","https:\/\/twitter.com\/blackfridaych","https:\/\/www.youtube.com\/channel\/UCNKXHacMw8AS34mBgzVx3FQ","https:\/\/www.instagram.com\/blackfridaydeals.ch\/"]}]}},"amp_enabled":true,"_links":{"self":[{"href":"https:\/\/www.blackfridaydeals.ch\/fr\/wp-json\/wp\/v2\/blog\/94430"}],"collection":[{"href":"https:\/\/www.blackfridaydeals.ch\/fr\/wp-json\/wp\/v2\/blog"}],"about":[{"href":"https:\/\/www.blackfridaydeals.ch\/fr\/wp-json\/wp\/v2\/types\/blog"}],"author":[{"embeddable":true,"href":"https:\/\/www.blackfridaydeals.ch\/fr\/wp-json\/wp\/v2\/users\/40"}],"replies":[{"embeddable":true,"href":"https:\/\/www.blackfridaydeals.ch\/fr\/wp-json\/wp\/v2\/comments?post=94430"}],"version-history":[{"count":4,"href":"https:\/\/www.blackfridaydeals.ch\/fr\/wp-json\/wp\/v2\/blog\/94430\/revisions"}],"predecessor-version":[{"id":94445,"href":"https:\/\/www.blackfridaydeals.ch\/fr\/wp-json\/wp\/v2\/blog\/94430\/revisions\/94445"}],"wp:featuredmedia":[{"embeddable":true,"href":"https:\/\/www.blackfridaydeals.ch\/fr\/wp-json\/wp\/v2\/media\/94390"}],"wp:attachment":[{"href":"https:\/\/www.blackfridaydeals.ch\/fr\/wp-json\/wp\/v2\/media?parent=94430"}],"wp:term":[{"taxonomy":"blog_tag","embeddable":true,"href":"https:\/\/www.blackfridaydeals.ch\/fr\/wp-json\/wp\/v2\/blog_tag?post=94430"},{"taxonomy":"blog_category","embeddable":true,"href":"https:\/\/www.blackfridaydeals.ch\/fr\/wp-json\/wp\/v2\/blog_category?post=94430"}],"curies":[{"name":"wp","href":"https:\/\/api.w.org\/{rel}","templated":true}]}}